{"id":4897,"date":"2020-07-08T04:26:04","date_gmt":"2020-07-08T04:26:04","guid":{"rendered":"https:\/\/www.affinite.fr\/index.php\/2020\/07\/08\/le-forfait-fibre-haut-debit-a-23-euros-par-mois\/"},"modified":"2020-07-08T04:26:04","modified_gmt":"2020-07-08T04:26:04","slug":"le-forfait-fibre-haut-debit-a-23-euros-par-mois","status":"publish","type":"post","link":"http:\/\/www.affinite.fr\/index.php\/2020\/07\/08\/le-forfait-fibre-haut-debit-a-23-euros-par-mois\/","title":{"rendered":"le forfait fibre haut d\u00e9bit \u00e0 23 euros par mois"},"content":{"rendered":"<p> [ad_1]<br \/>\n<br \/><img decoding=\"async\" src=\"https:\/\/img.bfmtv.com\/i\/0\/0\/f6a\/f109e76e6329316918f7e510b4f46.jpg\" \/><\/p>\n<div itemprop=\"articleBody\">\n<p>Jusqu&rsquo;au 15 juillet, RED by SFR* fait une offre int\u00e9ressante si vous d\u00e9sirez passer \u00e0 la fibre. Le Tr\u00e8s Haut D\u00e9bit est accessible pour <a href=\"https:\/\/www.awin1.com\/cread.php?awinmid=7310&amp;awinaffid=304019&amp;clickref=articletelco&amp;p=https%3A%2F%2Fwww.red-by-sfr.fr%2Foffre-internet%2F\" target=\"_blank\" rel=\"noopener noreferrer\">23 euros par mois<\/a>, avec un mois offert. De plus, vous b\u00e9n\u00e9ficiez gratuitement de deux options :<\/p>\n<p>L&rsquo;option <strong>D\u00e9bit Plus<\/strong> : le d\u00e9bit maximum passe de 300 Mbit\/s \u00e0 1 Gbit\/s en descente, et de\u00a0300 Mbit\/s \u00e0 500 Mbit\/s en mont\u00e9e.<\/p>\n<p>L&rsquo;option <strong>Appels illimit\u00e9s vers les mobiles<\/strong>, en plus des appels illimit\u00e9s vers les fixes (en fixe : France et plus de 100 destinations).<\/p>\n<p>Pour l&rsquo;option TV, comptez entre 2 ou 4 euros par mois, selon le nombre de cha\u00eenes.<\/p>\n<p>L&rsquo;offre est sans engagement et la location de la box est incluse dans le prix \u00e0 payer.<\/p>\n<p><a href=\"https:\/\/www.awin1.com\/cread.php?awinmid=7310&amp;awinaffid=304019&amp;clickref=articletelco&amp;p=https%3A%2F%2Fwww.red-by-sfr.fr%2Foffre-internet%2F\" target=\"_blank\" rel=\"noopener noreferrer\">Retrouvez ici cette offre de RED by SFR.<\/a><\/p>\n<aside class=\"bg-color-0 padding-inside-all-s bloc border-s\">\n<h4 class=\"box-txt-normal\">\n<p><strong>A d\u00e9couvrir aussi en vid\u00e9o :<\/strong><\/p>\n<\/h4>\n<\/aside>\n<p>Les promotions mentionn\u00e9es dans cet article peuvent \u00eatre \u00e9ph\u00e9m\u00e8res et ne plus \u00eatre valables apr\u00e8s la date de parution de l\u2019article.<\/p>\n<p><a href=\"https:\/\/www.01net.com\/bons-plans\/\">Retrouvez tous les bons plans high-tech s\u00e9lectionn\u00e9s par 01net.com sur notre page d\u00e9di\u00e9e.<\/a><\/p>\n<p><em>Cet article est une s\u00e9lection r\u00e9alis\u00e9e par l\u2019\u00e9quipe de 01net.com, en toute ind\u00e9pendance. Il est toutefois possible que ce contenu propose un lien d\u2019affiliation. Si vous cliquez sur ce lien, l\u2019e-commer\u00e7ant peut nous reverser une commission. Pour vous, rien ne change !<\/em><\/p>\n<p><em>* 01net.com est \u00e9dit\u00e9 par une filiale de NextRadioTV, elle-m\u00eame propri\u00e9t\u00e9 de SFR M\u00e9dias.<\/em><\/p><\/div>\n<p><script>\n         !function(f,b,e,v,n,t,s){if(f.fbq)return;n=f.fbq=function()\n         {n.callMethod? n.callMethod.apply(n,arguments):n.queue.push(arguments)}\n         ;if(!f._fbq)f._fbq=n;\n             n.push=n;n.loaded=!0;n.version='2.0';n.queue=[];t=b.createElement(e);t.async=!0;\n             t.src=v;s=b.getElementsByTagName(e)[0];s.parentNode.insertBefore(t,s)}(window,\n                 document,'script','https:\/\/connect.facebook.net\/en_US\/fbevents.js');\n         fbq('init', '1065890633454496');\n         fbq('track', 'PageView');\n     <\/script><br \/>\n<br \/>[ad_2]<br \/>\n<br \/><a href=\"https:\/\/www.01net.com\/actualites\/bon-plan-red-by-sfr-le-forfait-fibre-haut-debit-a-23-euros-par-mois-1944349.html\">Source link <\/a><\/p>\n","protected":false},"excerpt":{"rendered":"<p>[ad_1] Jusqu&rsquo;au 15 juillet, RED by SFR* fait une offre int\u00e9ressante si vous d\u00e9sirez passer \u00e0 la fibre. Le Tr\u00e8s &hellip; <a href=\"http:\/\/www.affinite.fr\/index.php\/2020\/07\/08\/le-forfait-fibre-haut-debit-a-23-euros-par-mois\/\" class=\"more-link\">Plus <span class=\"screen-reader-text\">le forfait fibre haut d\u00e9bit \u00e0 23 euros par mois<\/span> <span class=\"meta-nav\">&rarr;<\/span><\/a><\/p>\n","protected":false},"author":1,"featured_media":4898,"comment_status":"open","ping_status":"open","sticky":false,"template":"","format":"standard","meta":{"_sitemap_exclude":false,"_sitemap_priority":"","_sitemap_frequency":"","footnotes":""},"categories":[1],"tags":[],"class_list":["post-4897","post","type-post","status-publish","format-standard","has-post-thumbnail","hentry","category-tous"],"_links":{"self":[{"href":"http:\/\/www.affinite.fr\/index.php\/wp-json\/wp\/v2\/posts\/4897"}],"collection":[{"href":"http:\/\/www.affinite.fr\/index.php\/wp-json\/wp\/v2\/posts"}],"about":[{"href":"http:\/\/www.affinite.fr\/index.php\/wp-json\/wp\/v2\/types\/post"}],"author":[{"embeddable":true,"href":"http:\/\/www.affinite.fr\/index.php\/wp-json\/wp\/v2\/users\/1"}],"replies":[{"embeddable":true,"href":"http:\/\/www.affinite.fr\/index.php\/wp-json\/wp\/v2\/comments?post=4897"}],"version-history":[{"count":0,"href":"http:\/\/www.affinite.fr\/index.php\/wp-json\/wp\/v2\/posts\/4897\/revisions"}],"wp:featuredmedia":[{"embeddable":true,"href":"http:\/\/www.affinite.fr\/index.php\/wp-json\/wp\/v2\/media\/4898"}],"wp:attachment":[{"href":"http:\/\/www.affinite.fr\/index.php\/wp-json\/wp\/v2\/media?parent=4897"}],"wp:term":[{"taxonomy":"category","embeddable":true,"href":"http:\/\/www.affinite.fr\/index.php\/wp-json\/wp\/v2\/categories?post=4897"},{"taxonomy":"post_tag","embeddable":true,"href":"http:\/\/www.affinite.fr\/index.php\/wp-json\/wp\/v2\/tags?post=4897"}],"curies":[{"name":"wp","href":"https:\/\/api.w.org\/{rel}","templated":true}]}}