{"id":4893,"date":"2020-07-08T02:24:08","date_gmt":"2020-07-08T02:24:08","guid":{"rendered":"https:\/\/www.affinite.fr\/index.php\/2020\/07\/08\/pourquoi-il-ny-a-pas-de-ministere-dedie-au-numerique-dans-le-gouvernement-de-jean-castex\/"},"modified":"2020-07-08T02:24:08","modified_gmt":"2020-07-08T02:24:08","slug":"pourquoi-il-ny-a-pas-de-ministere-dedie-au-numerique-dans-le-gouvernement-de-jean-castex","status":"publish","type":"post","link":"http:\/\/www.affinite.fr\/index.php\/2020\/07\/08\/pourquoi-il-ny-a-pas-de-ministere-dedie-au-numerique-dans-le-gouvernement-de-jean-castex\/","title":{"rendered":"Pourquoi il n&rsquo;y a pas de minist\u00e8re d\u00e9di\u00e9 au num\u00e9rique dans le gouvernement de Jean Castex ?"},"content":{"rendered":"<p> [ad_1]<br \/>\n<br \/><img decoding=\"async\" src=\"https:\/\/img.bfmtv.com\/i\/0\/0\/993\/2a807700a977522be6990349e876e.jpeg\" \/><\/p>\n<div itemprop=\"articleBody\">\n<p>Le remaniement minist\u00e9riel orchestr\u00e9 par Jean Castex, nouvellement nomm\u00e9 Premier ministre, a confort\u00e9 la place de Bruno Le Maire en tant que ministre de l\u2019\u00c9conomie et des Finances. Seule nouveaut\u00e9 : l&rsquo;agr\u00e9gation plut\u00f4t \u00e0 propos\u00a0de \u00ab\u00a0<em>et de la Relance<\/em>\u00a0\u00bb \u00e0 son titre. En revanche, pour l&rsquo;instant, un seul secr\u00e9tariat d\u2019\u00c9tat a \u00e9t\u00e9 nomm\u00e9, Gabriel Attal, qui est d\u00e9l\u00e9gu\u00e9 \u00e0 Matignon. Aucun autre nom de secr\u00e9taire d\u2019\u00c9tat, dont celui du Num\u00e9rique n\u2019a encore \u00e9t\u00e9 communiqu\u00e9. Il devrait \u00eatre nomm\u00e9 d\u2019ici \u00ab\u00a0<em>quelques jours<\/em>\u00a0\u00bb.\u00a0<\/p>\n<h3 style=\"color:#333; font-family:arial,helvetica,sans-serif; font-size:23px; font-weight:700\">C\u00e9dric O \u00ab\u00a0n\u2019est pas hors jeu\u00a0\u00bb<\/h3>\n<p>L\u2019ex-secr\u00e9taire d\u2019\u00c9tat au Num\u00e9rique dans le gouvernement d\u2019Edouard Philippe, C\u00e9dric O reste cependant \u00ab\u00a0<em>optimiste<\/em>\u00a0\u00bb et \u00ab\u00a0<em>dispos\u00e9<\/em> \u00bb. \u00ab\u00a0<em>Il n\u2019est pas hors jeu<\/em>\u00a0\u00bb, nous glisse-t-on dans son entourage. \u00ab\u00a0<em>Apr\u00e8s reste \u00e0 savoir quel sera le p\u00e9rim\u00e8tre d\u2019un \u00e9ventuel nouveau secr\u00e9tariat d\u2019\u00c9tat au Num\u00e9rique avant de savoir qui le sera.<\/em>\u00a0\u00bb Depuis le 31 mars 2019 jusqu\u2019au 3 juillet 2020, C\u00e9dric O \u00e9tait sous la double tutelle de Bruno Le Maire et de Gerald Darmanin, alors ministre de l&rsquo;Action et des Comptes publics. Le rebattage des cartes gouvernementales pourraient ainsi affecter les p\u00e9rim\u00e8tres, les moyens et les leviers d\u2019action. C\u00f4t\u00e9 protocolaire, C\u00e9dric O et son entourage d\u00e9clarent ne pas y \u00eatre attach\u00e9.<\/p>\n<aside class=\"bg-color-0 padding-inside-all-s bloc border-s\">\n<h4 class=\"box-txt-normal\">\n<p><strong>\u00c0 d\u00e9couvrir aussi en vid\u00e9o\u00a0<\/strong><\/p>\n<\/h4>\n<\/aside>\n<h3 style=\"color:#333; font-family:arial,helvetica,sans-serif; font-size:23px; font-weight:700\">\u00ab Un signal inqui\u00e9tant<em>\u00a0<\/em>\u00bb<\/h3>\n<p>N\u00e9anmoins, pour l\u2019heure, ce qui est s\u00fbr c\u2019est que dans le \u00a0gouvernement Castex\u00a0\u00bb, contrairement \u00e0 ce que pouvaient affirmer certains, il n\u2019y a pas de minist\u00e8re sp\u00e9cifiquement d\u00e9di\u00e9 au Num\u00e9rique. France Digitale, une association qui regroupe plus de 1 200 start-up fran\u00e7aises y a tout de suite vu \u00ab\u00a0<em>un signal inqui\u00e9tant\u00a0<\/em>\u00bb. Dans un communiqu\u00e9 intitulit\u00e9 \u00ab<em>\u00a0Num\u00e9rique cherche minist\u00e8re<\/em>\u00a0\u00bb, le directeur g\u00e9n\u00e9ral Nicolas Brien insiste : \u00ab<em>\u00a0Le num\u00e9rique aurait d\u00fb avoir un minist\u00e8re d\u00e9di\u00e9, pour piloter la transformation num\u00e9rique du secteur de la sant\u00e9, de la justice, de l\u2019\u00e9ducation, du travail, des entreprises.<\/em>\u00a0\u00bb D\u2019autant plus, en p\u00e9riode de pand\u00e9mie li\u00e9e \u00e0 la propagation du Covid-19.<\/p>\n<p>\u00ab\u00a0<em>La France vient de vivre le plus grand moment de transformation num\u00e9rique de son histoire\u00a0[et] les usages num\u00e9riques d\u00e9velopp\u00e9s pendant la p\u00e9riode de confinement ont confort\u00e9 la sup\u00e9riorit\u00e9 des solutions extra-europ\u00e9ennes<\/em>\u00a0\u00bb\u2026 Tout cela est pourtant rest\u00e9 sans effet sur la politique int\u00e9rieure, d\u00e9plore l\u2019association cr\u00e9\u00e9e en 2012. Selon son directeur, le num\u00e9rique aurait m\u00e9rit\u00e9 un minist\u00e8re d\u00e9di\u00e9 ou \u00ab\u00a0<em>\u00e0 d\u00e9faut de minist\u00e8re d\u00e9di\u00e9, un secr\u00e9tariat d\u2019\u00c9tat \u00e0 la transformation digitale devrait \u00eatre nomm\u00e9 dans chaque minist\u00e8re r\u00e9galien\u00a0<\/em>\u00bb.\u00a0<\/p>\n<h3 style=\"color:#333; font-family:arial,helvetica,sans-serif; font-size:23px; font-weight:700\">Le num\u00e9rique, \u00ab\u00a0cheville ouvri\u00e8re de la relance \u00bb<\/h3>\n<p>Les chiffres avanc\u00e9s par l\u2019association sont en effet r\u00e9v\u00e9lateurs : le secteur du num\u00e9rique a permis pendant les derniers mois \u00e0 <a href=\"https:\/\/www.01net.com\/actualites\/coronavirus-chronique-d-une-premiere-semaine-mouvementee-d-ecole-a-distance-1878275.html\" target=\"_blank\" rel=\"noopener noreferrer\">2,2 millions d\u2019\u00e9l\u00e8ves de continuer de s\u2019\u00e9duquer<\/a>, \u00e0 <a href=\"https:\/\/www.01net.com\/actualites\/coronavirus-qui-peut-rester-a-la-maison-pour-teletravailler-1874480.html\" target=\"_blank\" rel=\"noopener noreferrer\">7,4 millions de Fran\u00e7ais de t\u00e9l\u00e9-travailler <\/a>et \u00e0 <a href=\"https:\/\/www.01net.com\/actualites\/boom-des-tele-consultations-comment-vos-medecins-s-adaptent-1887946.html\" target=\"_blank\" rel=\"noopener noreferrer\">1,41 millions de patients d\u2019avoir recours \u00e0 la t\u00e9l\u00e9-consultation<\/a>.\u00a0<\/p>\n<p>M\u00eame son de cloche chez Syntec Num\u00e9rique, le syndicat des entreprises de services du num\u00e9rique qui regroupe plus de 2 000 entreprises :\u00a0\u00ab\u00a0<em>cheville ouvri\u00e8re de la relance, le num\u00e9rique doit irriguer l\u2019ensemble des minist\u00e8res et des industries<\/em>\u00a0\u00bb, souligne le communiqu\u00e9. Bien que le syndicat r\u00e9v\u00e8le tout de m\u00eame un ralentissement de la croissance du secteur de 6,7 % sur l\u2019ensemble de l\u2019ann\u00e9e 2020 (contre +4,2 % l\u2019ann\u00e9e pass\u00e9e).\u00a0Malgr\u00e9 cette baisse tendancielle\u00a0et une absence (remarqu\u00e9e) pour l&rsquo;instant, le sujet du num\u00e9rique devrait encore \u00eatre dans les petits papiers gouvernementaux.<\/p>\n<p><strong>Sources<\/strong> : <a href=\"https:\/\/docs.google.com\/document\/d\/1F9TvoZ5oKFDCULzX24BdIfpwlDVqtioiZW3hE9p1pT4\/edit\" target=\"_blank\" rel=\"noopener noreferrer\">France Digitale<\/a> et <a href=\"https:\/\/syntec-numerique.fr\/actu-informatique\/bilan-2019-perspectives-2020-secteur-numerique-nouveau-gouvernement-doit-se\" target=\"_blank\" rel=\"noopener noreferrer\">Syntec Num\u00e9rique<\/a><\/p>\n<\/p><\/div>\n<p><script>\n         !function(f,b,e,v,n,t,s){if(f.fbq)return;n=f.fbq=function()\n         {n.callMethod? n.callMethod.apply(n,arguments):n.queue.push(arguments)}\n         ;if(!f._fbq)f._fbq=n;\n             n.push=n;n.loaded=!0;n.version='2.0';n.queue=[];t=b.createElement(e);t.async=!0;\n             t.src=v;s=b.getElementsByTagName(e)[0];s.parentNode.insertBefore(t,s)}(window,\n                 document,'script','https:\/\/connect.facebook.net\/en_US\/fbevents.js');\n         fbq('init', '1065890633454496');\n         fbq('track', 'PageView');\n     <\/script><br \/>\n<br \/>[ad_2]<br \/>\n<br \/><a href=\"https:\/\/www.01net.com\/actualites\/pourquoi-il-n-y-a-pas-de-ministere-dedie-au-numerique-dans-le-gouvernement-de-jean-castex-1944280.html\">Source link <\/a><\/p>\n","protected":false},"excerpt":{"rendered":"<p>[ad_1] Le remaniement minist\u00e9riel orchestr\u00e9 par Jean Castex, nouvellement nomm\u00e9 Premier ministre, a confort\u00e9 la place de Bruno Le Maire &hellip; <a href=\"http:\/\/www.affinite.fr\/index.php\/2020\/07\/08\/pourquoi-il-ny-a-pas-de-ministere-dedie-au-numerique-dans-le-gouvernement-de-jean-castex\/\" class=\"more-link\">Plus <span class=\"screen-reader-text\">Pourquoi il n&rsquo;y a pas de minist\u00e8re d\u00e9di\u00e9 au num\u00e9rique dans le gouvernement de Jean Castex ?<\/span> <span class=\"meta-nav\">&rarr;<\/span><\/a><\/p>\n","protected":false},"author":1,"featured_media":4894,"comment_status":"open","ping_status":"open","sticky":false,"template":"","format":"standard","meta":{"_sitemap_exclude":false,"_sitemap_priority":"","_sitemap_frequency":"","footnotes":""},"categories":[1],"tags":[],"class_list":["post-4893","post","type-post","status-publish","format-standard","has-post-thumbnail","hentry","category-tous"],"_links":{"self":[{"href":"http:\/\/www.affinite.fr\/index.php\/wp-json\/wp\/v2\/posts\/4893"}],"collection":[{"href":"http:\/\/www.affinite.fr\/index.php\/wp-json\/wp\/v2\/posts"}],"about":[{"href":"http:\/\/www.affinite.fr\/index.php\/wp-json\/wp\/v2\/types\/post"}],"author":[{"embeddable":true,"href":"http:\/\/www.affinite.fr\/index.php\/wp-json\/wp\/v2\/users\/1"}],"replies":[{"embeddable":true,"href":"http:\/\/www.affinite.fr\/index.php\/wp-json\/wp\/v2\/comments?post=4893"}],"version-history":[{"count":0,"href":"http:\/\/www.affinite.fr\/index.php\/wp-json\/wp\/v2\/posts\/4893\/revisions"}],"wp:featuredmedia":[{"embeddable":true,"href":"http:\/\/www.affinite.fr\/index.php\/wp-json\/wp\/v2\/media\/4894"}],"wp:attachment":[{"href":"http:\/\/www.affinite.fr\/index.php\/wp-json\/wp\/v2\/media?parent=4893"}],"wp:term":[{"taxonomy":"category","embeddable":true,"href":"http:\/\/www.affinite.fr\/index.php\/wp-json\/wp\/v2\/categories?post=4893"},{"taxonomy":"post_tag","embeddable":true,"href":"http:\/\/www.affinite.fr\/index.php\/wp-json\/wp\/v2\/tags?post=4893"}],"curies":[{"name":"wp","href":"https:\/\/api.w.org\/{rel}","templated":true}]}}