{"id":486,"date":"2020-03-10T23:42:02","date_gmt":"2020-03-10T23:42:02","guid":{"rendered":"https:\/\/www.affinite.fr\/index.php\/2020\/03\/10\/iphone-9-nouvel-ipad-pro-airtag-ios-14-continue-de-reveler-les-futures-nouveautes-dapple\/"},"modified":"2020-03-10T23:42:02","modified_gmt":"2020-03-10T23:42:02","slug":"iphone-9-nouvel-ipad-pro-airtag-ios-14-continue-de-reveler-les-futures-nouveautes-dapple","status":"publish","type":"post","link":"http:\/\/www.affinite.fr\/index.php\/2020\/03\/10\/iphone-9-nouvel-ipad-pro-airtag-ios-14-continue-de-reveler-les-futures-nouveautes-dapple\/","title":{"rendered":"iPhone 9, nouvel iPad Pro, AirTag : iOS 14 continue de r\u00e9v\u00e9ler les futures nouveaut\u00e9s d&#039;Apple"},"content":{"rendered":"<p> [ad_1]<br \/>\n<br \/>Le prochain iPhone semble se confirmer, l\u2019Apple TV devrait b\u00e9n\u00e9ficier d\u2019une nouvelle t\u00e9l\u00e9commande, tandis qu\u2019un affichage par liste des applications pourrait faire son apparition sur l\u2019iPhone. iOS 14 pourrait \u00eatre riche en nouveaut\u00e9s.  <\/p>\n<p> <img decoding=\"async\" src=\"https:\/\/img.bfmtv.com\/c\/150\/100\/f3e\/4cdce8464edb9eee77060a453c999.jpg\" \/><br \/>\n<br \/>[ad_2]<br \/>\n<br \/><a href=\"https:\/\/www.01net.com\/actualites\/iphone-9-nouvel-ipad-pro-airtag-ios-14-continue-de-reveler-les-futures-nouveautes-d-apple-1872672.html\">Source link <\/a><\/p>\n","protected":false},"excerpt":{"rendered":"<p>[ad_1] Le prochain iPhone semble se confirmer, l\u2019Apple TV devrait b\u00e9n\u00e9ficier d\u2019une nouvelle t\u00e9l\u00e9commande, tandis qu\u2019un affichage par liste des &hellip; <a href=\"http:\/\/www.affinite.fr\/index.php\/2020\/03\/10\/iphone-9-nouvel-ipad-pro-airtag-ios-14-continue-de-reveler-les-futures-nouveautes-dapple\/\" class=\"more-link\">Plus <span class=\"screen-reader-text\">iPhone 9, nouvel iPad Pro, AirTag : iOS 14 continue de r\u00e9v\u00e9ler les futures nouveaut\u00e9s d&#039;Apple<\/span> <span class=\"meta-nav\">&rarr;<\/span><\/a><\/p>\n","protected":false},"author":1,"featured_media":487,"comment_status":"open","ping_status":"open","sticky":false,"template":"","format":"standard","meta":{"_sitemap_exclude":false,"_sitemap_priority":"","_sitemap_frequency":"","footnotes":""},"categories":[1],"tags":[],"class_list":["post-486","post","type-post","status-publish","format-standard","has-post-thumbnail","hentry","category-tous"],"_links":{"self":[{"href":"http:\/\/www.affinite.fr\/index.php\/wp-json\/wp\/v2\/posts\/486"}],"collection":[{"href":"http:\/\/www.affinite.fr\/index.php\/wp-json\/wp\/v2\/posts"}],"about":[{"href":"http:\/\/www.affinite.fr\/index.php\/wp-json\/wp\/v2\/types\/post"}],"author":[{"embeddable":true,"href":"http:\/\/www.affinite.fr\/index.php\/wp-json\/wp\/v2\/users\/1"}],"replies":[{"embeddable":true,"href":"http:\/\/www.affinite.fr\/index.php\/wp-json\/wp\/v2\/comments?post=486"}],"version-history":[{"count":0,"href":"http:\/\/www.affinite.fr\/index.php\/wp-json\/wp\/v2\/posts\/486\/revisions"}],"wp:featuredmedia":[{"embeddable":true,"href":"http:\/\/www.affinite.fr\/index.php\/wp-json\/wp\/v2\/media\/487"}],"wp:attachment":[{"href":"http:\/\/www.affinite.fr\/index.php\/wp-json\/wp\/v2\/media?parent=486"}],"wp:term":[{"taxonomy":"category","embeddable":true,"href":"http:\/\/www.affinite.fr\/index.php\/wp-json\/wp\/v2\/categories?post=486"},{"taxonomy":"post_tag","embeddable":true,"href":"http:\/\/www.affinite.fr\/index.php\/wp-json\/wp\/v2\/tags?post=486"}],"curies":[{"name":"wp","href":"https:\/\/api.w.org\/{rel}","templated":true}]}}