{"id":4854,"date":"2020-07-07T07:53:03","date_gmt":"2020-07-07T07:53:03","guid":{"rendered":"https:\/\/www.affinite.fr\/index.php\/2020\/07\/07\/une-version-amelioree-du-standard-finalisee\/"},"modified":"2020-07-07T07:53:03","modified_gmt":"2020-07-07T07:53:03","slug":"une-version-amelioree-du-standard-finalisee","status":"publish","type":"post","link":"http:\/\/www.affinite.fr\/index.php\/2020\/07\/07\/une-version-amelioree-du-standard-finalisee\/","title":{"rendered":"une version am\u00e9lior\u00e9e du standard finalis\u00e9e"},"content":{"rendered":"<p> [ad_1]<br \/>\n<\/p>\n<div itemprop=\"articleBody\">\n<p>L\u2019organisme de normalisation du 3GPP vient d\u2019adopter la phase (release) 16 de <a href=\"https:\/\/www.01net.com\/actualites\/5g-pourquoi-ce-futur-standard-va-revolutionner-la-telephonie-mobile-1514955.html\" target=\"_blank\" rel=\"noopener noreferrer\">la 5G<\/a>. Pas de tournant majeur comme pour <a href=\"https:\/\/www.01net.com\/actualites\/5g-pourquoi-ce-futur-standard-va-revolutionner-la-telephonie-mobile-1514955.html\" target=\"_blank\" rel=\"noopener noreferrer\">la phase 15<\/a> qui a inaugur\u00e9 le <em>network slicing,<\/em> mais de nombreuses am\u00e9liorations.<\/p>\n<p>Cette second \u00e9tape ouvre la voie \u00e0 la 5G NRU \u00a0(New Radio Unlicensed Band) qui va s\u2019appuyer sur des fr\u00e9quences suppl\u00e9mentaires et libres, de mani\u00e8re \u00e0 renforcer la bande passante.<\/p>\n<aside class=\"bg-color-0 padding-inside-all-s bloc border-s\">\n<h4 class=\"box-txt-normal\">\n<p><strong>A d\u00e9couvrir aussi en vid\u00e9o<\/strong><\/p>\n<\/h4>\n<\/aside>\n<h3 style=\"color:#333;font-family:arial,helvetica,sans-serif;font-size:23px;font-weight:700;\">L&rsquo;int\u00e9gration des voitures communicantes<\/h3>\n<p>De nouvelles fonctionnalit\u00e9s seront \u00e9galement mises en place pour \u00e9conomiser l\u2019\u00e9nergie et g\u00e9rer plus efficacement le mode veille des antennes lorsqu\u2019elles ne sont pas utilis\u00e9es, par exemple. Mais il est aussi question de g\u00e9olocalisation hyper pr\u00e9cise en indoor ou avec les applications IoT gr\u00e2ce au r\u00e9seau cellulaire et de l&rsquo;int\u00e9gration du syst\u00e8me de communication des v\u00e9hicules V2X (vehicule-to-everything).<\/p>\n<figure class=\"figure text-center\"><img decoding=\"async\" class=\"article-img img-responsive-l\" src=\"https:\/\/img.bfmtv.com\/c\/1200\/675\/fad\/3dc448ba1c126f453a76dcffc63a6.jpeg\" alt=\"Le nouveau calendrier de la 5G.\"\/><figcaption class=\"figure-caption figcaption color-txt-0 title-xs hidden-xs\">\n                                    3GPP<br \/>\n                                                    &#8211; Le nouveau calendrier de la 5G.<br \/>\n                            <\/figcaption><\/figure>\n<p>Le 3GPP lance maintenant un nouveau cycle de discussions pour d\u00e9terminer la Release 17 puisque la 5G continuera \u00e0 \u00e9voluer tout au long de son utilisation. La 5G qui sera d\u00e9ploy\u00e9e en France \u00e0 la fin de l\u2019ann\u00e9e correspondra \u00e0 de la 5G non standalone, soit la premi\u00e8re partie de la Release 15.<\/p>\n<p>Source : <a href=\"https:\/\/www.3gpp.org\/release-16\" target=\"_blank\" rel=\"noopener noreferrer\">3GPP<\/a><\/p>\n<\/p><\/div>\n<p><script>\n         !function(f,b,e,v,n,t,s){if(f.fbq)return;n=f.fbq=function()\n         {n.callMethod? n.callMethod.apply(n,arguments):n.queue.push(arguments)}\n         ;if(!f._fbq)f._fbq=n;\n             n.push=n;n.loaded=!0;n.version='2.0';n.queue=[];t=b.createElement(e);t.async=!0;\n             t.src=v;s=b.getElementsByTagName(e)[0];s.parentNode.insertBefore(t,s)}(window,\n                 document,'script','https:\/\/connect.facebook.net\/en_US\/fbevents.js');\n         fbq('init', '1065890633454496');\n         fbq('track', 'PageView');\n     <\/script><br \/>\n<br \/>[ad_2]<br \/>\n<br \/><a href=\"https:\/\/www.01net.com\/actualites\/5g-une-version-amelioree-du-standard-finalisee-1943927.html\">Source link <\/a><\/p>\n","protected":false},"excerpt":{"rendered":"<p>[ad_1] L\u2019organisme de normalisation du 3GPP vient d\u2019adopter la phase (release) 16 de la 5G. Pas de tournant majeur comme &hellip; <a href=\"http:\/\/www.affinite.fr\/index.php\/2020\/07\/07\/une-version-amelioree-du-standard-finalisee\/\" class=\"more-link\">Plus <span class=\"screen-reader-text\">une version am\u00e9lior\u00e9e du standard finalis\u00e9e<\/span> <span class=\"meta-nav\">&rarr;<\/span><\/a><\/p>\n","protected":false},"author":1,"featured_media":4855,"comment_status":"open","ping_status":"open","sticky":false,"template":"","format":"standard","meta":{"_sitemap_exclude":false,"_sitemap_priority":"","_sitemap_frequency":"","footnotes":""},"categories":[1],"tags":[],"class_list":["post-4854","post","type-post","status-publish","format-standard","has-post-thumbnail","hentry","category-tous"],"_links":{"self":[{"href":"http:\/\/www.affinite.fr\/index.php\/wp-json\/wp\/v2\/posts\/4854"}],"collection":[{"href":"http:\/\/www.affinite.fr\/index.php\/wp-json\/wp\/v2\/posts"}],"about":[{"href":"http:\/\/www.affinite.fr\/index.php\/wp-json\/wp\/v2\/types\/post"}],"author":[{"embeddable":true,"href":"http:\/\/www.affinite.fr\/index.php\/wp-json\/wp\/v2\/users\/1"}],"replies":[{"embeddable":true,"href":"http:\/\/www.affinite.fr\/index.php\/wp-json\/wp\/v2\/comments?post=4854"}],"version-history":[{"count":0,"href":"http:\/\/www.affinite.fr\/index.php\/wp-json\/wp\/v2\/posts\/4854\/revisions"}],"wp:featuredmedia":[{"embeddable":true,"href":"http:\/\/www.affinite.fr\/index.php\/wp-json\/wp\/v2\/media\/4855"}],"wp:attachment":[{"href":"http:\/\/www.affinite.fr\/index.php\/wp-json\/wp\/v2\/media?parent=4854"}],"wp:term":[{"taxonomy":"category","embeddable":true,"href":"http:\/\/www.affinite.fr\/index.php\/wp-json\/wp\/v2\/categories?post=4854"},{"taxonomy":"post_tag","embeddable":true,"href":"http:\/\/www.affinite.fr\/index.php\/wp-json\/wp\/v2\/tags?post=4854"}],"curies":[{"name":"wp","href":"https:\/\/api.w.org\/{rel}","templated":true}]}}