{"id":4841,"date":"2020-07-06T23:39:08","date_gmt":"2020-07-06T23:39:08","guid":{"rendered":"https:\/\/www.affinite.fr\/index.php\/2020\/07\/06\/bouygues-telecom-hausse-les-debits-et-les-prix-de-ses-box-internet\/"},"modified":"2020-07-06T23:39:08","modified_gmt":"2020-07-06T23:39:08","slug":"bouygues-telecom-hausse-les-debits-et-les-prix-de-ses-box-internet","status":"publish","type":"post","link":"http:\/\/www.affinite.fr\/index.php\/2020\/07\/06\/bouygues-telecom-hausse-les-debits-et-les-prix-de-ses-box-internet\/","title":{"rendered":"Bouygues Telecom hausse les d\u00e9bits (et les prix) de ses box Internet"},"content":{"rendered":"<p> [ad_1]<br \/>\n<br \/><img decoding=\"async\" src=\"https:\/\/img.bfmtv.com\/i\/0\/0\/436\/87a4eda68779ac330a6b22bd3e944.jpeg\" \/><\/p>\n<div itemprop=\"articleBody\">\n<p>Bouygues Telecom renouvelle ses trois offres commerciales de box Internet. Au programme, augmentation des d\u00e9bits, hausse des tarifs et cap sur les r\u00e9p\u00e9teurs Wi-Fi.<\/p>\n<h3 style=\"color:#333; font-family:arial,helvetica,sans-serif; font-size:23px; font-weight:700\">Du 2 Gbit\/s en d\u00e9bit descendant<\/h3>\n<p>La Bbox Ultym passe de 41,99 \u00e0 45,99 euros par mois avec une g\u00e9n\u00e9ralisation du nouveau modem<a href=\"https:\/\/www.01net.com\/actualites\/les-points-forts-de-la-nouvelle-bbox-fibre-de-bouygues-telecom-1840691.html\" target=\"_blank\" rel=\"noopener noreferrer\"> Wi-Fi 6 <\/a>qui n&rsquo;\u00e9tait accessible jusqu\u2019\u00e0 maintenant que par t\u00e9l\u00e9phone. Son d\u00e9bit s\u2019\u00e9l\u00e8ve d\u00e9sormais \u00e0 2 Gbit\/s en download contre 1 Gbit\/s pr\u00e9c\u00e9demment, et 600 en upload contre 500 Mbit\/s jusque-l\u00e0. Le r\u00e9p\u00e9teur Wi-Fi est toujours inclus sur demande. Bouygues Telecom propose maintenant en plus une installation gratuite au domicile, ainsi qu\u2019un diagnostic Wi-Fi r\u00e9alis\u00e9 via une application, mais qui peut \u00eatre compl\u00e9t\u00e9 sur demande avec l\u2019appel d\u2019un technicien.<\/p>\n<aside class=\"bg-color-0 padding-inside-all-s bloc border-s\">\n<h4 class=\"box-txt-normal\">\n<p><strong>A d\u00e9couvrir aussi en vid\u00e9o<\/strong><\/p>\n<\/h4>\n<\/aside>\n<h3 style=\"color:#333; font-family:arial,helvetica,sans-serif; font-size:23px; font-weight:700\">Des r\u00e9p\u00e9teurs Wi-Fi en option<\/h3>\n<p>L\u2019offre Bbox Must s\u2019\u00e9l\u00e8ve d\u00e9sormais \u00e0 36,99 euros contre 34,99 euros par mois auparavant. Le d\u00e9bit descendant passe de 500 Mbit\/s \u00e0 1 Gbit\/s, et le d\u00e9bit montant de 300 \u00e0 400 Mbit\/s.<\/p>\n<p>Enfin, la Bbox Fit co\u00fbte 28,99 euros par mois contre 26,99 pr\u00e9alablement avec un download \u00e0 300 Mbit\/s (contre 200 Mbit\/s) et un upload \u00e0 200 Mbit\/s (contre 100 Mbit\/s). Un r\u00e9p\u00e9teur Wi-Fi 5 est d\u00e9sormais accessible en option pour Bbox Must et Bbox fit \u00e0 raison de 5 euros par mois.<\/p>\n<p>Nul doute que cette annonce pr\u00e9cipit\u00e9e a \u00e9t\u00e9 motiv\u00e9e par la tenue par Free d\u2019une conf\u00e9rence de presse ce mardi 7 juillet. Le FAI doit y d\u00e9voiler une nouvelle<a href=\"https:\/\/www.01net.com\/actualites\/ce-que-l-on-attend-de-la-freebox-pop-1943047.html\" target=\"_blank\" rel=\"noopener noreferrer\"> Freebox Pop<\/a> avec 2,5 Gbit\/s de d\u00e9bit, alors que ses concurrents s\u2019\u00e9taient toujours refus\u00e9s \u00e0 aller au-del\u00e0 du 1 Gbit\/s. Bouygues Telecom a donc devanc\u00e9 Free, de mani\u00e8re \u00e0 ce que l&rsquo;annonce de son concurrent paraisse moins spectaculaire.<\/p>\n<\/p><\/div>\n<p><script>\n         !function(f,b,e,v,n,t,s){if(f.fbq)return;n=f.fbq=function()\n         {n.callMethod? n.callMethod.apply(n,arguments):n.queue.push(arguments)}\n         ;if(!f._fbq)f._fbq=n;\n             n.push=n;n.loaded=!0;n.version='2.0';n.queue=[];t=b.createElement(e);t.async=!0;\n             t.src=v;s=b.getElementsByTagName(e)[0];s.parentNode.insertBefore(t,s)}(window,\n                 document,'script','https:\/\/connect.facebook.net\/en_US\/fbevents.js');\n         fbq('init', '1065890633454496');\n         fbq('track', 'PageView');\n     <\/script><br \/>\n<br \/>[ad_2]<br \/>\n<br \/><a href=\"https:\/\/www.01net.com\/actualites\/bouygues-telecom-hausse-les-debits-et-les-prix-de-ses-box-internet-1943755.html\">Source link <\/a><\/p>\n","protected":false},"excerpt":{"rendered":"<p>[ad_1] Bouygues Telecom renouvelle ses trois offres commerciales de box Internet. Au programme, augmentation des d\u00e9bits, hausse des tarifs et &hellip; <a href=\"http:\/\/www.affinite.fr\/index.php\/2020\/07\/06\/bouygues-telecom-hausse-les-debits-et-les-prix-de-ses-box-internet\/\" class=\"more-link\">Plus <span class=\"screen-reader-text\">Bouygues Telecom hausse les d\u00e9bits (et les prix) de ses box Internet<\/span> <span class=\"meta-nav\">&rarr;<\/span><\/a><\/p>\n","protected":false},"author":1,"featured_media":4842,"comment_status":"open","ping_status":"open","sticky":false,"template":"","format":"standard","meta":{"_sitemap_exclude":false,"_sitemap_priority":"","_sitemap_frequency":"","footnotes":""},"categories":[1],"tags":[],"class_list":["post-4841","post","type-post","status-publish","format-standard","has-post-thumbnail","hentry","category-tous"],"_links":{"self":[{"href":"http:\/\/www.affinite.fr\/index.php\/wp-json\/wp\/v2\/posts\/4841"}],"collection":[{"href":"http:\/\/www.affinite.fr\/index.php\/wp-json\/wp\/v2\/posts"}],"about":[{"href":"http:\/\/www.affinite.fr\/index.php\/wp-json\/wp\/v2\/types\/post"}],"author":[{"embeddable":true,"href":"http:\/\/www.affinite.fr\/index.php\/wp-json\/wp\/v2\/users\/1"}],"replies":[{"embeddable":true,"href":"http:\/\/www.affinite.fr\/index.php\/wp-json\/wp\/v2\/comments?post=4841"}],"version-history":[{"count":0,"href":"http:\/\/www.affinite.fr\/index.php\/wp-json\/wp\/v2\/posts\/4841\/revisions"}],"wp:featuredmedia":[{"embeddable":true,"href":"http:\/\/www.affinite.fr\/index.php\/wp-json\/wp\/v2\/media\/4842"}],"wp:attachment":[{"href":"http:\/\/www.affinite.fr\/index.php\/wp-json\/wp\/v2\/media?parent=4841"}],"wp:term":[{"taxonomy":"category","embeddable":true,"href":"http:\/\/www.affinite.fr\/index.php\/wp-json\/wp\/v2\/categories?post=4841"},{"taxonomy":"post_tag","embeddable":true,"href":"http:\/\/www.affinite.fr\/index.php\/wp-json\/wp\/v2\/tags?post=4841"}],"curies":[{"name":"wp","href":"https:\/\/api.w.org\/{rel}","templated":true}]}}