{"id":484,"date":"2020-03-10T22:41:19","date_gmt":"2020-03-10T22:41:19","guid":{"rendered":"https:\/\/www.affinite.fr\/index.php\/2020\/03\/10\/mode-enfant-partage-de-cadrans-suivi-du-sommeil-le-code-dios-14-en-dit-long-sur-lapple-watch-series-6\/"},"modified":"2020-03-10T22:41:19","modified_gmt":"2020-03-10T22:41:19","slug":"mode-enfant-partage-de-cadrans-suivi-du-sommeil-le-code-dios-14-en-dit-long-sur-lapple-watch-series-6","status":"publish","type":"post","link":"http:\/\/www.affinite.fr\/index.php\/2020\/03\/10\/mode-enfant-partage-de-cadrans-suivi-du-sommeil-le-code-dios-14-en-dit-long-sur-lapple-watch-series-6\/","title":{"rendered":"Mode enfant, partage de cadrans, suivi du sommeil\u2026 le code d&rsquo;iOS 14 en dit long sur l\u2019Apple Watch Series 6"},"content":{"rendered":"<p> [ad_1]<br \/>\n<br \/><img decoding=\"async\" src=\"https:\/\/img.bfmtv.com\/i\/0\/0\/19a\/3d2210777a40f30728b9ccbaba6da.jpg\" \/><\/p>\n<div itemprop=\"articleBody\">\n<p>Le code du syst\u00e8me d\u2019iOS 14, qui a fuit\u00e9 en d\u00e9cembre dernier, n\u2019en finit plus de r\u00e9v\u00e9ler ses secrets. Apr\u00e8s les promesses d\u2019un meilleur support des souris cach\u00e9es dans le prochain syst\u00e8me d&rsquo;exploitation mobile, voil\u00e0 que des indices suppl\u00e9mentaires, cette fois en lien avec WatchOS 7, d\u00e9voilent quelques unes des nouveaut\u00e9s probables de la prochaine <a href=\"https:\/\/www.01net.com\/tests\/test-watch-series-5-la-montre-connectee-d-apple-a-enfin-tout-d-une-montre-et-bien-plus-6299.html\" target=\"_blank\" rel=\"noopener noreferrer\">Apple Watch<\/a>.\u00a0<\/p>\n<p>Ce sont, une fois n\u2019est pas coutume, nos confr\u00e8res de 9to5Mac qui, continuant \u00e0 creuser le code \u00ab\u00a0leak\u00e9\u00a0\u00bb d\u2019iOS tombent sur quelques p\u00e9pites. La premi\u00e8re d\u2019entre elles indique qu\u2019Apple souhaiterait int\u00e9grer la mesure du taux d\u2019oxyg\u00e8ne dans le sang sur sa montre. La mesure du taux de saturation d\u2019oxyg\u00e8ne dans le sang est une fonctionnalit\u00e9 d\u00e9j\u00e0 disponible chez Fitbit ou encore Withings il n\u2019y a donc rien d\u2019\u00e9tonnant \u00e0 la voir int\u00e9grer la Watch. En revanche, le code ne pr\u00e9cise pas s\u2019il s\u2019agit d\u2019une fonction exclusive au prochain mod\u00e8le ou si elle sera accessible au Series 5, par exemple.<\/p>\n<h3 style=\"color:#333; font-family:arial,helvetica,sans-serif; font-size:23px; font-weight:700\">Le mode sommeil, enfin !<\/h3>\n<p>En marge de cette nouvelle mesure, le code de WatchOS 7 indiquerait \u00e9galement qu\u2019Apple travaille sur l\u2019am\u00e9lioration de son ECG. Celui-ci ne serait pas suffisamment pr\u00e9cis lorsque la fr\u00e9quence cardiaque se situe entre 100 et 120 battements par minute. Apple souhaite y rem\u00e9dier. Il en va de m\u00eame pour le mode sommeil, longtemps \u00e9voqu\u00e9 dans les rumeurs concernant la montre connect\u00e9e de Cupertino mais jamais au rendez-vous. La Watch Series 6 devrait corriger le tir en permettant \u00e0 son utilisateur de surveiller la qualit\u00e9 de ses nuits et de b\u00e9n\u00e9ficier de conseils pour mieux dormir dans l\u2019application \u00ab\u00a0Sant\u00e9\u00a0\u00bb.\u00a0<\/p>\n<h3 style=\"color:#333; font-family:arial,helvetica,sans-serif; font-size:23px; font-weight:700\">Des cadrans \u00e0 partager<\/h3>\n<p>L\u2019autre volet de nouveaut\u00e9s d\u00e9voil\u00e9s par le code concerne les cadrans de <a href=\"https:\/\/www.01net.com\/actualites\/watchos-6-quand-pourrez-vous-mettre-a-jour-votre-apple-watch-1764961.html\" target=\"_blank\" rel=\"noopener noreferrer\">Watch OS<\/a>. Il y a d\u2019abord la pr\u00e9sence d\u2019un nouveau cadran nomm\u00e9 Infographe Pro qui comprend un tachym\u00e8tre. Cet instrument permet d\u2019obtenir la vitesse de d\u00e9placement d\u2019un objet. Sur une montre connect\u00e9e, il affine le calcul de la distance parcourue qui repose en grande partie sur le GPS. Surtout, Apple pr\u00e9voit une fonctionnalit\u00e9 qui permettra de partager avec un autre possesseur de Watch sa configuration de cadran. Des plus, les cadrans cr\u00e9es \u00e0 partir de photos pourront \u00eatre r\u00e9alis\u00e9s \u00e0 partir d\u2019un album partag\u00e9 et ne sont plus limit\u00e9s aux photos personnelles provenant de l\u2019album.\u00a0<\/p>\n<h3 style=\"color:#333; font-family:arial,helvetica,sans-serif; font-size:23px; font-weight:700\">L\u2019Apple Watch pour les enfants ?<\/h3>\n<p>Enfin, Cupertino voudrait doter sa montre connect\u00e9e de quelques fonctionnalit\u00e9s d\u00e9di\u00e9s aux plus jeunes. Il n\u2019est pas encore question de d\u00e9velopper une Watch sp\u00e9cifique aux enfants mais davantage de permettre aux parents de partager leur montre avec leur prog\u00e9niture. Ainsi, le code de WatchOS 7 indiquerait l\u2019arriv\u00e9e d\u2019un contr\u00f4le parental qui permettrait de g\u00e9rer la Watch d\u2019un enfant depuis l\u2019iPhone de ses parents. Dans le m\u00eame ordre d\u2019id\u00e9es, la fonction \u00ab\u00a0temps scolaire\u00a0\u00bb devrait permettre aux responsables l\u00e9gaux de d\u00e9finir les applications et les complications qui peuvent \u00eatre utilis\u00e9es en journ\u00e9e, \u00e0 l\u2019\u00e9cole, par leurs mouftons.\u00a0<\/p>\n<aside class=\"bg-color-0 padding-inside-all-s bloc border-s\">\n<h4 class=\"box-txt-normal\">\n<p><strong>\u00c0 d\u00e9couvrir aussi en vid\u00e9o :<\/strong><\/p>\n<\/h4>\n<\/aside>\n<p>Bien \u00e9videmment, il ne s\u2019agit pas l\u00e0 des seules nouveaut\u00e9s de WatchOS 7. 9to5Mac a d\u00e9j\u00e0 rep\u00e9r\u00e9 des bouts de code concernant le centre de contr\u00f4le par exemple. Et Apple a encore quelques mois pour travailler sur un OS qui ne devrait \u00eatre disponible dans sa version finale qu\u2019\u00e0 l\u2019automne.\u00a0<\/p>\n<p>Source : <a href=\"https:\/\/9to5mac.com\/2020\/03\/09\/apple-watch-series-6-watchos-7-features\/\" target=\"_blank\" rel=\"noopener noreferrer\">9to5Mac<\/a><\/p>\n<\/p><\/div>\n<p><script>\n         !function(f,b,e,v,n,t,s){if(f.fbq)return;n=f.fbq=function()\n         {n.callMethod? n.callMethod.apply(n,arguments):n.queue.push(arguments)}\n         ;if(!f._fbq)f._fbq=n;\n             n.push=n;n.loaded=!0;n.version='2.0';n.queue=[];t=b.createElement(e);t.async=!0;\n             t.src=v;s=b.getElementsByTagName(e)[0];s.parentNode.insertBefore(t,s)}(window,\n                 document,'script','https:\/\/connect.facebook.net\/en_US\/fbevents.js');\n         fbq('init', '1065890633454496');\n         fbq('track', 'PageView');\n     <\/script><br \/>\n<br \/>[ad_2]<br \/>\n<br \/><a href=\"https:\/\/www.01net.com\/actualites\/mode-enfant-partage-de-cadrans-suivi-du-sommeil-le-code-d-ios-14-en-dit-long-sur-l-apple-watch-series-6-1872311.html\">Source link <\/a><\/p>\n","protected":false},"excerpt":{"rendered":"<p>[ad_1] Le code du syst\u00e8me d\u2019iOS 14, qui a fuit\u00e9 en d\u00e9cembre dernier, n\u2019en finit plus de r\u00e9v\u00e9ler ses secrets. &hellip; <a href=\"http:\/\/www.affinite.fr\/index.php\/2020\/03\/10\/mode-enfant-partage-de-cadrans-suivi-du-sommeil-le-code-dios-14-en-dit-long-sur-lapple-watch-series-6\/\" class=\"more-link\">Plus <span class=\"screen-reader-text\">Mode enfant, partage de cadrans, suivi du sommeil\u2026 le code d&rsquo;iOS 14 en dit long sur l\u2019Apple Watch Series 6<\/span> <span class=\"meta-nav\">&rarr;<\/span><\/a><\/p>\n","protected":false},"author":1,"featured_media":485,"comment_status":"open","ping_status":"open","sticky":false,"template":"","format":"standard","meta":{"_sitemap_exclude":false,"_sitemap_priority":"","_sitemap_frequency":"","footnotes":""},"categories":[1],"tags":[],"class_list":["post-484","post","type-post","status-publish","format-standard","has-post-thumbnail","hentry","category-tous"],"_links":{"self":[{"href":"http:\/\/www.affinite.fr\/index.php\/wp-json\/wp\/v2\/posts\/484"}],"collection":[{"href":"http:\/\/www.affinite.fr\/index.php\/wp-json\/wp\/v2\/posts"}],"about":[{"href":"http:\/\/www.affinite.fr\/index.php\/wp-json\/wp\/v2\/types\/post"}],"author":[{"embeddable":true,"href":"http:\/\/www.affinite.fr\/index.php\/wp-json\/wp\/v2\/users\/1"}],"replies":[{"embeddable":true,"href":"http:\/\/www.affinite.fr\/index.php\/wp-json\/wp\/v2\/comments?post=484"}],"version-history":[{"count":0,"href":"http:\/\/www.affinite.fr\/index.php\/wp-json\/wp\/v2\/posts\/484\/revisions"}],"wp:featuredmedia":[{"embeddable":true,"href":"http:\/\/www.affinite.fr\/index.php\/wp-json\/wp\/v2\/media\/485"}],"wp:attachment":[{"href":"http:\/\/www.affinite.fr\/index.php\/wp-json\/wp\/v2\/media?parent=484"}],"wp:term":[{"taxonomy":"category","embeddable":true,"href":"http:\/\/www.affinite.fr\/index.php\/wp-json\/wp\/v2\/categories?post=484"},{"taxonomy":"post_tag","embeddable":true,"href":"http:\/\/www.affinite.fr\/index.php\/wp-json\/wp\/v2\/tags?post=484"}],"curies":[{"name":"wp","href":"https:\/\/api.w.org\/{rel}","templated":true}]}}