{"id":4822,"date":"2020-07-06T14:23:55","date_gmt":"2020-07-06T14:23:55","guid":{"rendered":"https:\/\/www.affinite.fr\/index.php\/2020\/07\/06\/lappareil-photo-made-in-france-est-enfin-commercialise\/"},"modified":"2020-07-06T14:23:55","modified_gmt":"2020-07-06T14:23:55","slug":"lappareil-photo-made-in-france-est-enfin-commercialise","status":"publish","type":"post","link":"http:\/\/www.affinite.fr\/index.php\/2020\/07\/06\/lappareil-photo-made-in-france-est-enfin-commercialise\/","title":{"rendered":"l\u2019appareil photo made in France est enfin commercialis\u00e9"},"content":{"rendered":"<p> [ad_1]<br \/>\n<\/p>\n<div itemprop=\"articleBody\">\n<p>Il est enfin l\u00e0 ! Le premier appareil photo con\u00e7u en France depuis plus de quatre d\u00e9cennies <a href=\"https:\/\/www.01net.com\/actualites\/exclusif-premiere-prise-en-main-de-pixii-l-appareil-photo-numerique-made-in-france-1563061.html\" target=\"_blank\" rel=\"noopener noreferrer\">dont nous vous avons d\u00e9j\u00e0 parl\u00e9<\/a> \u00e0 plusieurs reprises est enfin disponible. Son prix ? Les 3480 euros (2900 euros HT + 580 de TVA) annonc\u00e9s fin 2018 quand nous avions commenc\u00e9 \u00e0 suivre le projet un peu fou du fondateur de l\u2019entreprise. Un tarif qui ne bouge pas, mais qui reste deux fois inf\u00e9rieur \u00e0 l&rsquo;offre de de Leica.<\/p>\n<figure class=\"figure text-center\"><img decoding=\"async\" class=\"article-img img-responsive-l\" src=\"https:\/\/img.bfmtv.com\/c\/2000\/1127\/8be\/d9a500531d58190fccc173d565cfd.jpg\" alt=\"\"\/><figcaption class=\"figure-caption figcaption color-txt-0 title-xs hidden-xs\"\/><\/figure>\n<p>Le retard de commercialisation l\u2019appareil est en partie d\u00fb \u00e0 des \u00ab soucis administratifs \u00bb, du genre \u00ab banquier qui plante au dernier moment \u00bb, et autres tracasseries qui sont l\u00e9gion dans le monde des TPE qui se lancent. Pas de quoi d\u00e9courager <a href=\"https:\/\/www.01net.com\/actualites\/pixii-le-premier-appareil-photo-fabrique-en-france-depuis-40-ans-est-bientot-la-1552603.html\" target=\"_blank\" rel=\"noopener noreferrer\">David Barth, le fran\u00e7ais ancien de Canonical <\/a>(Ubuntu) qui d\u00e9marre ici son premier projet industriel.<\/p>\n<figure class=\"figure text-center\"><img decoding=\"async\" class=\"article-img img-responsive-l\" src=\"https:\/\/img.bfmtv.com\/c\/2000\/1127\/289\/531468aae51d4270b4dd8d06fa139.jpg\" alt=\"\"\/><figcaption class=\"figure-caption figcaption color-txt-0 title-xs hidden-xs\"\/><\/figure>\n<p>Sur le plan \u00e9lectronique, l\u2019appareil lanc\u00e9 en ce milieu d\u2019ann\u00e9e 2020 est le m\u00eame que celui annonc\u00e9, \u00e0 savoir un bo\u00eetier sans \u00e9cran \u00e9quip\u00e9 d\u2019un capteur APS-C 11,1 Mpix de ratio 4\/3. Point d\u2019obturateur m\u00e9canique donc, gr\u00e2ce \u00e0 l\u2019obturateur \u00e9lectronique du capteur \u00ab exotique \u00bb de ce bo\u00eetier \u2013 sa sensibilit\u00e9 nominale est de 320 ISO \u2013\u00a0 en monture M. Qui peut donc recevoir les optiques de Leica, Zeiss, Voigtl\u00e4nder, Contax et autres \u2013 la monture M est ouverte depuis les ann\u00e9es 50.<\/p>\n<figure class=\"figure text-center\"><img decoding=\"async\" class=\"article-img img-responsive-l\" src=\"https:\/\/img.bfmtv.com\/c\/2000\/1127\/3014d\/115265a3f7774cafac02376c576.jpg\" alt=\"\"\/><figcaption class=\"figure-caption figcaption color-txt-0 title-xs hidden-xs\"\/><\/figure>\n<p>Pour la gestion des donn\u00e9es, il faudra faire confiance \u00e0 la m\u00e9moire interne de 8 Go \u2013 l\u00e0 encore, un choix de simplification m\u00e9canique. Quant au visionnage des images, pas d\u2019\u00e9cran LCD donc, il faut soit vider l\u2019appareil en le connectant \u00e0 un PC via la prise Micro USB, soit le relier en Wi-Fi + BT \u00e0 un smartphone. Outre le logiciel interne de l\u2019appareil (un Linux \u00ab custom \u00bb ultra l\u00e9ger), c\u2019est du c\u00f4t\u00e9 des apps smartphone que Pixii travaille d\u2019arrache-pied ces derniers mois pour peaufiner l\u2019exp\u00e9rience utilisateur.<\/p>\n<figure class=\"figure text-center\"><img decoding=\"async\" class=\"article-img img-responsive-l\" src=\"https:\/\/img.bfmtv.com\/c\/2000\/1127\/8a5\/a12d80e53550887d798a95ef0dc26.jpg\" alt=\"\"\/><figcaption class=\"figure-caption figcaption color-txt-0 title-xs hidden-xs\"\/><\/figure>\n<p>Et pour utiliser une pr\u00e9version de l\u2019appareil depuis quelques semaines, les progr\u00e8s sont tr\u00e8s nets et l\u2019app est pleinement utilisable sur Android alors que l\u2019app est toujours en b\u00eata (sur iOS, l\u2019exp\u00e9rience est \u00ab finale \u00bb). L\u2019\u00e9quipe continue de s\u2019activer c\u00f4t\u00e9 logiciel avec l\u2019arriv\u00e9e prochaine de profils de correction optique embarqu\u00e9s directement dans le bo\u00eetier, mais on peut d\u00e9j\u00e0 appliquer des profils colorim\u00e9triques (noir &amp; blanc, etc.) depuis l\u2019appareil.<\/p>\n<aside class=\"bg-color-0 padding-inside-all-s bloc border-s\">\n<h4 class=\"box-txt-normal\">\n<div class=\"\">\n<p><strong>\u00c0 d\u00e9couvrir aussi en vid\u00e9o<\/strong><\/p>\n<\/div>\n<\/h4>\n<\/aside>\n<p>Lanc\u00e9 \u00e0 2900 \u20ac, le Pixii A1112 est, on l\u2019esp\u00e8re, le premier d\u2019une longue s\u00e9rie d\u2019appareils made in France. Il reste \u00e0 voir si Pixii arrivera \u00e0 convaincre avec un capteur APS-C dans le monde tr\u00e8s ferm\u00e9 du t\u00e9l\u00e9m\u00e9trique, qui ne jure g\u00e9n\u00e9ralement que par Leica et par le capteur plein format. Souhaitons \u00e0 Pixii que l&rsquo;exemple de Fujifilm puisse convaincre les r\u00e9fractaires.<\/p>\n<p class=\"MsoNormal\">Le Pixii A1112 8 Go est lanc\u00e9 \u00e0 2900 euros HT (soit 3480 euros TTC) en finitions grise (Space Gray) ou noire (Black Matte).<\/p>\n<p class=\"MsoNormal\">La version 4 Go est disponible \u00e0 2700 euros HT (soit 3240 euros TTC) en finitions grise (Space Gray) ou noire (Black Matte).<\/p>\n<\/p><\/div>\n<p><script>\n         !function(f,b,e,v,n,t,s){if(f.fbq)return;n=f.fbq=function()\n         {n.callMethod? n.callMethod.apply(n,arguments):n.queue.push(arguments)}\n         ;if(!f._fbq)f._fbq=n;\n             n.push=n;n.loaded=!0;n.version='2.0';n.queue=[];t=b.createElement(e);t.async=!0;\n             t.src=v;s=b.getElementsByTagName(e)[0];s.parentNode.insertBefore(t,s)}(window,\n                 document,'script','https:\/\/connect.facebook.net\/en_US\/fbevents.js');\n         fbq('init', '1065890633454496');\n         fbq('track', 'PageView');\n     <\/script><br \/>\n<br \/>[ad_2]<br \/>\n<br \/><a href=\"https:\/\/www.01net.com\/actualites\/pixii-l-appareil-photo-made-in-france-est-enfin-commercialise-1943717.html\">Source link <\/a><\/p>\n","protected":false},"excerpt":{"rendered":"<p>[ad_1] Il est enfin l\u00e0 ! Le premier appareil photo con\u00e7u en France depuis plus de quatre d\u00e9cennies dont nous &hellip; <a href=\"http:\/\/www.affinite.fr\/index.php\/2020\/07\/06\/lappareil-photo-made-in-france-est-enfin-commercialise\/\" class=\"more-link\">Plus <span class=\"screen-reader-text\">l\u2019appareil photo made in France est enfin commercialis\u00e9<\/span> <span class=\"meta-nav\">&rarr;<\/span><\/a><\/p>\n","protected":false},"author":1,"featured_media":4823,"comment_status":"open","ping_status":"open","sticky":false,"template":"","format":"standard","meta":{"_sitemap_exclude":false,"_sitemap_priority":"","_sitemap_frequency":"","footnotes":""},"categories":[1],"tags":[],"class_list":["post-4822","post","type-post","status-publish","format-standard","has-post-thumbnail","hentry","category-tous"],"_links":{"self":[{"href":"http:\/\/www.affinite.fr\/index.php\/wp-json\/wp\/v2\/posts\/4822"}],"collection":[{"href":"http:\/\/www.affinite.fr\/index.php\/wp-json\/wp\/v2\/posts"}],"about":[{"href":"http:\/\/www.affinite.fr\/index.php\/wp-json\/wp\/v2\/types\/post"}],"author":[{"embeddable":true,"href":"http:\/\/www.affinite.fr\/index.php\/wp-json\/wp\/v2\/users\/1"}],"replies":[{"embeddable":true,"href":"http:\/\/www.affinite.fr\/index.php\/wp-json\/wp\/v2\/comments?post=4822"}],"version-history":[{"count":0,"href":"http:\/\/www.affinite.fr\/index.php\/wp-json\/wp\/v2\/posts\/4822\/revisions"}],"wp:featuredmedia":[{"embeddable":true,"href":"http:\/\/www.affinite.fr\/index.php\/wp-json\/wp\/v2\/media\/4823"}],"wp:attachment":[{"href":"http:\/\/www.affinite.fr\/index.php\/wp-json\/wp\/v2\/media?parent=4822"}],"wp:term":[{"taxonomy":"category","embeddable":true,"href":"http:\/\/www.affinite.fr\/index.php\/wp-json\/wp\/v2\/categories?post=4822"},{"taxonomy":"post_tag","embeddable":true,"href":"http:\/\/www.affinite.fr\/index.php\/wp-json\/wp\/v2\/tags?post=4822"}],"curies":[{"name":"wp","href":"https:\/\/api.w.org\/{rel}","templated":true}]}}