{"id":4810,"date":"2020-07-06T00:45:47","date_gmt":"2020-07-06T00:45:47","guid":{"rendered":"https:\/\/www.affinite.fr\/index.php\/2020\/07\/06\/quels-sont-les-films-et-series-a-voir-en-vod-cette-semaine-du-5-au-11-juillet-actus-cine\/"},"modified":"2020-07-06T00:45:47","modified_gmt":"2020-07-06T00:45:47","slug":"quels-sont-les-films-et-series-a-voir-en-vod-cette-semaine-du-5-au-11-juillet-actus-cine","status":"publish","type":"post","link":"http:\/\/www.affinite.fr\/index.php\/2020\/07\/06\/quels-sont-les-films-et-series-a-voir-en-vod-cette-semaine-du-5-au-11-juillet-actus-cine\/","title":{"rendered":"Quels sont les films et s\u00e9ries \u00e0 voir en VOD cette semaine du 5 au 11 juillet ? &#8211; Actus Cin\u00e9"},"content":{"rendered":"<p> [ad_1]<br \/>\n<\/p>\n<p>Quelles sont les derni\u00e8res sorties VOD ? La r\u00e9ponse dans notre r\u00e9capitulatif hebdomadaire.<\/p>\n<div id=\"article-content\">\n<figure class=\"article-figure article-main-figure\"><img loading=\"lazy\" decoding=\"async\" class=\"article-figure-img\" width=\"640\" height=\"360\" src=\"http:\/\/fr.web.img3.acsta.net\/r_640_360\/newsv7\/20\/07\/03\/22\/14\/2148127.jpg\"\/><\/figure>\n<p>La Sinc\u00e9rit\u00e9<\/p>\n<p><strong>Disponible en VOD le 7 juillet 2020<\/strong><\/p>\n<p>Pour s\u00e9duire la jeune com\u00e9dienne Louise, Jean d\u00e9cide de se lancer dans le tournage d&rsquo;un film. Accompagn\u00e9 de ses muses Mia et Alma, d&rsquo;un jazzman de renom Jimmy et d&rsquo;un ami philosophe Guillaume lui-m\u00eame affubl\u00e9 d\u2019une neuro-scientifique retors, l&rsquo;\u00e9quipe compose au jour le jour le sc\u00e9nario du film. Peu \u00e0 peu, les sentiments prennent le pas sur leurs personnages. Comme si la sinc\u00e9rit\u00e9 avait besoin de la fiction pour se r\u00e9v\u00e9ler ?<\/p>\n<p>Il pleuvait des oiseaux<\/p>\n<p><strong>Disponible en VOD le 7 juillet 2020<\/strong><\/p>\n<p>L\u2019histoire intrigante de trois vieux ermites vivant reclus dans les bois. Alors que des incendies de for\u00eat menacent la r\u00e9gion, leur quotidien est bouscul\u00e9 par la mort de leur doyen, Boychuck, et l\u2019arriv\u00e9e d\u2019une octog\u00e9naire injustement intern\u00e9e \u00e0 vie. Une photographe, mandat\u00e9e pour interviewer les t\u00e9moins des feux les plus meurtriers de l\u2019\u00e9poque, trouve leur repaire.<\/p>\n<p>The Great Battle<\/p>\n<p><strong>Disponible en VOD le 8 juillet 2020<\/strong><\/p>\n<p><span>En l\u2019an 645, l\u2019Empereur Li, de la Dynastie Tang, envahit Goguryeo, l\u2019un des anciens Royaumes de Cor\u00e9e. L\u2019arm\u00e9e Tang encha\u00eene les victoires jusqu\u2019\u00e0 arriver \u00e0 la forteresse d\u2019Ansi, d\u00e9fendue par le G\u00e9n\u00e9ral Yang. Isol\u00e9, abandonn\u00e9 par le reste du Royaume, et largement d\u00e9pass\u00e9 en nombre par les centaines de milliers d\u2019assaillants, Yang rassemble ses troupes, bien d\u00e9cid\u00e9 \u00e0 r\u00e9sister\u2026<\/span><\/p>\n<p>Woman<\/p>\n<p><strong>Disponible en VOD le 8 juillet 2020<\/strong><\/p>\n<p>WOMAN est un projet mondial qui donne la parole \u00e0 2.000 femmes \u00e0 travers 50 pays diff\u00e9rents. Cette tr\u00e8s large \u00e9chelle, n&#8217;emp\u00eache pas le film d&rsquo;offrir un portrait v\u00e9ritablement intimiste de celles qui repr\u00e9sentent la moiti\u00e9 de l&rsquo;humanit\u00e9. Ce documentaire est l\u2019occasion de r\u00e9v\u00e9ler au grand jour les injustices que subissent les femmes partout dans le monde. Mais avant tout, il souligne la force int\u00e9rieure des femmes et leur capacit\u00e9 \u00e0 changer le monde, en d\u00e9pit des multiples difficult\u00e9s auxquelles elles sont confront\u00e9es. WOMAN, qui repose sur des entretiens \u00e0 la premi\u00e8re personne, aborde des th\u00e8mes aussi vari\u00e9s que la maternit\u00e9, l&rsquo;\u00e9ducation, le mariage et l&rsquo;ind\u00e9pendance financi\u00e8re, mais aussi les r\u00e8gles et la sexualit\u00e9. \u00c0 travers ce film, vous d\u00e9couvrirez la parole des femmes comme vous ne l\u2019aviez jamais entendue auparavant.<\/p>\n<ul>\n<li><strong>Les s\u00e9ries d\u00e9j\u00e0 disponibles avant leur diffusion t\u00e9l\u00e9vis\u00e9e :<\/strong><\/li>\n<p>&#13;\n<\/ul>\n<p>Plus belle la vie &#8211; Saison 16<\/p>\n<p>La vie quotidienne du quartier du Mistral \u00e0 Marseille, avec ses grands bonheurs et ses lourds secrets, ses drames et ses joies&#8230;<\/p>\n<p>Un si grand soleil &#8211; Saison 2<\/p>\n<p>Claire revient \u00e0 Montpellier apr\u00e8s dix sept ans d\u2019absence, afin de faire d\u00e9couvrir \u00e0 Th\u00e9o, son fils adolescent, sa ville natale. Quelques heures plus tard, elle est en garde \u00e0 vue, accus\u00e9e du meurtre d\u2019un ami d\u2019enfance. Pour se disculper, Claire n\u2019aura d\u2019autre choix que de percer tous les secrets du pass\u00e9, notamment celui de la mort de sa s\u0153ur Ang\u00e8le\u2026 Tout en se confrontant \u00e0 Manu, charg\u00e9 d\u2019enqu\u00eater sur le meurtre dont elle est accus\u00e9e, elle retrouvera \u00e9galement Julien, sa passion de jeunesse, qui a entre-temps fond\u00e9 une famille. Assumera-t-elle les sentiments qu\u2019elle ressent tour \u00e0 tour pour les deux hommes ?<\/p>\n<\/p><\/div>\n<p>[ad_2]<br \/>\n<br \/><a href=\"http:\/\/rss.allocine.fr\/~r\/ac\/actualites\/~3\/8rN6eKbtvcE\/fichearticle_gen_carticle=18691203.html\">Source link <\/a><\/p>\n","protected":false},"excerpt":{"rendered":"<p>[ad_1] Quelles sont les derni\u00e8res sorties VOD ? La r\u00e9ponse dans notre r\u00e9capitulatif hebdomadaire. La Sinc\u00e9rit\u00e9 Disponible en VOD le &hellip; <a href=\"http:\/\/www.affinite.fr\/index.php\/2020\/07\/06\/quels-sont-les-films-et-series-a-voir-en-vod-cette-semaine-du-5-au-11-juillet-actus-cine\/\" class=\"more-link\">Plus <span class=\"screen-reader-text\">Quels sont les films et s\u00e9ries \u00e0 voir en VOD cette semaine du 5 au 11 juillet ? &#8211; Actus Cin\u00e9<\/span> <span class=\"meta-nav\">&rarr;<\/span><\/a><\/p>\n","protected":false},"author":1,"featured_media":4811,"comment_status":"open","ping_status":"open","sticky":false,"template":"","format":"standard","meta":{"_sitemap_exclude":false,"_sitemap_priority":"","_sitemap_frequency":"","footnotes":""},"categories":[1],"tags":[],"class_list":["post-4810","post","type-post","status-publish","format-standard","has-post-thumbnail","hentry","category-tous"],"_links":{"self":[{"href":"http:\/\/www.affinite.fr\/index.php\/wp-json\/wp\/v2\/posts\/4810"}],"collection":[{"href":"http:\/\/www.affinite.fr\/index.php\/wp-json\/wp\/v2\/posts"}],"about":[{"href":"http:\/\/www.affinite.fr\/index.php\/wp-json\/wp\/v2\/types\/post"}],"author":[{"embeddable":true,"href":"http:\/\/www.affinite.fr\/index.php\/wp-json\/wp\/v2\/users\/1"}],"replies":[{"embeddable":true,"href":"http:\/\/www.affinite.fr\/index.php\/wp-json\/wp\/v2\/comments?post=4810"}],"version-history":[{"count":0,"href":"http:\/\/www.affinite.fr\/index.php\/wp-json\/wp\/v2\/posts\/4810\/revisions"}],"wp:featuredmedia":[{"embeddable":true,"href":"http:\/\/www.affinite.fr\/index.php\/wp-json\/wp\/v2\/media\/4811"}],"wp:attachment":[{"href":"http:\/\/www.affinite.fr\/index.php\/wp-json\/wp\/v2\/media?parent=4810"}],"wp:term":[{"taxonomy":"category","embeddable":true,"href":"http:\/\/www.affinite.fr\/index.php\/wp-json\/wp\/v2\/categories?post=4810"},{"taxonomy":"post_tag","embeddable":true,"href":"http:\/\/www.affinite.fr\/index.php\/wp-json\/wp\/v2\/tags?post=4810"}],"curies":[{"name":"wp","href":"https:\/\/api.w.org\/{rel}","templated":true}]}}