{"id":4800,"date":"2020-07-05T10:43:10","date_gmt":"2020-07-05T10:43:10","guid":{"rendered":"https:\/\/www.affinite.fr\/index.php\/2020\/07\/05\/les-dix-mac-qui-ont-marque-les-quinze-ans-de-lere-intel\/"},"modified":"2020-07-05T10:43:10","modified_gmt":"2020-07-05T10:43:10","slug":"les-dix-mac-qui-ont-marque-les-quinze-ans-de-lere-intel","status":"publish","type":"post","link":"http:\/\/www.affinite.fr\/index.php\/2020\/07\/05\/les-dix-mac-qui-ont-marque-les-quinze-ans-de-lere-intel\/","title":{"rendered":"les dix Mac qui ont marqu\u00e9 les quinze ans de l\u2019\u00e8re Intel"},"content":{"rendered":"<p> [ad_1]<br \/>\n<\/p>\n<div itemprop=\"articleBody\">\n<p>Au d\u00e9but des ann\u00e9es 2000, alors que ses ventes de Mac repartaient \u00e0 la hausse depuis la reprise en main de ses gammes et que l\u2019effet halo de l\u2019iPod commen\u00e7ait \u00e0 se faire sentir, Apple bataillait avec un probl\u00e8me de plus en plus inqui\u00e9tant. Les processeurs PowerPC de ses Mac commen\u00e7aient \u00e0 ne plus tenir leurs promesses. Qui se souvient qu\u2019on a tr\u00e8s longtemps attendu un PowerBook G5, en vain, par exemple\u00a0?\u00a0<\/p>\n<aside class=\"bg-color-0 padding-inside-all-s bloc border-s\">\n<h4 class=\"box-txt-normal\">\n<p><strong>A d\u00e9couvrir aussi en vid\u00e9o<\/strong><\/p>\n<\/h4>\n<\/aside>\n<p>Face \u00e0 ce souci, Apple a alors d\u00fb se tourner vers une autre solution : les processeurs Intel. Annonc\u00e9e en juin 2005, cette grande transition se concr\u00e9tisera six mois plus tard. Juste \u00e0 temps pour profiter de la nouvelle microarchitecture, Core, destin\u00e9e \u00e0 remplacer les P6 et Netburst, synonymes des ann\u00e9es Pentium.\u00a0<\/p>\n<p>Ce nouveau d\u00e9part d\u2019Intel devait r\u00e9soudre de nombreux probl\u00e8mes d\u2019Apple, notamment dans les portables, gr\u00e2ce \u00e0 une efficacit\u00e9 \u00e9nerg\u00e9tique bien plus \u00e9lev\u00e9e que celle des PowerPC\u2026 Quinze ans, plus tard, l\u2019industrie de la tech a \u00e9volu\u00e9 mais les enjeux et arguments sont les m\u00eames pour quitter les processeurs Intel et tourner les Mac vers des puces ARM, con\u00e7ues par Apple.<\/p>\n<figure class=\"figure text-center\"><img decoding=\"async\" class=\"article-img img-responsive-l\" src=\"https:\/\/img.bfmtv.com\/c\/0\/708\/143\/22d82d7bfbb43001e609549850d11.jpg\" alt=\"\"\/><figcaption class=\"figure-caption figcaption color-txt-0 title-xs hidden-xs\">\n                                    YouTube<br \/>\n                                                    &#8211; Steve Jobs et Paul Otellini, d&rsquo;Intel, sur sc\u00e8ne, lors de l&rsquo;annonce des premiers Mac Intel en janvier 2006.<br \/>\n                            <\/figcaption><\/figure>\n<p>Quoi qu\u2019il en soit, ces ann\u00e9es Mac Intel ont \u00e9t\u00e9 riches en \u00e9volutions et en nouveaut\u00e9s. Nous avons d\u00e9cid\u00e9 de retenir les mod\u00e8les qui nous ont sembl\u00e9\u00a0les plus embl\u00e9matiques, par leur design (marqu\u00e9 par une \u00e9norme tendance \u00e0 l&rsquo;affinement), leurs nouveaut\u00e9s technologiques ou leurs promesses\u2026<\/p>\n<p>Au fil de ces dix Mac, on voit les choix, et \u00e9ventuellement erreurs, r\u00e9alis\u00e9s par Apple, on rel\u00e8ve \u00e9galement parfois les points de blocage qui ont pu encourager le g\u00e9ant de Cupertino \u00e0 vouloir abandonner Intel. Enfin, on aper\u00e7oit l\u2019immensit\u00e9 du chantier qui attend Apple pour passer toutes ces gammes de Mac sous ses propres puces ARM.<\/p>\n<figure class=\"figure text-center\"><img decoding=\"async\" class=\"article-img img-responsive-l\" src=\"https:\/\/img.bfmtv.com\/c\/0\/708\/cc5\/74bf65c0f8f1e41b8713dd8c0b72a.jpg\" alt=\"\"\/><figcaption class=\"figure-caption figcaption color-txt-0 title-xs hidden-xs\"\/><\/figure>\n<h3 style=\"color:#333;font-family:arial,helvetica,sans-serif;font-size:23px;font-weight:700;\">1 &#8211; MacBook Pro &#8211; Janvier 2006<\/h3>\n<p>Avec les iMac 17 et 20 pouces, le MacBook Pro est la premi\u00e8re machine \u00e0 adopter les puces Intel. Pourquoi le retenir lui plut\u00f4t que le tout-en-un d\u2019Apple ?<\/p>\n<p>Parce qu\u2019il est le premier \u00e0 marquer par\u00a0un nouveau nom le passage \u00e0 Intel.\u00a0Il incarne et dessine\u00a0donc une nouvelle gamme : les PowerBook deviennent les MacBook Pro.<br \/>Nous l&rsquo;avons retenu \u00e9galement\u00a0parce qu\u2019il est le premier portable Apple\u00a0\u00e0 permettre aux utilisateurs de passer le plafond de verre des limites de la puce PowerPC G4.<\/p>\n<p>Ce mod\u00e8le 15 pouces, plus fin, \u00e9quip\u00e9 d\u2019un Core Duo \u00e0 1,83 ou 2 GHz, qui a \u00e9galement introduit la technologie MagSafe, \u00e9tait donn\u00e9 pour \u00eatre quatre fois plus rapide que son pr\u00e9d\u00e9cesseur PowerBook G4\u2026<br \/>Voil\u00e0 qui m\u00e9rite bien une place \u00e0 part dans la grande transition vers Intel. M\u00eame s\u2019il fut mis \u00e0 jour quelques mois seulement apr\u00e8s avoir \u00e9t\u00e9 lanc\u00e9.<\/p>\n<figure class=\"figure text-center\"><img decoding=\"async\" class=\"article-img img-responsive-l\" src=\"https:\/\/img.bfmtv.com\/c\/0\/708\/9f6\/cdb69cbd7f1ab3ca0dcc9aa8fb1e2.jpg\" alt=\"\"\/><figcaption class=\"figure-caption figcaption color-txt-0 title-xs hidden-xs\"\/><\/figure>\n<h3 style=\"color:#333; font-family:arial,helvetica,sans-serif; font-size:23px; font-weight:700\">2 &#8211; MacBook Air &#8211; Janvier 2008\u00a0<\/h3>\n<p>Alors que les Netbooks faisaient fureur dans le monde PC et qu\u2019une partie des fans d\u2019Apple esp\u00e9rait voir arriver une d\u00e9clinaison Mac de ces machines compactes (trop) et peu puissante (trop \u00e9galement), la firme de Cupertino lan\u00e7ait&#8230; le <a href=\"https:\/\/www.01net.com\/tests\/test-apple-franchit-avec-talent-les-turbulences-de-l-ultraportabilite-682.html\" target=\"_blank\" rel=\"noopener noreferrer\">MacBook Air<\/a>.\u00a0<\/p>\n<p>Apple d\u00e9finissait par la m\u00eame une nouvelle esp\u00e8ce de PC, l\u2019ultraportable &#8211; le premier \u00e0 bien des \u00e9gards &#8211; avec un produit haut de gamme, ultra l\u00e9ger et fin. Tr\u00e8s confortable \u00e0 utiliser, notamment gr\u00e2ce \u00e0 son clavier et son pav\u00e9 tactile multitouch de bonne taille\u00a0et suffisamment puissant, il promettait d\u2019assurer tous les usages bureautique du quotidien. Mais c\u2019est aussi la premi\u00e8re fois qu\u2019un Mac portable sacrifiait autant la connectique au design.<\/p>\n<p>Il se dit que le MacBook Air, longtemps le \u00ab portable le plus fin du monde \u00bb, est n\u00e9 d\u2019une visite de Steve Jobs dans un laboratoire d\u2019Intel, o\u00f9 le cofondateur d\u2019Apple aurait vu un prototype de la plate-forme ultra basse consommation avant d\u2019en demander la primeur et de travailler au design en goutte d\u2019eau qu\u2019on conna\u00eet.<\/p>\n<figure class=\"figure text-center\"><img decoding=\"async\" class=\"article-img img-responsive-l\" src=\"https:\/\/img.bfmtv.com\/c\/0\/708\/5fb\/d9d30a8b4163f6255ac6669903a9b.jpg\" alt=\"\"\/><figcaption class=\"figure-caption figcaption color-txt-0 title-xs hidden-xs\"\/><\/figure>\n<h3 style=\"color:#333;font-family:arial,helvetica,sans-serif;font-size:23px;font-weight:700;\">3 &#8211; MacBook Aluminium Unibody &#8211; Octobre 2008<\/h3>\n<p>Annonc\u00e9 en m\u00eame temps que le MacBook Pro 15 pouces, le MacBook 13 pouces aluminium m\u00e9rite une petite larme pour au moins deux raisons.<br \/>La premi\u00e8re est que, bien qu\u2019il se soit agi d\u2019un mod\u00e8le grand public, il b\u00e9n\u00e9ficiait de la m\u00eame refonte de design unibody que son grand fr\u00e8re pro. Pour m\u00e9moire, l\u2019appellation \u00ab unibody \u00bb, introduite avec le MacBook Air, d\u00e9crivait les deux pi\u00e8ces du bo\u00eetier taill\u00e9es dans un seul et m\u00eame bloc d\u2019aluminium.<br \/>Outre que cela offrait une apparence et une finition splendide, l\u2019unibody garantissait \u00e9galement une tr\u00e8s bonne r\u00e9sistance et rigidit\u00e9 au bo\u00eetier. Le mod\u00e8le haut de gamme b\u00e9n\u00e9ficiait aussi d\u2019une autre premi\u00e8re pour la gamme : un clavier r\u00e9tro\u00e9clair\u00e9.<br \/>La seconde raison qui nous fait le retenir est son funeste destin. Alors qu\u2019on pouvait penser que le <a href=\"https:\/\/www.01net.com\/tests\/test-macbook-unibody-roi-du-rapport-qualiteprix-1494.html\" target=\"_blank\" rel=\"noopener noreferrer\">MacBook en polycarbonate blanc<\/a> allait lui c\u00e9der la place, c\u2019est l\u2019inverse qui est arriv\u00e9. Le MacBook Aluminium disparut d\u00e8s 2009. Sans doute le prix \u00e0 payer pour avoir condamn\u00e9 le tr\u00e8s appr\u00e9ci\u00e9 MacBook noir\u2026 Une preuve en tout cas, qu&rsquo;\u00e0 l&rsquo;\u00e9poque d\u00e9j\u00e0, Apple se cherchait sur l&rsquo;identit\u00e9 esth\u00e9tique de ses gammes.<\/p>\n<figure class=\"figure text-center\"><img decoding=\"async\" class=\"article-img img-responsive-l\" src=\"https:\/\/img.bfmtv.com\/c\/0\/708\/6e6\/b86d9c174ea4c5db16b565accbaf6.jpg\" alt=\"\"\/><figcaption class=\"figure-caption figcaption color-txt-0 title-xs hidden-xs\"\/><\/figure>\n<h3 style=\"color:#333; font-family:arial,helvetica,sans-serif; font-size:23px; font-weight:700\">4 &#8211; MacBook Pro Retina &#8211; Juin 2012<\/h3>\n<p>Le 11 juin 2012, \u00e0 l\u2019occasion de sa WWDC, Apple introduisit non pas un mais quatre nouveaux MacBook Pro. Deux reprennent le design unibody bien connu et la dalle 13,3 ou 15,4 (pour une d\u00e9finition native de 1680&#215;1050 pixels. Les deux machines qui retiennent toutefois l\u2019attention sont les \u00ab<a href=\"https:\/\/www.01net.com\/tests\/test-macbook-pro-retina-apple-reprend-sa-gamme-pro-en-beaute-3236.html\" target=\"_blank\" rel=\"noopener noreferrer\">MacBook Pro avec \u00e9cran Retina<\/a>\u00bb.<br \/>Egalement d\u00e9clin\u00e9s en deux tailles (13,3 et 15,4 pouces, toujours), ces deux portables offrent une dalle aux bordures plus \u00e9troites d\u2019incroyable qualit\u00e9 avec une d\u00e9finition native de 2880&#215;1800 pixels pour le mod\u00e8le le plus grand. Voil\u00e0 qui sonnait\u00a0d\u00e9finitivement le glas pour les MacBook Pro 17 pouces, ch\u00e9ris par bien des monteurs ou graphistes nomades et qui ne seront plus mis \u00e0 jour ensuite.<\/p>\n<p>25% plus fins que leurs pr\u00e9d\u00e9cesseurs, ils sont aussi les premiers portables pro r\u00e9cents d\u2019Apple \u00e0 ne pas int\u00e9grer de lecteur optique et optent pour un SSD plut\u00f4t que pour un disque dur.<\/p>\n<figure class=\"figure text-center\"><img decoding=\"async\" class=\"article-img img-responsive-l\" src=\"https:\/\/img.bfmtv.com\/c\/0\/708\/0b1f\/ed771b2ef6beee69c79fe2cea42d.jpg\" alt=\"\"\/><figcaption class=\"figure-caption figcaption color-txt-0 title-xs hidden-xs\"\/><\/figure>\n<h3 style=\"color:#333;font-family:arial,helvetica,sans-serif;font-size:23px;font-weight:700;\">5 &#8211; Mac Pro &#8211; D\u00e9cembre 2013<\/h3>\n<p><em>\u00ab Apple ne peut plus innover ? Mon cul \u00bb<\/em>. C\u2019est par ces mots empreints de classe, que Phil Schiller a introduit le nouveau <a href=\"https:\/\/www.01net.com\/tests\/test-mac-pro-2013-apple-frappe-fort-et-redefinit-la-station-de-travail-pro-4118.html\" target=\"_blank\" rel=\"noopener noreferrer\">Mac Pro<\/a>. Une machine au design r\u00e9solument diff\u00e9rent, en rupture compl\u00e8te avec le principe de la tour classique. Cylindrique et \u00e9pur\u00e9, le Mac Pro a s\u00e9duit ou fait rire, mais il s\u2019est surtout av\u00e9r\u00e9 un beau ratage.<\/p>\n<p>Cette nouvelle station de travail pour les professionnels tr\u00e8s compacte\u00a0n\u2019\u00e9tait pas assez facile\u00a0\u00e0 faire \u00e9voluer, du fait de son parti pris de design. Certains salari\u00e9s d\u2019Apple nous ont expliqu\u00e9 que cette erreur \u00e9tait due \u00e0 une mauvaise anticipation de l\u2019\u00e9volution des performances des cartes graphiques notamment. C\u2019est possible. Une chose est s\u00fbre, ce Mac Pro c\u00f4toie le Power Mac G4 Cube au firmament des machines qui ont trop conc\u00e9d\u00e9 au design.<\/p>\n<figure class=\"figure text-center\"><img decoding=\"async\" class=\"article-img img-responsive-l\" src=\"https:\/\/img.bfmtv.com\/c\/0\/708\/0702bf\/b0f8949c2ff7cffd8340e45c38.jpg\" alt=\"\"\/><figcaption class=\"figure-caption figcaption color-txt-0 title-xs hidden-xs\"\/><\/figure>\n<h3 style=\"color:#333; font-family:arial,helvetica,sans-serif; font-size:23px; font-weight:700\">6 &#8211; iMac Retina 5K &#8211; Octobre 2014\u00a0<\/h3>\n<p>Sous l\u2019\u00e8re Intel, l\u2019iMac d\u2019Apple a \u00e9norm\u00e9ment \u00e9volu\u00e9. Il a abandonn\u00e9 le bo\u00eetier en polycarbonate pour l\u2019aluminium, a adopt\u00e9 un design plus fin et carr\u00e9, s\u2019est incroyablement affin\u00e9 avec un design en goutte d\u2019eau aplatie, a agrandi sa surface d\u2019affichage (en passant de 17 et 20 pouces \u00e0 24 pouces, puis 21,5 et 27 pouces) et a r\u00e9duit ses bordures d\u2019\u00e9cran. Bien s\u00fbr le tout-en-un d\u2019Apple a gagn\u00e9 en puissance mais ses \u00e9volutions principales ont toujours vis\u00e9 \u00e0 mettre davantage en avant l\u2019\u00e9cran.\u00a0<\/p>\n<p>L&rsquo;<a href=\"https:\/\/www.01net.com\/actualites\/test-imac-27-pouces-retina-5k-un-ecran-hors-norme-et-une-puissance-superieure-au-macpro-630668.html\" target=\"_blank\" rel=\"noopener noreferrer\">iMac Retina 5K<\/a>,\u00a0qui sort fin 2014, ne se distingue pas r\u00e9ellement de ses pr\u00e9d\u00e9cesseurs par sa configuration ou son design. En revanche, il affiche pour la premi\u00e8re fois 14,7 millions de pixels sur une dalle 5K, avec assez de ressources graphiques pour l\u2019utiliser et permettre \u00e0 des monteurs vid\u00e9o de travailler confortablement avec cette d\u00e9finition colossale.<br \/>C&rsquo;est aussi l&rsquo;occasion pour Apple d&rsquo;introduire pour la premi\u00e8re fois son propre \u00ab contr\u00f4leur de temporisation \u00bb (ou TCON). La soci\u00e9t\u00e9 de Cupertino n&rsquo;a pas eu d&rsquo;autre choix, \u00e0 l&rsquo;\u00e9poque aucun contr\u00f4leur d&rsquo;affichage n&rsquo;\u00e9tait capable de g\u00e9rer une dalle avec autant de pixels.<br \/>De fait, cet iMac est aussi un premier pas vers une autre machine embl\u00e9matique : l\u2019iMac Pro.<\/p>\n<figure class=\"figure text-center\"><img decoding=\"async\" class=\"article-img img-responsive-l\" src=\"https:\/\/img.bfmtv.com\/c\/0\/708\/fa6\/5b82fc11c74dda6443f264591881c.jpg\" alt=\"\"\/><figcaption class=\"figure-caption figcaption color-txt-0 title-xs hidden-xs\"\/><\/figure>\n<h3 style=\"color:#333;font-family:arial,helvetica,sans-serif;font-size:23px;font-weight:700;\">7 &#8211; MacBook Retina 12 pouces &#8211; Avril 2015<\/h3>\n<p>D\u00e9laiss\u00e9 depuis la mi-2010, le\u00a0MacBook, qui avait \u00e9t\u00e9 remplac\u00e9\u00a0sous les feux de la rampe par le MacBook Air, revient \u00e0 la vie en avril 2015 &#8211; et pas forc\u00e9ment pour le meilleur.<br \/>Apple en fait un ultraportable tr\u00e8s compact et l\u00e9ger, haut de gamme, et dot\u00e9 d\u2019un \u00e9cran Retina. Par son design, la qualit\u00e9 de son \u00e9cran et sa taille (12 pouces), qui l\u2019oppose aux MacBook Air 11 et 13 pouces, le <a href=\"https:\/\/www.01net.com\/tests\/test-macbook-retina-12-pouces-une-machine-a-ecrire-2-0-trop-chere-et-peu-puissante-4874.html\" target=\"_blank\" rel=\"noopener noreferrer\">MacBook Retina<\/a> s\u00e8me un peu la zizanie dans la gamme des portables grand public d\u2019Apple.\u00a0<\/p>\n<p>Les puces retenues, des Core m, promettent de fonctionner sans ventilateur, seul probl\u00e8me, elles manquent de puissance m\u00eame pour des usages basiques et il faudra attendre plusieurs g\u00e9n\u00e9rations pour ce que ce probl\u00e8me soit r\u00e9solu.<\/p>\n<p>Il est amusant \u00e9galement de constater que ces Mac ont crois\u00e9 le chemin des Core Skylake (pour la deuxi\u00e8me it\u00e9ration des MacBook Retina), qui auraient, selon <a href=\"https:\/\/www.youtube.com\/watch?v=JImi0Vnjvfw\" target=\"_blank\" rel=\"noopener noreferrer\">un ancien ing\u00e9nieur d\u2019Intel<\/a>, pouss\u00e9 Apple \u00e0 vraiment consid\u00e9rer l\u2019abandon des processeurs Intel \u00e0 cause de trop nombreux probl\u00e8mes de qualit\u00e9.<\/p>\n<p>Par ailleurs, ultime preuve qu\u2019ils sont maudits, ce sont les MacBook Retina qui ont introduit le clavier \u00ab papillon \u00bb, dont on sait qu\u2019il restera dans les m\u00e9moires comme un des plus agr\u00e9ables \u00e0 utiliser mais aussi un des moins fiables, \u00e0 cause de pannes trop nombreuses.<\/p>\n<figure class=\"figure text-center\"><img decoding=\"async\" class=\"article-img img-responsive-l\" src=\"https:\/\/img.bfmtv.com\/c\/0\/708\/b52\/39ae44e38a6ffa853595d804158a4.jpg\" alt=\"\"\/><figcaption class=\"figure-caption figcaption color-txt-0 title-xs hidden-xs\"\/><\/figure>\n<h3 style=\"color:#333;font-family:arial,helvetica,sans-serif;font-size:23px;font-weight:700;\">8 &#8211; iMac Pro &#8211; D\u00e9cembre 2017<\/h3>\n<p>Annonc\u00e9 en juin 2017, \u00e0 l\u2019occasion de la WWDC, et commercialis\u00e9 en d\u00e9cembre de la m\u00eame ann\u00e9e, l\u2019<a href=\"https:\/\/www.01net.com\/actualites\/test-imac-pro-une-puissance-colossale-dans-un-corset-contraignant-1343076.html\" target=\"_blank\" rel=\"noopener noreferrer\">iMac Pro<\/a> reprend tout ce qui a fait le succ\u00e8s des iMac 5K (27 pouces, donc), et voit plus grand !<\/p>\n<p>Apple r\u00e9ussit en effet \u00e0 glisser dans le bo\u00eetier (gris sid\u00e9ral pour l\u2019occasion) de son tout-en-un une configuration incroyablement puissante, \u00e0 base de processeurs Xeon d\u2019Intel, de carte graphique Radeon Vega, d\u2019AMD, et de stockage ultra rapide. Un port 10 Ethernet Gigabit fait aussi son apparition \u00e0 l&rsquo;arri\u00e8re.<\/p>\n<p>Vu par beaucoup, et \u00e9galement partiellement pens\u00e9, comme un moyen de faire patienter les pro avant l\u2019arriv\u00e9e du nouveau Mac Pro, l\u2019iMac Pro n\u2019a pas \u00e9t\u00e9 mis \u00e0 jour depuis.<\/p>\n<figure class=\"figure text-center\"><img decoding=\"async\" class=\"article-img img-responsive-l\" src=\"https:\/\/img.bfmtv.com\/c\/0\/708\/517\/8ff5c2f6a06c040651973b1683cde.jpg\" alt=\"\"\/><figcaption class=\"figure-caption figcaption color-txt-0 title-xs hidden-xs\"\/><\/figure>\n<h3 style=\"color:#333;font-family:arial,helvetica,sans-serif;font-size:23px;font-weight:700;\">9 &#8211; MacBook Air Retina &#8211; Octobre 2018<\/h3>\n<p>Apr\u00e8s \u00eatre rest\u00e9 coinc\u00e9 dans une bulle temporelle qui l\u2019a vu conserver le m\u00eame design et le m\u00eame \u00e9cran pendant presque huit ans et avoir vaincu le MacBook, le <a href=\"https:\/\/www.01net.com\/tests\/test-apple-macbook-air-2018-on-aurait-tellement-aime-l-aimer-6092.html\" target=\"_blank\" rel=\"noopener noreferrer\">MacBook Air<\/a> passait enfin \u00e0 une dalle digne de lui en octobre 2018.<\/p>\n<p>Adoptant \u00e9galement le clavier papillon, l\u2019ultraportable d\u2019Apple raccrochait les wagons et se positionnait davantage en entr\u00e9e de gamme que le MacBook ne l\u2019avait \u00e9t\u00e9.<br \/>Toutefois, les puces Intel retenues, pens\u00e9es pour une faible consommation d\u2019\u00e9nergie, manquaient de souffle (sauf quand il s&rsquo;agissait de faire ventiler la machine)\u00a0et n\u2019en faisaient pas forc\u00e9ment une machine recommandable.<br \/>Il a fallu attendre le <a href=\"https:\/\/www.01net.com\/tests\/test-du-macbook-air-2020-l-ultraportable-d-apple-retrouve-enfin-de-sa-superbe-6435.html\" target=\"_blank\" rel=\"noopener noreferrer\">MacBook Air 2020<\/a>, la troisi\u00e8me it\u00e9ration sortie cette ann\u00e9e, pour qu\u2019un cap soit franchi sur ce point.<\/p>\n<p>Une raison de plus pour les utilisateurs de Mac d\u2019esp\u00e9rer l\u2019arriv\u00e9e de puces Apple Silicon et pour Apple de mettre les bouch\u00e9es doubles dans ce domaine.<\/p>\n<figure class=\"figure text-center\"><img decoding=\"async\" class=\"article-img img-responsive-l\" src=\"https:\/\/img.bfmtv.com\/c\/0\/708\/e35\/b0eda6a4e2b4c8f7af239622f30e1.jpg\" alt=\"\"\/><figcaption class=\"figure-caption figcaption color-txt-0 title-xs hidden-xs\"\/><\/figure>\n<h3 style=\"color:#333; font-family:arial,helvetica,sans-serif; font-size:23px; font-weight:700\">10 &#8211; Mac Pro &#8211; D\u00e9cembre 2019<\/h3>\n<p>Une refondation. Apr\u00e8s le rat\u00e9 du Mac Pro 2013, Apple a pris le temps de repenser sa station de travail, de mettre le design au service des usages professionnels. Contrairement \u00e0 ses habitudes, Apple a annonc\u00e9 travailler sur ce projet en avril 2018, avant de <a href=\"https:\/\/www.01net.com\/actualites\/apple-officialise-enfin-son-mac-pro-un-monstre-de-puissance-et-de-design-1704862.html\" target=\"_blank\" rel=\"noopener noreferrer\">le pr\u00e9senter en juin 2019<\/a>, \u00e0 l\u2019occasion de sa WWDC, et avant de le commercialiser en d\u00e9cembre de la m\u00eame ann\u00e9e.<\/p>\n<p>Modulaire, pens\u00e9 pour \u00eatre \u00e9volutif, empil\u00e9 dans des baies ou pos\u00e9\u00a0sur des roulettes fort co\u00fbteuses, le Mac Pro 2019 est un monde de puissance qui peut embarquer un Xeon W \u00e0 28 coeurs, jusqu\u2019\u00e0 1,5 To de m\u00e9moire vive et 8 To de SSD tout en restant vraiment silencieux, gr\u00e2ce \u00e0 un bo\u00eetier et un syst\u00e8me de ventilation incroyablement bien pens\u00e9.\u00a0Apple a appris de ses erreurs, c\u2019est certain. On est d\u00e9sormais curieux de voir ce que donneront les puces Apple dans cette machine hors norme&#8230;\u00a0<\/p>\n<\/p><\/div>\n<p><script>\n         !function(f,b,e,v,n,t,s){if(f.fbq)return;n=f.fbq=function()\n         {n.callMethod? n.callMethod.apply(n,arguments):n.queue.push(arguments)}\n         ;if(!f._fbq)f._fbq=n;\n             n.push=n;n.loaded=!0;n.version='2.0';n.queue=[];t=b.createElement(e);t.async=!0;\n             t.src=v;s=b.getElementsByTagName(e)[0];s.parentNode.insertBefore(t,s)}(window,\n                 document,'script','https:\/\/connect.facebook.net\/en_US\/fbevents.js');\n         fbq('init', '1065890633454496');\n         fbq('track', 'PageView');\n     <\/script><br \/>\n<br \/>[ad_2]<br \/>\n<br \/><a href=\"https:\/\/www.01net.com\/actualites\/apple-les-dix-mac-qui-ont-marque-les-quinze-ans-de-l-ere-intel-1942873.html\">Source link <\/a><\/p>\n","protected":false},"excerpt":{"rendered":"<p>[ad_1] Au d\u00e9but des ann\u00e9es 2000, alors que ses ventes de Mac repartaient \u00e0 la hausse depuis la reprise en &hellip; <a href=\"http:\/\/www.affinite.fr\/index.php\/2020\/07\/05\/les-dix-mac-qui-ont-marque-les-quinze-ans-de-lere-intel\/\" class=\"more-link\">Plus <span class=\"screen-reader-text\">les dix Mac qui ont marqu\u00e9 les quinze ans de l\u2019\u00e8re Intel<\/span> <span class=\"meta-nav\">&rarr;<\/span><\/a><\/p>\n","protected":false},"author":1,"featured_media":4801,"comment_status":"open","ping_status":"open","sticky":false,"template":"","format":"standard","meta":{"_sitemap_exclude":false,"_sitemap_priority":"","_sitemap_frequency":"","footnotes":""},"categories":[1],"tags":[],"class_list":["post-4800","post","type-post","status-publish","format-standard","has-post-thumbnail","hentry","category-tous"],"_links":{"self":[{"href":"http:\/\/www.affinite.fr\/index.php\/wp-json\/wp\/v2\/posts\/4800"}],"collection":[{"href":"http:\/\/www.affinite.fr\/index.php\/wp-json\/wp\/v2\/posts"}],"about":[{"href":"http:\/\/www.affinite.fr\/index.php\/wp-json\/wp\/v2\/types\/post"}],"author":[{"embeddable":true,"href":"http:\/\/www.affinite.fr\/index.php\/wp-json\/wp\/v2\/users\/1"}],"replies":[{"embeddable":true,"href":"http:\/\/www.affinite.fr\/index.php\/wp-json\/wp\/v2\/comments?post=4800"}],"version-history":[{"count":0,"href":"http:\/\/www.affinite.fr\/index.php\/wp-json\/wp\/v2\/posts\/4800\/revisions"}],"wp:featuredmedia":[{"embeddable":true,"href":"http:\/\/www.affinite.fr\/index.php\/wp-json\/wp\/v2\/media\/4801"}],"wp:attachment":[{"href":"http:\/\/www.affinite.fr\/index.php\/wp-json\/wp\/v2\/media?parent=4800"}],"wp:term":[{"taxonomy":"category","embeddable":true,"href":"http:\/\/www.affinite.fr\/index.php\/wp-json\/wp\/v2\/categories?post=4800"},{"taxonomy":"post_tag","embeddable":true,"href":"http:\/\/www.affinite.fr\/index.php\/wp-json\/wp\/v2\/tags?post=4800"}],"curies":[{"name":"wp","href":"https:\/\/api.w.org\/{rel}","templated":true}]}}