{"id":4785,"date":"2020-07-04T06:56:42","date_gmt":"2020-07-04T06:56:42","guid":{"rendered":"https:\/\/www.affinite.fr\/index.php\/2020\/07\/04\/factorefurb-le-site-francais-qui-propose-des-ordinateurs-apple-reconditionnes-par-apple\/"},"modified":"2020-07-04T06:56:42","modified_gmt":"2020-07-04T06:56:42","slug":"factorefurb-le-site-francais-qui-propose-des-ordinateurs-apple-reconditionnes-par-apple","status":"publish","type":"post","link":"http:\/\/www.affinite.fr\/index.php\/2020\/07\/04\/factorefurb-le-site-francais-qui-propose-des-ordinateurs-apple-reconditionnes-par-apple\/","title":{"rendered":"FactoREFURB,\u00a0le site fran\u00e7ais qui propose des ordinateurs Apple reconditionn\u00e9s&#8230; par Apple"},"content":{"rendered":"<p> [ad_1]<br \/>\n<br \/><img decoding=\"async\" src=\"https:\/\/img.bfmtv.com\/i\/0\/0\/f9e\/caa904ff9da71fab8d79de9c813f8.jpg\" \/><\/p>\n<div itemprop=\"articleBody\">\n<p>Acheter un ordinateur reconditionn\u00e9 permet de faire une bonne affaire, mais pose le probl\u00e8me de la qualit\u00e9 du reconditionnement, ainsi que de la garantie. La soci\u00e9t\u00e9 fran\u00e7aise FactoREFURB apporte une solution en proposant des appareils reconditionn\u00e9s par les constructeurs.<br \/>Ainsi, elle vend des ordinateurs Apple reconditionn\u00e9s par Apple, ce qui permet de b\u00e9n\u00e9ficier de la garantie d&rsquo;un an du constructeur, ainsi que de l&rsquo;option AppleCare. De plus, la livraison est gratuite et les accessoires sont d&rsquo;origine.<\/p>\n<h3 style=\"color:#333; font-family:arial,helvetica,sans-serif; font-size:23px; font-weight:700\">Un choix limit\u00e9<\/h3>\n<p>Lors de notre visite sur le site, nous avons trouv\u00e9 une trentaine de r\u00e9f\u00e9rences avec principalement des iMac 27 pouces, des MacBook 12 pouces, des MacBook Air 13,3 pouces et des MacBook Pro 15,4 pouces. Les appareils sont majoritairement des mod\u00e8les de 2017. Ce qui commencent \u00e0 \u00eatre un peu ancien, mais pas forc\u00e9ment inint\u00e9ressant. Les remises peuvent atteindre 41% et l&rsquo;offre n&rsquo;est \u00e9videmment pas identique \u00e0 celle que l&rsquo;on trouve sur le <a href=\"https:\/\/www.apple.com\/fr\/shop\/refurbished\/mac\" target=\"_blank\" rel=\"noopener noreferrer\">site officiel d&rsquo;Apple<\/a>.<\/p>\n<aside class=\"bg-color-0 padding-inside-all-s bloc border-s\">\n<h4 class=\"box-txt-normal\">\n<p><strong>A d\u00e9couvrir aussi en vid\u00e9o :<\/strong><\/p>\n<\/h4>\n<\/aside>\n<p>Il est m\u00eame possible de faire de bonnes affaires, comme nous avons pu le constater avec un MacBook 12 pouces de 2017 (Core i5 \/ 8 Go \/ SSD 512 Go) vendu 899 euros, contre 1529 euros chez Apple, originellement. Car il faut noter que les MacBook n&rsquo;existent plus au catalogue du g\u00e9ant am\u00e9ricain.\u00a0Nous avons aussi vu un\u00a0Macbook Pro 15,4 pouces de 2018\u00a0(Core i9 \/ 32 Go \/ SSD 1 To) \u00e0 2890 euros au lieu de 3679 euros.\u00a0Vous disposez ainsi d&rsquo;une\u00a0autre source si vous recherchez un ordinateur reconditionn\u00e9 par Apple.<\/p>\n<p><strong>Source <\/strong>:\u00a0<a href=\"https:\/\/factorefurb.com\/shop\/\" target=\"_blank\" rel=\"noopener noreferrer\">FactoREFURB<\/a><\/p>\n<\/p><\/div>\n<p><script>\n         !function(f,b,e,v,n,t,s){if(f.fbq)return;n=f.fbq=function()\n         {n.callMethod? n.callMethod.apply(n,arguments):n.queue.push(arguments)}\n         ;if(!f._fbq)f._fbq=n;\n             n.push=n;n.loaded=!0;n.version='2.0';n.queue=[];t=b.createElement(e);t.async=!0;\n             t.src=v;s=b.getElementsByTagName(e)[0];s.parentNode.insertBefore(t,s)}(window,\n                 document,'script','https:\/\/connect.facebook.net\/en_US\/fbevents.js');\n         fbq('init', '1065890633454496');\n         fbq('track', 'PageView');\n     <\/script><br \/>\n<br \/>[ad_2]<br \/>\n<br \/><a href=\"https:\/\/www.01net.com\/actualites\/factorefurble-site-francais-qui-propose-des-ordinateurs-apple-reconditionnes-par-apple-1941547.html\">Source link <\/a><\/p>\n","protected":false},"excerpt":{"rendered":"<p>[ad_1] Acheter un ordinateur reconditionn\u00e9 permet de faire une bonne affaire, mais pose le probl\u00e8me de la qualit\u00e9 du reconditionnement, &hellip; <a href=\"http:\/\/www.affinite.fr\/index.php\/2020\/07\/04\/factorefurb-le-site-francais-qui-propose-des-ordinateurs-apple-reconditionnes-par-apple\/\" class=\"more-link\">Plus <span class=\"screen-reader-text\">FactoREFURB,\u00a0le site fran\u00e7ais qui propose des ordinateurs Apple reconditionn\u00e9s&#8230; par Apple<\/span> <span class=\"meta-nav\">&rarr;<\/span><\/a><\/p>\n","protected":false},"author":1,"featured_media":4786,"comment_status":"open","ping_status":"open","sticky":false,"template":"","format":"standard","meta":{"_sitemap_exclude":false,"_sitemap_priority":"","_sitemap_frequency":"","footnotes":""},"categories":[1],"tags":[],"class_list":["post-4785","post","type-post","status-publish","format-standard","has-post-thumbnail","hentry","category-tous"],"_links":{"self":[{"href":"http:\/\/www.affinite.fr\/index.php\/wp-json\/wp\/v2\/posts\/4785"}],"collection":[{"href":"http:\/\/www.affinite.fr\/index.php\/wp-json\/wp\/v2\/posts"}],"about":[{"href":"http:\/\/www.affinite.fr\/index.php\/wp-json\/wp\/v2\/types\/post"}],"author":[{"embeddable":true,"href":"http:\/\/www.affinite.fr\/index.php\/wp-json\/wp\/v2\/users\/1"}],"replies":[{"embeddable":true,"href":"http:\/\/www.affinite.fr\/index.php\/wp-json\/wp\/v2\/comments?post=4785"}],"version-history":[{"count":0,"href":"http:\/\/www.affinite.fr\/index.php\/wp-json\/wp\/v2\/posts\/4785\/revisions"}],"wp:featuredmedia":[{"embeddable":true,"href":"http:\/\/www.affinite.fr\/index.php\/wp-json\/wp\/v2\/media\/4786"}],"wp:attachment":[{"href":"http:\/\/www.affinite.fr\/index.php\/wp-json\/wp\/v2\/media?parent=4785"}],"wp:term":[{"taxonomy":"category","embeddable":true,"href":"http:\/\/www.affinite.fr\/index.php\/wp-json\/wp\/v2\/categories?post=4785"},{"taxonomy":"post_tag","embeddable":true,"href":"http:\/\/www.affinite.fr\/index.php\/wp-json\/wp\/v2\/tags?post=4785"}],"curies":[{"name":"wp","href":"https:\/\/api.w.org\/{rel}","templated":true}]}}