{"id":4773,"date":"2020-07-03T23:45:06","date_gmt":"2020-07-03T23:45:06","guid":{"rendered":"https:\/\/www.affinite.fr\/index.php\/2020\/07\/03\/sony-pourrait-ouvrir-les-precommandes-des-le-13-juillet\/"},"modified":"2020-07-03T23:45:06","modified_gmt":"2020-07-03T23:45:06","slug":"sony-pourrait-ouvrir-les-precommandes-des-le-13-juillet","status":"publish","type":"post","link":"http:\/\/www.affinite.fr\/index.php\/2020\/07\/03\/sony-pourrait-ouvrir-les-precommandes-des-le-13-juillet\/","title":{"rendered":"Sony pourrait ouvrir les pr\u00e9commandes d\u00e8s le 13 juillet"},"content":{"rendered":"<p> [ad_1]<br \/>\n<br \/><img decoding=\"async\" src=\"https:\/\/img.bfmtv.com\/i\/0\/0\/aa7\/76ef52cfece211d9868a5b9b07e44.jpg\" \/><\/p>\n<div itemprop=\"articleBody\">\n<p>Maintenant que <a href=\"https:\/\/www.01net.com\/actualite\/playstation-5\/\" target=\"_blank\" rel=\"noopener noreferrer\">le design et les d\u00e9tails techniques de la PS5 sont officiels<\/a>, les plus grandes inconnues restent le prix de la console et sa date de sortie. Le tarif et la disponibilit\u00e9 pourraient \u00eatre officialis\u00e9s d\u00e8s le 13 juillet lors de l\u2019ouverture des pr\u00e9commandes de la nouvelle console de Sony.<\/p>\n<p>C\u2019est en tout cas ce qu\u2019affirme Roberto Serrano sur Twitter. G\u00e9n\u00e9ralement bien inform\u00e9 (il avait notamment annonc\u00e9 l\u2019\u00e9v\u00e9nement Playstation du 12 juin, lors duquel Sony avait pr\u00e9sent\u00e9 sa console), il a fait savoir que Sony ouvrirait le bal des pr\u00e9commandes dans dix jours seulement.\u00a0<\/p>\n<div data-force-click=\"true\" class=\"bloc\">\n<blockquote class=\"twitter-tweet\">\n<p lang=\"en\" dir=\"ltr\">July 13 &gt; <a href=\"https:\/\/twitter.com\/hashtag\/PS5?src=hash&amp;ref_src=twsrc%5Etfw\">#PS5<\/a> price, release date and pre-order<\/p>\n<p>TBC<\/p>\n<p>\u2014 Roberto Serrano&rsquo; (@geronimo_73) <a href=\"https:\/\/twitter.com\/geronimo_73\/status\/1278378284045271044?ref_src=twsrc%5Etfw\">July 1, 2020<\/a><\/p><\/blockquote><\/div>\n<p>Du c\u00f4t\u00e9 du constructeur nippon, les derni\u00e8res fuites font \u00e9tat d\u2019une possible conf\u00e9rence en ligne en fin de semaine prochaine, ce qui tend \u00e0 valider l\u2019information de Serrano.<\/p>\n<aside class=\"bg-color-0 padding-inside-all-s bloc border-s\">\n<h4 class=\"box-txt-normal\">\n<p><strong>\u00c0 d\u00e9couvrir aussi en vid\u00e9o :<\/strong><\/p>\n<\/h4>\n<\/aside>\n<p>Ces m\u00eames indiscr\u00e9tions cochent la date du 20 novembre 2020 pour la sortie de la console. Quant au prix, il serait de 399 euros pour la version d\u00e9mat\u00e9rialis\u00e9e et de <a href=\"https:\/\/www.01net.com\/actualites\/playstation-5-le-prix-de-la-console-de-sony-et-de-ses-accessoires-peut-etre-revele-sur-twitter-1941522.html\" target=\"_blank\" rel=\"noopener noreferrer\">499 euros pour la PS5<\/a> \u00e9quip\u00e9 du lecteur de Blu-ray. Bien \u00e9videmment faute d\u2019officialisation de la part de Sony, l\u2019ensemble de ces informations est \u00e0 prendre avec des pincettes.\u00a0<\/p>\n<\/p><\/div>\n<p><script async src=\"http:\/\/platform.twitter.com\/widgets.js\" charset=\"utf-8\"><\/script><script>\n         !function(f,b,e,v,n,t,s){if(f.fbq)return;n=f.fbq=function()\n         {n.callMethod? n.callMethod.apply(n,arguments):n.queue.push(arguments)}\n         ;if(!f._fbq)f._fbq=n;\n             n.push=n;n.loaded=!0;n.version='2.0';n.queue=[];t=b.createElement(e);t.async=!0;\n             t.src=v;s=b.getElementsByTagName(e)[0];s.parentNode.insertBefore(t,s)}(window,\n                 document,'script','https:\/\/connect.facebook.net\/en_US\/fbevents.js');\n         fbq('init', '1065890633454496');\n         fbq('track', 'PageView');\n     <\/script><br \/>\n<br \/>[ad_2]<br \/>\n<br \/><a href=\"https:\/\/www.01net.com\/actualites\/playstation-5-sony-pourrait-ouvrir-les-precommandes-des-le-13-juillet-1942893.html\">Source link <\/a><\/p>\n","protected":false},"excerpt":{"rendered":"<p>[ad_1] Maintenant que le design et les d\u00e9tails techniques de la PS5 sont officiels, les plus grandes inconnues restent le &hellip; <a href=\"http:\/\/www.affinite.fr\/index.php\/2020\/07\/03\/sony-pourrait-ouvrir-les-precommandes-des-le-13-juillet\/\" class=\"more-link\">Plus <span class=\"screen-reader-text\">Sony pourrait ouvrir les pr\u00e9commandes d\u00e8s le 13 juillet<\/span> <span class=\"meta-nav\">&rarr;<\/span><\/a><\/p>\n","protected":false},"author":1,"featured_media":4650,"comment_status":"open","ping_status":"open","sticky":false,"template":"","format":"standard","meta":{"_sitemap_exclude":false,"_sitemap_priority":"","_sitemap_frequency":"","footnotes":""},"categories":[1],"tags":[],"class_list":["post-4773","post","type-post","status-publish","format-standard","has-post-thumbnail","hentry","category-tous"],"_links":{"self":[{"href":"http:\/\/www.affinite.fr\/index.php\/wp-json\/wp\/v2\/posts\/4773"}],"collection":[{"href":"http:\/\/www.affinite.fr\/index.php\/wp-json\/wp\/v2\/posts"}],"about":[{"href":"http:\/\/www.affinite.fr\/index.php\/wp-json\/wp\/v2\/types\/post"}],"author":[{"embeddable":true,"href":"http:\/\/www.affinite.fr\/index.php\/wp-json\/wp\/v2\/users\/1"}],"replies":[{"embeddable":true,"href":"http:\/\/www.affinite.fr\/index.php\/wp-json\/wp\/v2\/comments?post=4773"}],"version-history":[{"count":0,"href":"http:\/\/www.affinite.fr\/index.php\/wp-json\/wp\/v2\/posts\/4773\/revisions"}],"wp:featuredmedia":[{"embeddable":true,"href":"http:\/\/www.affinite.fr\/index.php\/wp-json\/wp\/v2\/media\/4650"}],"wp:attachment":[{"href":"http:\/\/www.affinite.fr\/index.php\/wp-json\/wp\/v2\/media?parent=4773"}],"wp:term":[{"taxonomy":"category","embeddable":true,"href":"http:\/\/www.affinite.fr\/index.php\/wp-json\/wp\/v2\/categories?post=4773"},{"taxonomy":"post_tag","embeddable":true,"href":"http:\/\/www.affinite.fr\/index.php\/wp-json\/wp\/v2\/tags?post=4773"}],"curies":[{"name":"wp","href":"https:\/\/api.w.org\/{rel}","templated":true}]}}