{"id":4769,"date":"2020-07-03T21:42:58","date_gmt":"2020-07-03T21:42:58","guid":{"rendered":"https:\/\/www.affinite.fr\/index.php\/2020\/07\/03\/facebook-met-lasso-son-tiktok-killer-au-placard\/"},"modified":"2020-07-03T21:42:58","modified_gmt":"2020-07-03T21:42:58","slug":"facebook-met-lasso-son-tiktok-killer-au-placard","status":"publish","type":"post","link":"http:\/\/www.affinite.fr\/index.php\/2020\/07\/03\/facebook-met-lasso-son-tiktok-killer-au-placard\/","title":{"rendered":"Facebook met Lasso, son \u00ab TikTok killer \u00bb, au placard"},"content":{"rendered":"<p> [ad_1]<br \/>\n<br \/><img decoding=\"async\" src=\"https:\/\/img.bfmtv.com\/i\/0\/0\/33a\/f070ef6ba606ab1c1a5d4e4c1d25f.jpg\" \/><\/p>\n<div itemprop=\"articleBody\">\n<p>Lanc\u00e9e il y a un an et demi, <a href=\"https:\/\/www.01net.com\/telecharger\/linux\/Internet\/fiches\/147648.html\" target=\"_blank\" rel=\"noopener noreferrer\">Lasso<\/a> tire sa r\u00e9v\u00e9rence. <a href=\"https:\/\/www.01net.com\/actualites\/lasso-la-reponse-de-facebook-a-tiktok-pour-seduire-les-adolescents-1564442.html\" target=\"_blank\" rel=\"noopener noreferrer\">Facebook, qui avait pour ambition de concurrencer TikTok<\/a> avec une copie conforme maison, a annonc\u00e9, mercredi 1er juillet, la fin de l&rsquo;appli \u00e0 ses utilisateurs\u00a0d&rsquo;ici\u00a0sept jours. La cl\u00f4ture sera officielle le\u00a010 juillet 2020.<\/p>\n<h3 style=\"color:#333; font-family:arial,helvetica,sans-serif; font-size:23px; font-weight:700\">Rien d&rsquo;autre qu&rsquo;un test d\u00e9sormais clos<\/h3>\n<blockquote>\n<p>\u00ab\u00a0<em>Nous faisons plusieurs paris dans\u00a0notre famille d\u2019applications pour tester et <a href=\"http:\/\/www.affinite.fr\/index.php\/2022\/11\/09\/formation-de-glacier-apprenez-le-metier-de-glacier-et-changez-votre-vie\/\">apprendre<\/a> comment les gens souhaitent s\u2019exprimer.\u00a0L\u2019un de ces tests \u00e9tait Lasso, notre application de courtes vid\u00e9os, et nous avons d\u00e9cid\u00e9 d\u2019en finir.\u00a0Nous remercions tous ceux qui nous ont fait part de leur cr\u00e9ativit\u00e9 et de leurs commentaires pendant cette exp\u00e9rience. Nous tenterons de les int\u00e9grer dans\u00a0nos autres exp\u00e9rimentations\u00a0vid\u00e9os<\/em>\u00a0\u00bb, a d\u00e9clar\u00e9 un porte-parole de Facebook \u00e0 <em>Techcrunch<\/em>.<\/p>\n<\/blockquote>\n<p>En f\u00e9vrier, Lasso \u00e9tait pourtant disponible en Colombie, au Mexique, aux \u00c9tats-Unis, en Argentine, au Chili, au P\u00e9rou, au Panama, au Costa Rica, au Salvador, en \u00c9quateur, en Uruguay et \u00e9galement en Inde en langue hindi.\u00a0<\/p>\n<h3 style=\"color:#333; font-family:arial,helvetica,sans-serif; font-size:23px; font-weight:700\">Termin\u00e9 Lasso, mais l&rsquo;ambition est toujours l\u00e0<\/h3>\n<p>Lasso a \u00e9t\u00e9 vu\u00a0comme la r\u00e9ponse de Facebook \u00e0 Tiktok, devenu le r\u00e9seau social pr\u00e9f\u00e9r\u00e9 des jeunes en Chine comme en Occident. Depuis fin 2018, Lasso permettait aux utilisateurs de filmer des vid\u00e9os de 15 secondes et de superposer des chansons populaires &#8211; exactement comme l&rsquo;appli chinoise.\u00a0<\/p>\n<p>Certains analysent cette disparition comme un moyen pour faire place neuve \u00e0 <a href=\"https:\/\/www.01net.com\/actualites\/instagram-lance-reels-un-format-de-videos-courtes-pour-concurrencer-tiktok-1938189.html\" target=\"_blank\" rel=\"noopener noreferrer\">Instagram Reels<\/a>, le nouveau cheval de bataille de Facebook pour concurrencer le g\u00e9ant chinois. Parmi eux, Josh Constine sur Twitter.\u00a0<\/p>\n<div data-force-click=\"true\" class=\"bloc\">\n<blockquote class=\"twitter-tweet\">\n<p lang=\"en\" dir=\"ltr\">Facebook\u2019s TikTok clone lasso is shutting down ahead of the Instagram Reels launch, so basically Fb lost 2 years by half-assing. Brb, gotta go save my zero Lassos <a href=\"https:\/\/t.co\/VgKImjgWM4\">pic.twitter.com\/VgKImjgWM4<\/a><\/p>\n<p>\u2014 Josh Constine -SignalFire (@JoshConstine) <a href=\"https:\/\/twitter.com\/JoshConstine\/status\/1278485301954920448?ref_src=twsrc%5Etfw\">July 2, 2020<\/a><\/p><\/blockquote><\/div>\n<p>Mais,\u00a0comme le note <em>TechCrunch,<\/em> les raisons de cette fin soudaine ne sont pas limpides. Une chose est s\u00fbre, l&rsquo;aventure Lasso a \u00e9t\u00e9 perturb\u00e9e, depuis son d\u00e9but. Quelques jours apr\u00e8s le lancement,\u00a0<span>Brady Voss, \u00e0 la t\u00eate\u00a0du programme de d\u00e9veloppement de l&rsquo;appli, avait quitt\u00e9 Facebook.<\/span><span>\u00a0<\/span><\/p>\n<aside class=\"bg-color-0 padding-inside-all-s bloc border-s\">\n<h4 class=\"box-txt-normal\">\n<p><strong>\u00c0 d\u00e9couvrir aussi en vid\u00e9o<\/strong><\/p>\n<\/h4>\n<\/aside>\n<h3 style=\"color:#333; font-family:arial,helvetica,sans-serif; font-size:23px; font-weight:700\">80\u00a0000 utilisateurs actifs quotidiens au Mexique<\/h3>\n<p>Au 1er juin 2020,\u00a0Lasso avait moins de 80\u00a0000 utilisateurs actifs quotidiens sur Android au Mexique &#8211; son record &#8211;\u00a0selon la soci\u00e9t\u00e9 App Annie cit\u00e9e par <em>TechCrunch<\/em>.\u00a0C\u00f4t\u00e9 iOS, les chiffres \u00e9taient si bas qu&rsquo;ils n&rsquo;ont m\u00eame pas \u00e9t\u00e9 suivis.<\/p>\n<p>Plus t\u00f4t cette semaine, Facebook a \u00e9galement annonc\u00e9 la cl\u00f4ture de l&rsquo;appli\u00a0Hobbi, qui permettait aux utilisateurs de documenter leurs projets personnels.\u00a0C&rsquo;\u00e9tait aussi un projet exp\u00e9rimental du groupe.<\/p>\n<\/p><\/div>\n<p><script async src=\"http:\/\/platform.twitter.com\/widgets.js\" charset=\"utf-8\"><\/script><script>\n         !function(f,b,e,v,n,t,s){if(f.fbq)return;n=f.fbq=function()\n         {n.callMethod? n.callMethod.apply(n,arguments):n.queue.push(arguments)}\n         ;if(!f._fbq)f._fbq=n;\n             n.push=n;n.loaded=!0;n.version='2.0';n.queue=[];t=b.createElement(e);t.async=!0;\n             t.src=v;s=b.getElementsByTagName(e)[0];s.parentNode.insertBefore(t,s)}(window,\n                 document,'script','https:\/\/connect.facebook.net\/en_US\/fbevents.js');\n         fbq('init', '1065890633454496');\n         fbq('track', 'PageView');\n     <\/script><br \/>\n<br \/>[ad_2]<br \/>\n<br \/><a href=\"https:\/\/www.01net.com\/actualites\/facebook-met-lasso-son-tiktok-killer-au-placard-1942848.html\">Source link <\/a><\/p>\n","protected":false},"excerpt":{"rendered":"<p>[ad_1] Lanc\u00e9e il y a un an et demi, Lasso tire sa r\u00e9v\u00e9rence. Facebook, qui avait pour ambition de concurrencer &hellip; <a href=\"http:\/\/www.affinite.fr\/index.php\/2020\/07\/03\/facebook-met-lasso-son-tiktok-killer-au-placard\/\" class=\"more-link\">Plus <span class=\"screen-reader-text\">Facebook met Lasso, son \u00ab TikTok killer \u00bb, au placard<\/span> <span class=\"meta-nav\">&rarr;<\/span><\/a><\/p>\n","protected":false},"author":1,"featured_media":4770,"comment_status":"open","ping_status":"open","sticky":false,"template":"","format":"standard","meta":{"_sitemap_exclude":false,"_sitemap_priority":"","_sitemap_frequency":"","footnotes":""},"categories":[1],"tags":[],"class_list":["post-4769","post","type-post","status-publish","format-standard","has-post-thumbnail","hentry","category-tous"],"_links":{"self":[{"href":"http:\/\/www.affinite.fr\/index.php\/wp-json\/wp\/v2\/posts\/4769"}],"collection":[{"href":"http:\/\/www.affinite.fr\/index.php\/wp-json\/wp\/v2\/posts"}],"about":[{"href":"http:\/\/www.affinite.fr\/index.php\/wp-json\/wp\/v2\/types\/post"}],"author":[{"embeddable":true,"href":"http:\/\/www.affinite.fr\/index.php\/wp-json\/wp\/v2\/users\/1"}],"replies":[{"embeddable":true,"href":"http:\/\/www.affinite.fr\/index.php\/wp-json\/wp\/v2\/comments?post=4769"}],"version-history":[{"count":0,"href":"http:\/\/www.affinite.fr\/index.php\/wp-json\/wp\/v2\/posts\/4769\/revisions"}],"wp:featuredmedia":[{"embeddable":true,"href":"http:\/\/www.affinite.fr\/index.php\/wp-json\/wp\/v2\/media\/4770"}],"wp:attachment":[{"href":"http:\/\/www.affinite.fr\/index.php\/wp-json\/wp\/v2\/media?parent=4769"}],"wp:term":[{"taxonomy":"category","embeddable":true,"href":"http:\/\/www.affinite.fr\/index.php\/wp-json\/wp\/v2\/categories?post=4769"},{"taxonomy":"post_tag","embeddable":true,"href":"http:\/\/www.affinite.fr\/index.php\/wp-json\/wp\/v2\/tags?post=4769"}],"curies":[{"name":"wp","href":"https:\/\/api.w.org\/{rel}","templated":true}]}}