{"id":4762,"date":"2020-07-03T17:34:27","date_gmt":"2020-07-03T17:34:27","guid":{"rendered":"https:\/\/www.affinite.fr\/index.php\/2020\/07\/03\/la-4g-fonctionne-enfin-dans-le-metro-parisien\/"},"modified":"2020-07-03T17:34:27","modified_gmt":"2020-07-03T17:34:27","slug":"la-4g-fonctionne-enfin-dans-le-metro-parisien","status":"publish","type":"post","link":"http:\/\/www.affinite.fr\/index.php\/2020\/07\/03\/la-4g-fonctionne-enfin-dans-le-metro-parisien\/","title":{"rendered":"La 4G fonctionne enfin dans le m\u00e9tro parisien"},"content":{"rendered":"<p> [ad_1]<br \/>\n<br \/><img decoding=\"async\" src=\"https:\/\/img.bfmtv.com\/i\/0\/0\/1b4\/08f8acd6b71786a31b92b3a1deae9.jpg\" \/><\/p>\n<div itemprop=\"articleBody\">\n<p>Ce vendredi, nous commentons l&rsquo;actu en compagnie de Fr\u00e9d\u00e9ric Bianchi journaliste \u00e0 BFM Business et Emmanuel Paquette journaliste \u00e0 l&rsquo;Express.<\/p>\n<p>Vous pourrez enfin rester connect\u00e9s tout au long de votre trajet en m\u00e9tro parisien. Le r\u00e9seau RATP, avec plusieurs mois de retard, est couvert \u00e0 100% pour le tr\u00e8s haut d\u00e9bit mobile.<\/p>\n<p>Amazon lance Watch Party, une fonctionnalit\u00e9 de co-watching. Inspir\u00e9 de Netflix Party, l\u2019extension permet de regarder une s\u00e9rie ou un film \u00e0 plusieurs et \u00e0 distance.<\/p>\n<p>Apparue en 2003 en France, la box TV est-elle en perte de vitesse ? Concurrenc\u00e9e par les TV connect\u00e9es, l&rsquo;Apple TV ou bien les boitiers OTT mais aussi par Netflix et les autres services de SVOD, la bonne vieille box vit-elle ses derni\u00e8res heures ? La r\u00e9ponse avec Am\u00e9lie Charnay journaliste \u00e0 01net.com.<\/p>\n<\/p><\/div>\n<p><script>\n         !function(f,b,e,v,n,t,s){if(f.fbq)return;n=f.fbq=function()\n         {n.callMethod? n.callMethod.apply(n,arguments):n.queue.push(arguments)}\n         ;if(!f._fbq)f._fbq=n;\n             n.push=n;n.loaded=!0;n.version='2.0';n.queue=[];t=b.createElement(e);t.async=!0;\n             t.src=v;s=b.getElementsByTagName(e)[0];s.parentNode.insertBefore(t,s)}(window,\n                 document,'script','https:\/\/connect.facebook.net\/en_US\/fbevents.js');\n         fbq('init', '1065890633454496');\n         fbq('track', 'PageView');\n     <\/script><br \/>\n<br \/>[ad_2]<br \/>\n<br \/><a href=\"https:\/\/www.01net.com\/actualites\/la-4g-fonctionne-enfin-dans-le-metro-parisien-dqjmm-1943007.html\">Source link <\/a><\/p>\n","protected":false},"excerpt":{"rendered":"<p>[ad_1] Ce vendredi, nous commentons l&rsquo;actu en compagnie de Fr\u00e9d\u00e9ric Bianchi journaliste \u00e0 BFM Business et Emmanuel Paquette journaliste \u00e0 &hellip; <a href=\"http:\/\/www.affinite.fr\/index.php\/2020\/07\/03\/la-4g-fonctionne-enfin-dans-le-metro-parisien\/\" class=\"more-link\">Plus <span class=\"screen-reader-text\">La 4G fonctionne enfin dans le m\u00e9tro parisien<\/span> <span class=\"meta-nav\">&rarr;<\/span><\/a><\/p>\n","protected":false},"author":1,"featured_media":4763,"comment_status":"open","ping_status":"open","sticky":false,"template":"","format":"standard","meta":{"_sitemap_exclude":false,"_sitemap_priority":"","_sitemap_frequency":"","footnotes":""},"categories":[1],"tags":[],"class_list":["post-4762","post","type-post","status-publish","format-standard","has-post-thumbnail","hentry","category-tous"],"_links":{"self":[{"href":"http:\/\/www.affinite.fr\/index.php\/wp-json\/wp\/v2\/posts\/4762"}],"collection":[{"href":"http:\/\/www.affinite.fr\/index.php\/wp-json\/wp\/v2\/posts"}],"about":[{"href":"http:\/\/www.affinite.fr\/index.php\/wp-json\/wp\/v2\/types\/post"}],"author":[{"embeddable":true,"href":"http:\/\/www.affinite.fr\/index.php\/wp-json\/wp\/v2\/users\/1"}],"replies":[{"embeddable":true,"href":"http:\/\/www.affinite.fr\/index.php\/wp-json\/wp\/v2\/comments?post=4762"}],"version-history":[{"count":0,"href":"http:\/\/www.affinite.fr\/index.php\/wp-json\/wp\/v2\/posts\/4762\/revisions"}],"wp:featuredmedia":[{"embeddable":true,"href":"http:\/\/www.affinite.fr\/index.php\/wp-json\/wp\/v2\/media\/4763"}],"wp:attachment":[{"href":"http:\/\/www.affinite.fr\/index.php\/wp-json\/wp\/v2\/media?parent=4762"}],"wp:term":[{"taxonomy":"category","embeddable":true,"href":"http:\/\/www.affinite.fr\/index.php\/wp-json\/wp\/v2\/categories?post=4762"},{"taxonomy":"post_tag","embeddable":true,"href":"http:\/\/www.affinite.fr\/index.php\/wp-json\/wp\/v2\/tags?post=4762"}],"curies":[{"name":"wp","href":"https:\/\/api.w.org\/{rel}","templated":true}]}}