{"id":4746,"date":"2020-07-03T12:27:02","date_gmt":"2020-07-03T12:27:02","guid":{"rendered":"https:\/\/www.affinite.fr\/index.php\/2020\/07\/03\/olympus-lance-son-app-gratuite-pour-transformer-votre-hybride-om-d-en-webcam\/"},"modified":"2020-07-03T12:27:02","modified_gmt":"2020-07-03T12:27:02","slug":"olympus-lance-son-app-gratuite-pour-transformer-votre-hybride-om-d-en-webcam","status":"publish","type":"post","link":"http:\/\/www.affinite.fr\/index.php\/2020\/07\/03\/olympus-lance-son-app-gratuite-pour-transformer-votre-hybride-om-d-en-webcam\/","title":{"rendered":"Olympus lance son app gratuite pour transformer votre hybride OM-D en webcam"},"content":{"rendered":"<p> [ad_1]<br \/>\n<\/p>\n<div itemprop=\"articleBody\">\n<p>Dans les pas des <a href=\"https:\/\/www.01net.com\/actualites\/canon-transforme-votre-appareil-photo-en-superwebcam-1904682.html\" target=\"_blank\" rel=\"noopener noreferrer\">Canon<\/a>, <a href=\"https:\/\/www.01net.com\/actualites\/fujifilm-transforme-gratuitement-votre-appareil-photo-hybride-en-webcam-1922090.html\" target=\"_blank\" rel=\"noopener noreferrer\">Fujifilm <\/a>et <a href=\"https:\/\/www.01net.com\/actualites\/panasonic-transforme-a-son-tour-votre-appareil-photo-en-webcam-1929985.html\" target=\"_blank\" rel=\"noopener noreferrer\">Panasonic<\/a>, c\u2019est au tour d\u2019Olympus d\u2019annoncer son application PC pour transformer certains de ses appareils hybrides en \u00ab super \u00bb webcam. Comme son nom l\u2019indique \u00ab <a href=\"https:\/\/learnandsupport.getolympus.com\/olympus-om-d-webcam-beta\" target=\"_blank\" rel=\"noopener noreferrer\">OM-D Webcam<\/a> \u00bb prend en charge les bo\u00eetiers OM-D de la marque \u2013 pas de Pen donc. Et encore pas tous, puisqu\u2019au lancement seulement 5 bo\u00eetiers sont compatibles :<\/p>\n<p>Uniquement les bo\u00eetiers haut de gamme et un bo\u00eetier milieu de gamme r\u00e9cent. Esp\u00e9rons qu\u2019Olympus travaille \u00e0 la compatibilit\u00e9 avec les OM-D E-M10, qui se sont vendus en bien plus grand volume, car beaucoup moins cher.<\/p>\n<figure class=\"figure text-center\"><img decoding=\"async\" class=\"article-img img-responsive-l\" src=\"https:\/\/img.bfmtv.com\/c\/1732\/956\/a20ef8\/8bc2d7e8c3c6254026fcb071f1.jpg\" alt=\"\"\/><figcaption class=\"figure-caption figcaption color-txt-0 title-xs hidden-xs\"\/><\/figure>\n<p>Comme pour les applications des concurrents du monde de la photo, le bo\u00eetier ne capture pas le son, il vous faudra donc un microphone externe \u2013 mais les dictaphones Olympus de la gamme LS-P sont pour la plupart reconnus comme des microphones externes, alors si vous en \u00eates \u00e9quip\u00e9s, vous n\u2019aurez qu\u2019\u00e0 les brancher eux aussi sur le PC.<br \/>La version macOS n&rsquo;est pour le moment pas annonc\u00e9e comme ce fut le cas pour Canon et les autres, mais vu la pr\u00e9valence du Mac dans le monde de la photographie, nul doute qu\u2019elle devrait arriver rapidement.<\/p>\n<p>Sony et Nikon, de leur c\u00f4t\u00e9, n\u2019ont toujours pas annonc\u00e9 d\u2019application du genre ce qui est assez surprenant, notamment de la part de Sony.<\/p>\n<h3 style=\"color:#333; font-family:arial,helvetica,sans-serif; font-size:23px; font-weight:700\">Olympus n\u2019est pas mort : 8 optiques en pr\u00e9paration<\/h3>\n<figure class=\"figure text-center\"><img decoding=\"async\" class=\"article-img img-responsive-l\" src=\"https:\/\/img.bfmtv.com\/c\/800\/469\/839\/03b97d1ee489dd44289e26c0844fc.jpg\" alt=\"\"\/><figcaption class=\"figure-caption figcaption color-txt-0 title-xs hidden-xs\"\/><\/figure>\n<p>Olympus a profit\u00e9 de l\u2019annonce d\u2019OM-D Webcam pour rassurer ses fans : bien qu\u2019en passe d\u2019\u00eatre <a href=\"https:\/\/www.01net.com\/actualites\/la-fin-d-une-ere-olympus-vend-sa-division-photo-1938290.html\" target=\"_blank\" rel=\"noopener noreferrer\">vendue \u00e0 Japan Investment Partners<\/a> (<a href=\"https:\/\/www.01net.com\/actualites\/vaio-est-encore-en-vie-et-relance-des-pc-portables-en-asie-1466405.html\" target=\"_blank\" rel=\"noopener noreferrer\">qui d\u00e9tient d\u00e9j\u00e0 la marque Vaio rachet\u00e9e \u00e0 Sony<\/a>), la division photo annonce non pas une ou deux, mais huit (!) nouvelles optiques, actuellement en d\u00e9veloppement.<\/p>\n<aside class=\"bg-color-0 padding-inside-all-s bloc border-s\">\n<h4 class=\"box-txt-normal\">\n<div class=\"\">\n<p><strong>\u00c0 d\u00e9couvrir aussi en vid\u00e9o<\/strong><\/p>\n<\/div>\n<\/h4>\n<\/aside>\n<p>On connaissait d\u00e9j\u00e0 le monstrueux M.Zuiko Digital ED 150-400mm F4.5 TC1.25x IS PRO (oui, c\u2019est long) dont il existe d\u00e9j\u00e0 des mod\u00e8les factices (mockups) et Olympus promet dans la foul\u00e9e un ED 100-400 mm f\/5.0-6.3 IS (non pro) ainsi que six autres optiques \u00ab Pro \u00bb : trois zooms t\u00e9l\u00e9objectifs, un nouveau zoom ultra grand-angle 8-25 mm f\/4.0 ainsi qu\u2019une nouvelle focale fixe t\u00e9l\u00e9objectif macro et au moins une (voire plusieurs) focale fixe \u00e0 grande ouverture.<\/p>\n<p><strong>Source\u00a0<\/strong>: <a href=\"https:\/\/learnandsupport.getolympus.com\/olympus-om-d-webcam-beta\" target=\"_blank\" rel=\"noopener noreferrer\">Olympus<\/a><\/p>\n<\/p><\/div>\n<p><script>\n         !function(f,b,e,v,n,t,s){if(f.fbq)return;n=f.fbq=function()\n         {n.callMethod? n.callMethod.apply(n,arguments):n.queue.push(arguments)}\n         ;if(!f._fbq)f._fbq=n;\n             n.push=n;n.loaded=!0;n.version='2.0';n.queue=[];t=b.createElement(e);t.async=!0;\n             t.src=v;s=b.getElementsByTagName(e)[0];s.parentNode.insertBefore(t,s)}(window,\n                 document,'script','https:\/\/connect.facebook.net\/en_US\/fbevents.js');\n         fbq('init', '1065890633454496');\n         fbq('track', 'PageView');\n     <\/script><br \/>\n<br \/>[ad_2]<br \/>\n<br \/><a href=\"https:\/\/www.01net.com\/actualites\/olympus-lance-son-app-gratuite-pour-transformer-votre-hybride-om-d-en-webcam-1942859.html\">Source link <\/a><\/p>\n","protected":false},"excerpt":{"rendered":"<p>[ad_1] Dans les pas des Canon, Fujifilm et Panasonic, c\u2019est au tour d\u2019Olympus d\u2019annoncer son application PC pour transformer certains &hellip; <a href=\"http:\/\/www.affinite.fr\/index.php\/2020\/07\/03\/olympus-lance-son-app-gratuite-pour-transformer-votre-hybride-om-d-en-webcam\/\" class=\"more-link\">Plus <span class=\"screen-reader-text\">Olympus lance son app gratuite pour transformer votre hybride OM-D en webcam<\/span> <span class=\"meta-nav\">&rarr;<\/span><\/a><\/p>\n","protected":false},"author":1,"featured_media":4747,"comment_status":"open","ping_status":"open","sticky":false,"template":"","format":"standard","meta":{"_sitemap_exclude":false,"_sitemap_priority":"","_sitemap_frequency":"","footnotes":""},"categories":[1],"tags":[],"class_list":["post-4746","post","type-post","status-publish","format-standard","has-post-thumbnail","hentry","category-tous"],"_links":{"self":[{"href":"http:\/\/www.affinite.fr\/index.php\/wp-json\/wp\/v2\/posts\/4746"}],"collection":[{"href":"http:\/\/www.affinite.fr\/index.php\/wp-json\/wp\/v2\/posts"}],"about":[{"href":"http:\/\/www.affinite.fr\/index.php\/wp-json\/wp\/v2\/types\/post"}],"author":[{"embeddable":true,"href":"http:\/\/www.affinite.fr\/index.php\/wp-json\/wp\/v2\/users\/1"}],"replies":[{"embeddable":true,"href":"http:\/\/www.affinite.fr\/index.php\/wp-json\/wp\/v2\/comments?post=4746"}],"version-history":[{"count":0,"href":"http:\/\/www.affinite.fr\/index.php\/wp-json\/wp\/v2\/posts\/4746\/revisions"}],"wp:featuredmedia":[{"embeddable":true,"href":"http:\/\/www.affinite.fr\/index.php\/wp-json\/wp\/v2\/media\/4747"}],"wp:attachment":[{"href":"http:\/\/www.affinite.fr\/index.php\/wp-json\/wp\/v2\/media?parent=4746"}],"wp:term":[{"taxonomy":"category","embeddable":true,"href":"http:\/\/www.affinite.fr\/index.php\/wp-json\/wp\/v2\/categories?post=4746"},{"taxonomy":"post_tag","embeddable":true,"href":"http:\/\/www.affinite.fr\/index.php\/wp-json\/wp\/v2\/tags?post=4746"}],"curies":[{"name":"wp","href":"https:\/\/api.w.org\/{rel}","templated":true}]}}