{"id":4729,"date":"2020-07-03T03:10:49","date_gmt":"2020-07-03T03:10:49","guid":{"rendered":"https:\/\/www.affinite.fr\/index.php\/2020\/07\/03\/la-cnil-est-saisie-contre-doctissimo-qui-vend-vos-donnees-personnelles\/"},"modified":"2020-07-03T03:10:49","modified_gmt":"2020-07-03T03:10:49","slug":"la-cnil-est-saisie-contre-doctissimo-qui-vend-vos-donnees-personnelles","status":"publish","type":"post","link":"http:\/\/www.affinite.fr\/index.php\/2020\/07\/03\/la-cnil-est-saisie-contre-doctissimo-qui-vend-vos-donnees-personnelles\/","title":{"rendered":"La Cnil est saisie contre Doctissimo, qui vend vos donn\u00e9es personnelles"},"content":{"rendered":"<p> [ad_1]<br \/>\n<br \/><img decoding=\"async\" src=\"https:\/\/img.bfmtv.com\/i\/0\/0\/887\/c9a6f02c493d4264585e2e4f8bc25.jpeg\" \/><\/p>\n<div itemprop=\"articleBody\">\n<p>Privacy International (PI) a d\u00e9pos\u00e9, vendredi 26\u00a0juin, aupr\u00e8s de la Commission nationale de l\u2019informatique et des libert\u00e9s (Cnil),\u00a0une plainte contre le site Doctissimo, accus\u00e9 de\u00a0ne pas respecter le <a href=\"https:\/\/www.01net.com\/actualites\/comment-le-rgpd-va-proteger-vos-donnees-personnelles-1454674.html\" target=\"_blank\" rel=\"noopener noreferrer\">RGPD<\/a>. Cette d\u00e9marche juridique fait suite \u00e0 des r\u00e9v\u00e9lations publi\u00e9es \u00e0 l\u2019automne.<br \/>En septembre 2019, l\u2019ONG a publi\u00e9 un\u00a0rapport\u00a0accusant\u00a0d\u00e9j\u00e0 le site m\u00e9dical fran\u00e7ais\u00a0de\u00a0gestion frauduleuse des donn\u00e9es personnelles de ses utilisateurs. Dix mois plus tard, rien n\u2019a chang\u00e9.<\/p>\n<div data-force-click=\"true\" class=\"bloc\">\n<blockquote class=\"twitter-tweet\">\n<p lang=\"fr\" dir=\"ltr\">NOUVEAU: Suite \u00e0 notre rapport \u00ab\u00a0Your mental health for Sale\u00a0\u00bb d\u00e9voilant les pratiques abusives de certains sites d\u00e9di\u00e9s \u00e0 la sant\u00e9, PI soumet une plainte \u00e0 la <a href=\"https:\/\/twitter.com\/CNIL?ref_src=twsrc%5Etfw\">@CNIL<\/a> contre <a href=\"https:\/\/twitter.com\/doctissimo?ref_src=twsrc%5Etfw\">@doctissimo<\/a> <\/p>\n<p>La plainte en fran\u00e7ais en bas de cette page: <a href=\"https:\/\/t.co\/7tRgmfMV8k\">https:\/\/t.co\/7tRgmfMV8k<\/a><\/p>\n<p>\u2014 Privacy International (@privacyint) <a href=\"https:\/\/twitter.com\/privacyint\/status\/1278285771133386753?ref_src=twsrc%5Etfw\">July 1, 2020<\/a><\/p><\/blockquote><\/div>\n<h3 style=\"color:#333; font-family:arial,helvetica,sans-serif; font-size:23px; font-weight:700\">Une\u00a0\u00ab\u00a0enqu\u00eate approfondie sur le respect du RGPD \u00bb<\/h3>\n<p>Les chefs d\u2019accusation sont pourtant lourds, notamment du fait du caract\u00e8re sensible des donn\u00e9es de sant\u00e9.<\/p>\n<blockquote>\n<p>PI soutient que Doctissimo \u00ab\u00a0<em>n\u2019a pas de base l\u00e9gale pour le traitement des donn\u00e9es personnelles, car les conditions d\u2019un consentement valide ne sont pas remplies ; ne respecte pas les principes<\/em> [\u2026]\u00a0<em>de transparence, d\u2019\u00e9quit\u00e9, de l\u00e9galit\u00e9, de limitation des finalit\u00e9s, de minimisation des donn\u00e9es, d\u2019int\u00e9grit\u00e9 et de confidentialit\u00e9 ; ne respecte pas ses obligations en termes de protection des donn\u00e9es par conception, par d\u00e9faut <\/em>[\u2026] <em>et de s\u00e9curit\u00e9 de traitement ; ne respecte pas la loi en ce qui concerne l\u2019utilisation de cookies.\u00a0<\/em>\u00bb<br \/>En r\u00e9sum\u00e9, le site \u00ab\u00a0doit faire l\u2019objet d\u2019une enqu\u00eate approfondie sur le respect des droits, obligations et garanties du RGPD\u00a0\u00bb.\u00a0<\/p>\n<\/blockquote>\n<p>Pourquoi saisir la Cnil ?<\/p>\n<blockquote>\n<p>L\u2019ONG veut que le gendarme fran\u00e7ais <em>\u00ab\u00a0prenne des mesures d\u2019application appropri\u00e9es et opportunes afin de prot\u00e9ger les individus contre les violations \u00e0 grande \u00e9chelle de la loi\u00a0\u00bb<\/em>.<\/p>\n<\/blockquote>\n<p>La Cnil, une fois saisie, ouvre une enqu\u00eate. Au terme de laquelle, elle peut condamner l\u2019entreprise \u00e0 une amende. En janvier dernier,\u00a0<a href=\"https:\/\/www.01net.com\/actualites\/google-condamne-a-50-millions-d-euros-d-amende-par-la-cnil-1616887.html\" target=\"_blank\" rel=\"noopener noreferrer\">Google a ainsi \u00e9t\u00e9 sanctionn\u00e9 \u00e0 hauteur de 50 millions d\u2019euros.<\/a><\/p>\n<aside class=\"bg-color-0 padding-inside-all-s bloc border-s\">\n<h4 class=\"box-txt-normal\">\n<p><strong>\u00c0 d\u00e9couvrir aussi en vid\u00e9o<\/strong><\/p>\n<\/h4>\n<\/aside>\n<p>Contact\u00e9 par <em>Le Monde<\/em>, le groupe TF1 qui d\u00e9tient le site m\u00e9dical num\u00e9ro un en France a r\u00e9agi :\u00a0<\/p>\n<blockquote>\n<p>\u00ab\u00a0<em>La s\u00e9curit\u00e9 des donn\u00e9es personnelles de nos internautes est la priorit\u00e9 de Doctissimo. C\u2019est pourquoi nous prenons toutes les mesures pour assurer l\u2019int\u00e9grit\u00e9 des donn\u00e9es de nos internautes. Nous agissons ainsi conform\u00e9ment \u00e0 notre mission, qui consiste \u00e0 proposer gratuitement des contenus \u00e9ditoriaux et des services de qualit\u00e9, tout en assurant la s\u00e9curit\u00e9 des donn\u00e9es personnelles que nous confient nos utilisateurs lorsqu\u2019ils cr\u00e9ent un compte Doctissimo et utilisent nos services.<\/em>\u00a0\u00bb<\/p>\n<\/blockquote>\n<h3 style=\"color:#333; font-family:arial,helvetica,sans-serif; font-size:23px; font-weight:700\">577 entreprises tierces<\/h3>\n<p>La saisie de la Cnil contre Doctissimo s\u2019inscrit dans une enqu\u00eate globale de PI au sujet de nombreux sites m\u00e9dicaux en Europe.<\/p>\n<blockquote>\n<p>\u00ab\u00a0<em>De nombreux sites Web sur la sant\u00e9 mentale font de la publicit\u00e9 programmatique, un type de publicit\u00e9 qui repose sur le partage de nos donn\u00e9es personnelles avec des centaines, voire des milliers d\u2019entreprises pour \u00e9ventuellement nous servir des publicit\u00e9s cibl\u00e9es.\u00a0<\/em>\u00bb<\/p>\n<\/blockquote>\n<p>En particulier, l\u2019ONG reproche au site de vendre les informations li\u00e9es \u00e0 ses utilisateurs consultant des pages sur la d\u00e9pression pour qu\u2019ensuite 41 soci\u00e9t\u00e9s puissent les cibler.<br \/>En tout, Doctissimo se r\u00e9serve le droit de partager des informations li\u00e9es \u00e0 ses visiteurs avec 557 entreprises diff\u00e9rentes.<\/p>\n<blockquote>\n<p>\u00ab\u00a0<em>On attend des r\u00e9gulateurs qu\u2019ils prennent des sanctions et forcent cette industrie \u00e0 \u00e9voluer. Cela fait deux ans que le RGPD est mis en place\u00a0: une telle industrie ne peut continuer \u00e0 perdurer et engranger autant d\u2019argent de mani\u00e8re ill\u00e9gale<\/em>\u00a0\u00bb, s&rsquo;est indign\u00e9\u00a0Eliot Bendinelli, expert en technologie pour PI aupr\u00e8s du <em>Monde<\/em>.\u00a0<\/p>\n<\/blockquote>\n<p><strong>Sources<\/strong> : <a href=\"https:\/\/privacyinternational.org\/news-analysis\/3986\/mental-health-site-sharing-your-personal-data-were-going-after-them\" target=\"_blank\" rel=\"noopener noreferrer\"><em>Privacy International <\/em><\/a>et <a href=\"https:\/\/www.lemonde.fr\/pixels\/article\/2020\/07\/01\/donnees-personnelles-doctissimo-vise-par-une-plainte-aupres-de-la-cnil_6044829_4408996.html\" target=\"_blank\" rel=\"noopener noreferrer\">Le Monde<\/a><\/p>\n<\/p><\/div>\n<p><script async src=\"http:\/\/platform.twitter.com\/widgets.js\" charset=\"utf-8\"><\/script><script>\n         !function(f,b,e,v,n,t,s){if(f.fbq)return;n=f.fbq=function()\n         {n.callMethod? n.callMethod.apply(n,arguments):n.queue.push(arguments)}\n         ;if(!f._fbq)f._fbq=n;\n             n.push=n;n.loaded=!0;n.version='2.0';n.queue=[];t=b.createElement(e);t.async=!0;\n             t.src=v;s=b.getElementsByTagName(e)[0];s.parentNode.insertBefore(t,s)}(window,\n                 document,'script','https:\/\/connect.facebook.net\/en_US\/fbevents.js');\n         fbq('init', '1065890633454496');\n         fbq('track', 'PageView');\n     <\/script><br \/>\n<br \/>[ad_2]<br \/>\n<br \/><a href=\"https:\/\/www.01net.com\/actualites\/la-cnil-est-saisie-contre-doctissimo-qui-vend-vos-donnees-personnelles-1942332.html\">Source link <\/a><\/p>\n","protected":false},"excerpt":{"rendered":"<p>[ad_1] Privacy International (PI) a d\u00e9pos\u00e9, vendredi 26\u00a0juin, aupr\u00e8s de la Commission nationale de l\u2019informatique et des libert\u00e9s (Cnil),\u00a0une plainte &hellip; <a href=\"http:\/\/www.affinite.fr\/index.php\/2020\/07\/03\/la-cnil-est-saisie-contre-doctissimo-qui-vend-vos-donnees-personnelles\/\" class=\"more-link\">Plus <span class=\"screen-reader-text\">La Cnil est saisie contre Doctissimo, qui vend vos donn\u00e9es personnelles<\/span> <span class=\"meta-nav\">&rarr;<\/span><\/a><\/p>\n","protected":false},"author":1,"featured_media":3974,"comment_status":"open","ping_status":"open","sticky":false,"template":"","format":"standard","meta":{"_sitemap_exclude":false,"_sitemap_priority":"","_sitemap_frequency":"","footnotes":""},"categories":[1],"tags":[],"class_list":["post-4729","post","type-post","status-publish","format-standard","has-post-thumbnail","hentry","category-tous"],"_links":{"self":[{"href":"http:\/\/www.affinite.fr\/index.php\/wp-json\/wp\/v2\/posts\/4729"}],"collection":[{"href":"http:\/\/www.affinite.fr\/index.php\/wp-json\/wp\/v2\/posts"}],"about":[{"href":"http:\/\/www.affinite.fr\/index.php\/wp-json\/wp\/v2\/types\/post"}],"author":[{"embeddable":true,"href":"http:\/\/www.affinite.fr\/index.php\/wp-json\/wp\/v2\/users\/1"}],"replies":[{"embeddable":true,"href":"http:\/\/www.affinite.fr\/index.php\/wp-json\/wp\/v2\/comments?post=4729"}],"version-history":[{"count":0,"href":"http:\/\/www.affinite.fr\/index.php\/wp-json\/wp\/v2\/posts\/4729\/revisions"}],"wp:featuredmedia":[{"embeddable":true,"href":"http:\/\/www.affinite.fr\/index.php\/wp-json\/wp\/v2\/media\/3974"}],"wp:attachment":[{"href":"http:\/\/www.affinite.fr\/index.php\/wp-json\/wp\/v2\/media?parent=4729"}],"wp:term":[{"taxonomy":"category","embeddable":true,"href":"http:\/\/www.affinite.fr\/index.php\/wp-json\/wp\/v2\/categories?post=4729"},{"taxonomy":"post_tag","embeddable":true,"href":"http:\/\/www.affinite.fr\/index.php\/wp-json\/wp\/v2\/tags?post=4729"}],"curies":[{"name":"wp","href":"https:\/\/api.w.org\/{rel}","templated":true}]}}