{"id":4727,"date":"2020-07-03T02:09:11","date_gmt":"2020-07-03T02:09:11","guid":{"rendered":"https:\/\/www.affinite.fr\/index.php\/2020\/07\/03\/comment-orange-tente-de-calmer-les-opposants-a-la-5g\/"},"modified":"2020-07-03T02:09:11","modified_gmt":"2020-07-03T02:09:11","slug":"comment-orange-tente-de-calmer-les-opposants-a-la-5g","status":"publish","type":"post","link":"http:\/\/www.affinite.fr\/index.php\/2020\/07\/03\/comment-orange-tente-de-calmer-les-opposants-a-la-5g\/","title":{"rendered":"Comment Orange tente de calmer les opposants \u00e0 la 5G"},"content":{"rendered":"<p> [ad_1]<br \/>\n<br \/><img decoding=\"async\" src=\"https:\/\/img.bfmtv.com\/i\/0\/0\/b0d\/350640e5f5fc3a6092d50aeb4cc23.JPG\" \/><\/p>\n<div itemprop=\"articleBody\">\n<p>Le groupe Europe Ecologie Les Verts r\u00e9clame <a href=\"https:\/\/www.01net.com\/actualites\/la-vague-ecologique-des-municipales-peut-elle-stopper-la-5g-en-france-1940527.html\" target=\"_blank\" rel=\"noopener noreferrer\">un moratoire sur la 5G<\/a> avec d&rsquo;autant plus de vigueur qu&rsquo;il vient de remporter de belles victoires aux municipales. Face \u00e0 cette lev\u00e9e de boucliers, Orange multiplie les prises de parole sur le sujet. A commencer par celle de son patron St\u00e9phane Richard, qui fait r\u00e9guli\u00e8rement le tour des matinales radio pour distribuer sa bonne parole. Ce matin, sur France Info, il a encore rappel\u00e9 son opposition au moratoire, mais avec des nuances.<\/p>\n<h3 style=\"color:#333; font-family:arial,helvetica,sans-serif; font-size:23px; font-weight:700\">Pas question d&rsquo;aller au conflit<\/h3>\n<p>A la question de savoir si Orange installerait co\u00fbte que co\u00fbte des antennes 5G sur les territoires des maires qui y sont oppos\u00e9s, il\u00a0 s\u2019est montr\u00e9 tr\u00e8s diplomate. <em>\u00ab\u00a0On ne va pas forcer des maires et des Fran\u00e7ais \u00e0 accepter quelque chose dont ils ne veulent pas\u00a0\u00bb<\/em>. Et pourtant, il sait tr\u00e8s bien que les maires n\u2019ont pas le pouvoir de refuser l\u2019installation d\u2019antennes mobiles et qu&rsquo;il pourrait les attaquer en justice. Il a aussi pr\u00e9cis\u00e9 qu\u2019Orange fixait des limites d\u2019\u00e9missions \u00e0 ses stations de base dix fois inf\u00e9rieures aux seuils fix\u00e9s par l\u2019OMS (Organisation Mondiale de la Sant\u00e9).<\/p>\n<aside class=\"bg-color-0 padding-inside-all-s bloc border-s\">\n<h4 class=\"box-txt-normal\">\n<p><strong>A d\u00e9couvrir aussi en vid\u00e9o<\/strong><\/p>\n<\/h4>\n<\/aside>\n<p>L\u2019heure semble donc \u00e0 l\u2019apaisement. Mais St\u00e9phane Richard en a tout de m\u00eame profit\u00e9 pour distiller quelques \u00e9l\u00e9ments de langage d\u00e9j\u00e0 entendus plus t\u00f4t cette semaine dans la bouche de Nicolas Gu\u00e9rin, secr\u00e9taire g\u00e9n\u00e9ral d\u2019Orange et pr\u00e9sident de la F\u00e9d\u00e9ration fran\u00e7aise des T\u00e9l\u00e9coms. Il a ainsi d\u00e9plor\u00e9 les th\u00e9ories du complot sur la 5G et d\u00e9clar\u00e9 que 14 autorit\u00e9s sanitaires dans le monde avaient d\u00e9j\u00e0 rendu des conclusions rassurantes sur les effets sanitaires de la 5G. Il a aussi estim\u00e9 que les premiers d\u00e9ploiements n\u2019interviendraient pas avant la toute fin de l\u2019ann\u00e9e et que s\u2019il le fallait, il serait pr\u00eat \u00e0 attendre <a href=\"https:\/\/www.01net.com\/actualites\/on-ne-pourra-jamais-demontrer-qu-il-n-y-a-pas-de-risque-avec-la-5g-1941841.html\" target=\"_blank\" rel=\"noopener noreferrer\">les conclusions de l\u2019Anses <\/a>(Agence nationale de s\u00e9curit\u00e9 sanitaire de l\u2019alimentation, de l\u2019environnement et du travail) qui doivent intervenir au premier trimestre.<\/p>\n<p>Source : <a href=\"https:\/\/www.francetvinfo.fr\/replay-radio\/grille-des-emissions\" target=\"_blank\" rel=\"noopener noreferrer\">France Info<\/a><\/p><\/div>\n<p><script>\n         !function(f,b,e,v,n,t,s){if(f.fbq)return;n=f.fbq=function()\n         {n.callMethod? n.callMethod.apply(n,arguments):n.queue.push(arguments)}\n         ;if(!f._fbq)f._fbq=n;\n             n.push=n;n.loaded=!0;n.version='2.0';n.queue=[];t=b.createElement(e);t.async=!0;\n             t.src=v;s=b.getElementsByTagName(e)[0];s.parentNode.insertBefore(t,s)}(window,\n                 document,'script','https:\/\/connect.facebook.net\/en_US\/fbevents.js');\n         fbq('init', '1065890633454496');\n         fbq('track', 'PageView');\n     <\/script><br \/>\n<br \/>[ad_2]<br \/>\n<br \/><a href=\"https:\/\/www.01net.com\/actualites\/comment-orange-tente-de-calmer-les-opposants-a-la-5g-1942370.html\">Source link <\/a><\/p>\n","protected":false},"excerpt":{"rendered":"<p>[ad_1] Le groupe Europe Ecologie Les Verts r\u00e9clame un moratoire sur la 5G avec d&rsquo;autant plus de vigueur qu&rsquo;il vient &hellip; <a href=\"http:\/\/www.affinite.fr\/index.php\/2020\/07\/03\/comment-orange-tente-de-calmer-les-opposants-a-la-5g\/\" class=\"more-link\">Plus <span class=\"screen-reader-text\">Comment Orange tente de calmer les opposants \u00e0 la 5G<\/span> <span class=\"meta-nav\">&rarr;<\/span><\/a><\/p>\n","protected":false},"author":1,"featured_media":4728,"comment_status":"open","ping_status":"open","sticky":false,"template":"","format":"standard","meta":{"_sitemap_exclude":false,"_sitemap_priority":"","_sitemap_frequency":"","footnotes":""},"categories":[1],"tags":[],"class_list":["post-4727","post","type-post","status-publish","format-standard","has-post-thumbnail","hentry","category-tous"],"_links":{"self":[{"href":"http:\/\/www.affinite.fr\/index.php\/wp-json\/wp\/v2\/posts\/4727"}],"collection":[{"href":"http:\/\/www.affinite.fr\/index.php\/wp-json\/wp\/v2\/posts"}],"about":[{"href":"http:\/\/www.affinite.fr\/index.php\/wp-json\/wp\/v2\/types\/post"}],"author":[{"embeddable":true,"href":"http:\/\/www.affinite.fr\/index.php\/wp-json\/wp\/v2\/users\/1"}],"replies":[{"embeddable":true,"href":"http:\/\/www.affinite.fr\/index.php\/wp-json\/wp\/v2\/comments?post=4727"}],"version-history":[{"count":0,"href":"http:\/\/www.affinite.fr\/index.php\/wp-json\/wp\/v2\/posts\/4727\/revisions"}],"wp:featuredmedia":[{"embeddable":true,"href":"http:\/\/www.affinite.fr\/index.php\/wp-json\/wp\/v2\/media\/4728"}],"wp:attachment":[{"href":"http:\/\/www.affinite.fr\/index.php\/wp-json\/wp\/v2\/media?parent=4727"}],"wp:term":[{"taxonomy":"category","embeddable":true,"href":"http:\/\/www.affinite.fr\/index.php\/wp-json\/wp\/v2\/categories?post=4727"},{"taxonomy":"post_tag","embeddable":true,"href":"http:\/\/www.affinite.fr\/index.php\/wp-json\/wp\/v2\/tags?post=4727"}],"curies":[{"name":"wp","href":"https:\/\/api.w.org\/{rel}","templated":true}]}}