{"id":4701,"date":"2020-07-02T13:50:04","date_gmt":"2020-07-02T13:50:04","guid":{"rendered":"https:\/\/www.affinite.fr\/index.php\/2020\/07\/02\/utilisez-ce-pc-portable-dell-13-pouces-a-829-euros-comme-une-tablette\/"},"modified":"2020-07-02T13:50:04","modified_gmt":"2020-07-02T13:50:04","slug":"utilisez-ce-pc-portable-dell-13-pouces-a-829-euros-comme-une-tablette","status":"publish","type":"post","link":"http:\/\/www.affinite.fr\/index.php\/2020\/07\/02\/utilisez-ce-pc-portable-dell-13-pouces-a-829-euros-comme-une-tablette\/","title":{"rendered":"utilisez ce PC portable Dell 13 pouces \u00e0 829 euros comme une tablette"},"content":{"rendered":"<p> [ad_1]<br \/>\n<br \/><img decoding=\"async\" src=\"https:\/\/img.bfmtv.com\/i\/0\/0\/4a7\/7f1a18234bcbb861a024704f336ea.jpg\" \/><\/p>\n<div itemprop=\"articleBody\">\n<p>Vous avez besoin, d&rsquo;un PC portable et d&rsquo;une tablette ? Prenez une machine qui fait les deux ! Amazon vend actuellement le\u00a0Dell Inspiron 13-7391 pour <a href=\"https:\/\/amzn.to\/38mXQU8\" target=\"_blank\" rel=\"noopener noreferrer\">829 euros au lieu de 1099 euros.<\/a><\/p>\n<p>Ce PC portable 13 pouces sous Windows 10 se transforme en tablette en rabattant son \u00e9cran tactile Full HD sur le bo\u00eetier. Il est muni d&rsquo;un processeur Intel Core i5 de dixi\u00e8me g\u00e9n\u00e9ration, de 8 Go de m\u00e9moire vive et d&rsquo;un SSD de 512 Go. La machine p\u00e8se 1,8 kg. Le stylet est inclus.<\/p>\n<p><a href=\"https:\/\/amzn.to\/38mXQU8\" target=\"_blank\" rel=\"noopener noreferrer\">Retrouvez ici cette offre d\u2019Amazon.<\/a><\/p>\n<aside class=\"bg-color-0 padding-inside-all-s bloc border-s\">\n<h4 class=\"box-txt-normal\">\n<p><strong>A d\u00e9couvrir aussi en vid\u00e9o :<\/strong><\/p>\n<\/h4>\n<\/aside>\n<p>Les promotions mentionn\u00e9es dans cet article peuvent \u00eatre \u00e9ph\u00e9m\u00e8res et ne plus \u00eatre valables apr\u00e8s la date de parution de l\u2019article.<\/p>\n<p><a href=\"https:\/\/www.01net.com\/bons-plans\/\">Retrouvez tous les bons plans high-tech s\u00e9lectionn\u00e9s par 01net.com sur notre page d\u00e9di\u00e9e.<\/a><\/p>\n<p><em>Cet article est une s\u00e9lection r\u00e9alis\u00e9e par l\u2019\u00e9quipe de 01net.com, en toute ind\u00e9pendance. Il est toutefois possible que ce contenu propose un lien d\u2019affiliation. Si vous cliquez sur ce lien, l\u2019e-commer\u00e7ant peut nous reverser une commission. Pour vous, rien ne change !<\/em><\/p>\n<\/p><\/div>\n<p><script>\n         !function(f,b,e,v,n,t,s){if(f.fbq)return;n=f.fbq=function()\n         {n.callMethod? n.callMethod.apply(n,arguments):n.queue.push(arguments)}\n         ;if(!f._fbq)f._fbq=n;\n             n.push=n;n.loaded=!0;n.version='2.0';n.queue=[];t=b.createElement(e);t.async=!0;\n             t.src=v;s=b.getElementsByTagName(e)[0];s.parentNode.insertBefore(t,s)}(window,\n                 document,'script','https:\/\/connect.facebook.net\/en_US\/fbevents.js');\n         fbq('init', '1065890633454496');\n         fbq('track', 'PageView');\n     <\/script><br \/>\n<br \/>[ad_2]<br \/>\n<br \/><a href=\"https:\/\/www.01net.com\/actualites\/bon-plan-amazon-utilisez-ce-pc-portable-dell-13-pouces-a-829-euros-comme-une-tablette-1942367.html\">Source link <\/a><\/p>\n","protected":false},"excerpt":{"rendered":"<p>[ad_1] Vous avez besoin, d&rsquo;un PC portable et d&rsquo;une tablette ? Prenez une machine qui fait les deux ! Amazon &hellip; <a href=\"http:\/\/www.affinite.fr\/index.php\/2020\/07\/02\/utilisez-ce-pc-portable-dell-13-pouces-a-829-euros-comme-une-tablette\/\" class=\"more-link\">Plus <span class=\"screen-reader-text\">utilisez ce PC portable Dell 13 pouces \u00e0 829 euros comme une tablette<\/span> <span class=\"meta-nav\">&rarr;<\/span><\/a><\/p>\n","protected":false},"author":1,"featured_media":4702,"comment_status":"open","ping_status":"open","sticky":false,"template":"","format":"standard","meta":{"_sitemap_exclude":false,"_sitemap_priority":"","_sitemap_frequency":"","footnotes":""},"categories":[1],"tags":[],"class_list":["post-4701","post","type-post","status-publish","format-standard","has-post-thumbnail","hentry","category-tous"],"_links":{"self":[{"href":"http:\/\/www.affinite.fr\/index.php\/wp-json\/wp\/v2\/posts\/4701"}],"collection":[{"href":"http:\/\/www.affinite.fr\/index.php\/wp-json\/wp\/v2\/posts"}],"about":[{"href":"http:\/\/www.affinite.fr\/index.php\/wp-json\/wp\/v2\/types\/post"}],"author":[{"embeddable":true,"href":"http:\/\/www.affinite.fr\/index.php\/wp-json\/wp\/v2\/users\/1"}],"replies":[{"embeddable":true,"href":"http:\/\/www.affinite.fr\/index.php\/wp-json\/wp\/v2\/comments?post=4701"}],"version-history":[{"count":0,"href":"http:\/\/www.affinite.fr\/index.php\/wp-json\/wp\/v2\/posts\/4701\/revisions"}],"wp:featuredmedia":[{"embeddable":true,"href":"http:\/\/www.affinite.fr\/index.php\/wp-json\/wp\/v2\/media\/4702"}],"wp:attachment":[{"href":"http:\/\/www.affinite.fr\/index.php\/wp-json\/wp\/v2\/media?parent=4701"}],"wp:term":[{"taxonomy":"category","embeddable":true,"href":"http:\/\/www.affinite.fr\/index.php\/wp-json\/wp\/v2\/categories?post=4701"},{"taxonomy":"post_tag","embeddable":true,"href":"http:\/\/www.affinite.fr\/index.php\/wp-json\/wp\/v2\/tags?post=4701"}],"curies":[{"name":"wp","href":"https:\/\/api.w.org\/{rel}","templated":true}]}}