{"id":4688,"date":"2020-07-02T06:42:23","date_gmt":"2020-07-02T06:42:23","guid":{"rendered":"https:\/\/www.affinite.fr\/index.php\/2020\/07\/02\/ses-iphone-5g-auraient-desormais-entre-un-et-deux-mois-de-retard\/"},"modified":"2020-07-02T06:42:23","modified_gmt":"2020-07-02T06:42:23","slug":"ses-iphone-5g-auraient-desormais-entre-un-et-deux-mois-de-retard","status":"publish","type":"post","link":"http:\/\/www.affinite.fr\/index.php\/2020\/07\/02\/ses-iphone-5g-auraient-desormais-entre-un-et-deux-mois-de-retard\/","title":{"rendered":"ses iPhone 5G auraient d\u00e9sormais entre un et deux mois de retard"},"content":{"rendered":"<p> [ad_1]<br \/>\n<br \/><img decoding=\"async\" src=\"https:\/\/img.bfmtv.com\/i\/0\/0\/68b\/854cece916e27bd4a3f7d73e573ba.jpg\" \/><\/p>\n<div itemprop=\"articleBody\">\n<p>Entre quatre semaines et deux mois. C\u2019est le retard qu\u2019aurait pris la production de masse des quatre mod\u00e8les d\u2019iPhone 5G. Selon la <em>Nikkei Asian Review<\/em>, Apple ferait tout son possible pour rattraper ce retard et mettrait la pression \u00e0 ses fournisseurs.<br \/>Ainsi, les usines de toute la cha\u00eene de production travailleraient jour et nuit forc\u00e9e pour raccourcir ses d\u00e9lais. Le risque de voir le lancement des iPhone 12 repouss\u00e9 \u00e0 2021 serait d\u00e9sormais tr\u00e8s r\u00e9duit.<\/p>\n<aside class=\"bg-color-0 padding-inside-all-s bloc border-s\">\n<h4 class=\"box-txt-normal\">\n<p><strong>A d\u00e9couvrir aussi en vid\u00e9o<\/strong><\/p>\n<\/h4>\n<\/aside>\n<p>Le retour d\u2019une part des ing\u00e9nieurs d\u2019Apple au bureau ces derni\u00e8res semaines serait la manifestation d&rsquo;efforts pour rattraper ce retard, notamment pour assurer les tests n\u00e9cessaires \u00e0 la mise en production.<\/p>\n<blockquote>\n<p>Une source de la Nikkei Asian Review indique que\u00a0<em>\u00ab\u00a0l\u2019assemblage de certains \u00e9l\u00e9ments des iPhone finaux pourrait \u00eatre repouss\u00e9 \u00e0 d\u00e9but octobre, et il ne serait pas surprenant qu\u2019il y ait d\u2019autres d\u00e9lais parce qu\u2019il y a toujours beaucoup de tests \u00e0 r\u00e9aliser et que les designs finaux ne sont toujours pas arr\u00eat\u00e9s\u00a0\u00bb<\/em>.<\/p>\n<\/blockquote>\n<p>Avant la pand\u00e9mie, Apple aurait command\u00e9 de quoi produire 100 millions d\u2019unit\u00e9s pour la seule ann\u00e9e 2020. Un objectif tr\u00e8s ambitieux, qui a \u00e9t\u00e9 revu \u00e0 la baisse de 20 millions \u00e0 cause de la pand\u00e9mie de covid-19. Les 80 millions d\u2019unit\u00e9s s\u2019inscrivent davantage dans les volumes de production habituels pour de nouveaux iPhone.<\/p>\n<p>Ce retard dans la finalisation des iPhone 12 a \u00e9galement un autre effet. Le g\u00e9ant de Cupertino aurait augment\u00e9 ses commandes pour les iPhone 11, SE et XR, afin de pouvoir continuer \u00e0 satisfaire la demande. Plus de 45 millions d\u2019unit\u00e9s de ces smartphones d\u00e9j\u00e0 commercialis\u00e9s seraient produites dans la seconde moiti\u00e9 de 2020, croit savoir Nikkei.<\/p>\n<p><strong>Source\u00a0: <\/strong><a href=\"https:\/\/asia.nikkei.com\/Business\/Technology\/Apple-races-to-push-ahead-with-5G-iPhone-mass-production\">Nikkei Asian Review<\/a><\/p>\n<\/p><\/div>\n<p><script>\n         !function(f,b,e,v,n,t,s){if(f.fbq)return;n=f.fbq=function()\n         {n.callMethod? n.callMethod.apply(n,arguments):n.queue.push(arguments)}\n         ;if(!f._fbq)f._fbq=n;\n             n.push=n;n.loaded=!0;n.version='2.0';n.queue=[];t=b.createElement(e);t.async=!0;\n             t.src=v;s=b.getElementsByTagName(e)[0];s.parentNode.insertBefore(t,s)}(window,\n                 document,'script','https:\/\/connect.facebook.net\/en_US\/fbevents.js');\n         fbq('init', '1065890633454496');\n         fbq('track', 'PageView');\n     <\/script><br \/>\n<br \/>[ad_2]<br \/>\n<br \/><a href=\"https:\/\/www.01net.com\/actualites\/apple-ses-iphone-5g-auraient-desormais-entre-un-et-deux-mois-de-retard-1942229.html\">Source link <\/a><\/p>\n","protected":false},"excerpt":{"rendered":"<p>[ad_1] Entre quatre semaines et deux mois. C\u2019est le retard qu\u2019aurait pris la production de masse des quatre mod\u00e8les d\u2019iPhone &hellip; <a href=\"http:\/\/www.affinite.fr\/index.php\/2020\/07\/02\/ses-iphone-5g-auraient-desormais-entre-un-et-deux-mois-de-retard\/\" class=\"more-link\">Plus <span class=\"screen-reader-text\">ses iPhone 5G auraient d\u00e9sormais entre un et deux mois de retard<\/span> <span class=\"meta-nav\">&rarr;<\/span><\/a><\/p>\n","protected":false},"author":1,"featured_media":3235,"comment_status":"open","ping_status":"open","sticky":false,"template":"","format":"standard","meta":{"_sitemap_exclude":false,"_sitemap_priority":"","_sitemap_frequency":"","footnotes":""},"categories":[1],"tags":[],"class_list":["post-4688","post","type-post","status-publish","format-standard","has-post-thumbnail","hentry","category-tous"],"_links":{"self":[{"href":"http:\/\/www.affinite.fr\/index.php\/wp-json\/wp\/v2\/posts\/4688"}],"collection":[{"href":"http:\/\/www.affinite.fr\/index.php\/wp-json\/wp\/v2\/posts"}],"about":[{"href":"http:\/\/www.affinite.fr\/index.php\/wp-json\/wp\/v2\/types\/post"}],"author":[{"embeddable":true,"href":"http:\/\/www.affinite.fr\/index.php\/wp-json\/wp\/v2\/users\/1"}],"replies":[{"embeddable":true,"href":"http:\/\/www.affinite.fr\/index.php\/wp-json\/wp\/v2\/comments?post=4688"}],"version-history":[{"count":0,"href":"http:\/\/www.affinite.fr\/index.php\/wp-json\/wp\/v2\/posts\/4688\/revisions"}],"wp:featuredmedia":[{"embeddable":true,"href":"http:\/\/www.affinite.fr\/index.php\/wp-json\/wp\/v2\/media\/3235"}],"wp:attachment":[{"href":"http:\/\/www.affinite.fr\/index.php\/wp-json\/wp\/v2\/media?parent=4688"}],"wp:term":[{"taxonomy":"category","embeddable":true,"href":"http:\/\/www.affinite.fr\/index.php\/wp-json\/wp\/v2\/categories?post=4688"},{"taxonomy":"post_tag","embeddable":true,"href":"http:\/\/www.affinite.fr\/index.php\/wp-json\/wp\/v2\/tags?post=4688"}],"curies":[{"name":"wp","href":"https:\/\/api.w.org\/{rel}","templated":true}]}}