{"id":4677,"date":"2020-07-02T00:33:31","date_gmt":"2020-07-02T00:33:31","guid":{"rendered":"https:\/\/www.affinite.fr\/index.php\/2020\/07\/02\/on-ne-pourra-jamais-demontrer-quil-ny-a-pas-de-risque-avec-la-5g\/"},"modified":"2020-07-02T00:33:31","modified_gmt":"2020-07-02T00:33:31","slug":"on-ne-pourra-jamais-demontrer-quil-ny-a-pas-de-risque-avec-la-5g","status":"publish","type":"post","link":"http:\/\/www.affinite.fr\/index.php\/2020\/07\/02\/on-ne-pourra-jamais-demontrer-quil-ny-a-pas-de-risque-avec-la-5g\/","title":{"rendered":"\u00ab On ne pourra jamais d\u00e9montrer qu\u2019il n\u2019y a pas de risque avec la 5G \u00bb"},"content":{"rendered":"<p> [ad_1]<br \/>\n<br \/><img decoding=\"async\" src=\"https:\/\/img.bfmtv.com\/i\/0\/0\/c30d2c\/d2843961fe1bcf2e4523c668f4.jpeg\" \/><\/p>\n<div itemprop=\"articleBody\">\n<p>Des <a href=\"https:\/\/www.01net.com\/actualites\/la-vague-ecologique-des-municipales-peut-elle-stopper-la-5g-en-france-1940527.html#content\/contribution\/edit\" target=\"_blank\" rel=\"noopener noreferrer\">\u00e9lus<\/a>, des <a href=\"https:\/\/www.01net.com\/actualites\/5g-le-conseil-d-etat-ne-suspend-pas-l-attribution-des-frequences-mais-maintient-le-suspens-1869581.html#content\/contribution\/edit\" target=\"_blank\" rel=\"noopener noreferrer\">associations<\/a> et m\u00eame <a href=\"https:\/\/www.01net.com\/actualites\/pourquoi-les-ministres-de-la-sante-et-de-l-environnement-souhaitent-repousser-la-5g-1937222.html\" target=\"_blank\" rel=\"noopener noreferrer\">le ministre de la Sant\u00e9<\/a> ont demand\u00e9 ces derni\u00e8res semaines \u00e0 suspendre le lancement de la 5G <a href=\"https:\/\/www.01net.com\/actualites\/on-saura-si-la-5g-est-dangereuse-pour-la-sante-apres-son-deploiement-1847840.html\" target=\"_blank\" rel=\"noopener noreferrer\">au rapport de l\u2019Anses <\/a>(Agence nationale de s\u00e9curit\u00e9 sanitaire de l\u2019alimentation, de l\u2019environnement et du travail) <a href=\"https:\/\/www.01net.com\/actualites\/la-5g-est-elle-dangereuse-pour-notre-sante-1701905.html\" target=\"_blank\" rel=\"noopener noreferrer\">sur ses effets biologiques et sanitaires<\/a>. Pourtant, les conclusions de l\u2019agence ne mettront assur\u00e9ment pas fin au d\u00e9bat.<\/p>\n<h3 style=\"color:#333; font-family:arial,helvetica,sans-serif; font-size:23px; font-weight:700\">La science ne peut pas trancher la question<\/h3>\n<p>Olivier Merckel, l\u2019expert en charge du dossier \u00e0 l\u2019Anses, a tenu en effet \u00e0 mettre en garde ceux qui attendent qu\u2019il tranche d\u00e9finitivement la question avec ses travaux, qui seront publi\u00e9s au premier trimestre 2021. <em>\u00ab\u00a0Je suis oblig\u00e9 de vous d\u00e9cevoir\u00a0: on ne pourra jamais d\u00e9montrer qu\u2019il n\u2019y a pas de risque avec la 5G (&#8230;) ni avec aucune autre technologie ou agent \u00bb<\/em>,\u00a0 a-t-il d\u00e9clar\u00e9 lors d\u2019une table-ronde au S\u00e9nat ce mercredi 1<sup>er<\/sup> juillet. <em>\u00ab\u00a0On est forc\u00e9ment dans une situation inconfortable pour les pouvoirs publics. Ce que nous pouvons faire, c\u2019est essayer de caract\u00e9riser au mieux les donn\u00e9es disponibles et les incertitudes qui y sont associ\u00e9es\u00a0\u00bb<\/em>, a-t-il ajout\u00e9.<\/p>\n<aside class=\"bg-color-0 padding-inside-all-s bloc border-s\">\n<h4 class=\"box-txt-normal\">\n<p>A d\u00e9couvrir aussi en vid\u00e9o<\/p>\n<\/h4>\n<\/aside>\n<h3 style=\"color:#333; font-family:arial,helvetica,sans-serif; font-size:23px; font-weight:700\">L&rsquo;\u00e9valuation de la 5G ne fait que commencer<\/h3>\n<p>Il a toutefois rappel\u00e9 que les travaux men\u00e9s jusqu\u2019\u00e0 maintenant par l\u2019Anses sur la t\u00e9l\u00e9phonie mobile ne mettaient pas en \u00e9vidence de risque av\u00e9r\u00e9 li\u00e9 \u00e0 l\u2019exposition aux antennes de t\u00e9l\u00e9phonie mobile\u00a0concernant la 2G, 3G ou 4G. Pour le t\u00e9l\u00e9phone, la situation est moins claire. De par sa proximit\u00e9 avec le corps, il reste la source la plus pr\u00e9occupante d\u2019exposition aux ondes. De l\u2019ordre de 100 \u00e0 1000 fois plus \u00e9lev\u00e9e qu\u2019avec une antenne.<\/p>\n<p>Pour ce qui concerne plus particuli\u00e8rement <a href=\"https:\/\/www.01net.com\/actualites\/5g-pourquoi-ce-futur-standard-va-revolutionner-la-telephonie-mobile-1514955.html\" target=\"_blank\" rel=\"noopener noreferrer\">la 5G<\/a>, l\u2019enjeu p\u00e8se principalement sur la fr\u00e9quence 3,5 GHz, qui a suscit\u00e9 tr\u00e8s peu d\u2019exp\u00e9rimentations jusqu\u2019\u00e0 pr\u00e9sent. La question est de savoir s\u2019il est possible d\u2019extrapoler, pour le 3,5 GHz, les \u00e9tudes d\u00e9j\u00e0 men\u00e9es dans d\u2019autres bandes qui seraient proches. Le fait que les antennes puissent focaliser les \u00e9missions radio en direction des utilisateurs devrait aussi faire varier l\u2019exposition dans l\u2019espace et le temps. Il s\u2019agit de pr\u00e9voir dans quelle mesure les niveaux d\u2019exposition pourraient augmenter suivant diff\u00e9rents sc\u00e9narios d\u2019usage. Mais il faudra attendre que les r\u00e9seaux soient d\u00e9ploy\u00e9s et les utilisateurs connect\u00e9s en 5G pour en savoir davantage. Le travail d\u2019\u00e9valuation de l\u2019Anses ne fait donc que commencer et est appel\u00e9 \u00e0 \u00eatre approfondi au fur et \u00e0 mesure de la mont\u00e9e en puissance de la 5G et de ses \u00e9volutions.<\/p>\n<\/p><\/div>\n<p><script>\n         !function(f,b,e,v,n,t,s){if(f.fbq)return;n=f.fbq=function()\n         {n.callMethod? n.callMethod.apply(n,arguments):n.queue.push(arguments)}\n         ;if(!f._fbq)f._fbq=n;\n             n.push=n;n.loaded=!0;n.version='2.0';n.queue=[];t=b.createElement(e);t.async=!0;\n             t.src=v;s=b.getElementsByTagName(e)[0];s.parentNode.insertBefore(t,s)}(window,\n                 document,'script','https:\/\/connect.facebook.net\/en_US\/fbevents.js');\n         fbq('init', '1065890633454496');\n         fbq('track', 'PageView');\n     <\/script><br \/>\n<br \/>[ad_2]<br \/>\n<br \/><a href=\"https:\/\/www.01net.com\/actualites\/on-ne-pourra-jamais-demontrer-qu-il-n-y-a-pas-de-risque-avec-la-5g-1941841.html\">Source link <\/a><\/p>\n","protected":false},"excerpt":{"rendered":"<p>[ad_1] Des \u00e9lus, des associations et m\u00eame le ministre de la Sant\u00e9 ont demand\u00e9 ces derni\u00e8res semaines \u00e0 suspendre le &hellip; <a href=\"http:\/\/www.affinite.fr\/index.php\/2020\/07\/02\/on-ne-pourra-jamais-demontrer-quil-ny-a-pas-de-risque-avec-la-5g\/\" class=\"more-link\">Plus <span class=\"screen-reader-text\">\u00ab On ne pourra jamais d\u00e9montrer qu\u2019il n\u2019y a pas de risque avec la 5G \u00bb<\/span> <span class=\"meta-nav\">&rarr;<\/span><\/a><\/p>\n","protected":false},"author":1,"featured_media":1646,"comment_status":"open","ping_status":"open","sticky":false,"template":"","format":"standard","meta":{"_sitemap_exclude":false,"_sitemap_priority":"","_sitemap_frequency":"","footnotes":""},"categories":[1],"tags":[],"class_list":["post-4677","post","type-post","status-publish","format-standard","has-post-thumbnail","hentry","category-tous"],"_links":{"self":[{"href":"http:\/\/www.affinite.fr\/index.php\/wp-json\/wp\/v2\/posts\/4677"}],"collection":[{"href":"http:\/\/www.affinite.fr\/index.php\/wp-json\/wp\/v2\/posts"}],"about":[{"href":"http:\/\/www.affinite.fr\/index.php\/wp-json\/wp\/v2\/types\/post"}],"author":[{"embeddable":true,"href":"http:\/\/www.affinite.fr\/index.php\/wp-json\/wp\/v2\/users\/1"}],"replies":[{"embeddable":true,"href":"http:\/\/www.affinite.fr\/index.php\/wp-json\/wp\/v2\/comments?post=4677"}],"version-history":[{"count":0,"href":"http:\/\/www.affinite.fr\/index.php\/wp-json\/wp\/v2\/posts\/4677\/revisions"}],"wp:featuredmedia":[{"embeddable":true,"href":"http:\/\/www.affinite.fr\/index.php\/wp-json\/wp\/v2\/media\/1646"}],"wp:attachment":[{"href":"http:\/\/www.affinite.fr\/index.php\/wp-json\/wp\/v2\/media?parent=4677"}],"wp:term":[{"taxonomy":"category","embeddable":true,"href":"http:\/\/www.affinite.fr\/index.php\/wp-json\/wp\/v2\/categories?post=4677"},{"taxonomy":"post_tag","embeddable":true,"href":"http:\/\/www.affinite.fr\/index.php\/wp-json\/wp\/v2\/tags?post=4677"}],"curies":[{"name":"wp","href":"https:\/\/api.w.org\/{rel}","templated":true}]}}