{"id":4668,"date":"2020-07-01T19:22:31","date_gmt":"2020-07-01T19:22:31","guid":{"rendered":"https:\/\/www.affinite.fr\/index.php\/2020\/07\/01\/facebook-va-remettre-en-avant-les-articles-de-presse-documentes-dans-son-fil-dactualites\/"},"modified":"2020-07-01T19:22:31","modified_gmt":"2020-07-01T19:22:31","slug":"facebook-va-remettre-en-avant-les-articles-de-presse-documentes-dans-son-fil-dactualites","status":"publish","type":"post","link":"http:\/\/www.affinite.fr\/index.php\/2020\/07\/01\/facebook-va-remettre-en-avant-les-articles-de-presse-documentes-dans-son-fil-dactualites\/","title":{"rendered":"Facebook va remettre en avant les articles de presse document\u00e9s dans son Fil d\u2019actualit\u00e9s"},"content":{"rendered":"<p> [ad_1]<br \/>\n<br \/><img decoding=\"async\" src=\"https:\/\/img.bfmtv.com\/i\/0\/0\/8d1\/dd26d0329e48b03ad21eb21fb25f9.jpeg\" \/><\/p>\n<div itemprop=\"articleBody\">\n<p>Facebook r\u00e9trop\u00e9dale. Le r\u00e9seau social a annonc\u00e9 qu\u2019il allait d\u00e9sormais afficher dans le Fil d\u2019actualit\u00e9s des articles de presse bas\u00e9s sur des informations \u00e9tay\u00e9es et sign\u00e9es de journalistes. <em>\u00ab\u00a0Nous avons \u00e9tabli que les publications qui ne fournissent pas ce genre d&rsquo;informations manquent souvent de cr\u00e9dibilit\u00e9 et produisent des contenus juste pour obtenir des clics\u00a0\u00bb<\/em>, semble ainsi d\u00e9couvrir la plate-forme.<\/p>\n<h3 style=\"color:#333; font-family:arial,helvetica,sans-serif; font-size:23px; font-weight:700\">Les amis n&rsquo;auront plus autant de poids<\/h3>\n<p>Une d\u00e9cision qui contraste avec celle de 2018, date \u00e0 laquelle\u00a0Facebook avait d\u00e9cid\u00e9 de mettre l\u2019accent sur les publications partag\u00e9es par ses amis, au d\u00e9triment de sources d\u2019informations fiables. Cela avait favoris\u00e9 les articles sensationnalistes, parfois destin\u00e9s \u00e0 tromper les utilisateurs du r\u00e9seau social.<\/p>\n<aside class=\"bg-color-0 padding-inside-all-s bloc border-s\">\n<h4 class=\"box-txt-normal\">\n<p><strong>A d\u00e9couvrir aussi en vid\u00e9o<\/strong><\/p>\n<\/h4>\n<\/aside>\n<p>Ce retour en arri\u00e8re compl\u00e8te<a data-cke-saved-href=\"https:\/\/www.01net.com\/actualites\/mark-zuckerberg-contraint-de-reagir-face-au-boycott-defacebook-par-lesannonceurs-1940578.html\" target=\"_blank\" href=\"https:\/\/www.01net.com\/actualites\/mark-zuckerberg-contraint-de-reagir-face-au-boycott-defacebook-par-lesannonceurs-1940578.html\" rel=\"noopener noreferrer\">\u00a0les annonces d\u00e9j\u00e0 faites par Mark Zuckerberg<\/a> pour tenter de rassurer les utilisateurs \u2013 et plus encore les annonceurs qui commencent \u00e0 boycotter la plate-forme \u2013 sur les initiatives prises pour emp\u00eacher la haine en ligne. Le contexte am\u00e9ricain de manifestation contre le racisme et<a data-cke-saved-href=\"https:\/\/www.01net.com\/actualites\/tweet-glorifiant-la-violence-twitter-signale-un-nouveau-message-de-donald-trump-1923118.html\" target=\"_blank\" href=\"https:\/\/www.01net.com\/actualites\/tweet-glorifiant-la-violence-twitter-signale-un-nouveau-message-de-donald-trump-1923118.html\" rel=\"noopener noreferrer\"> les mesures prises par Twitter<\/a> avaient oblig\u00e9 Facebook \u00e0 r\u00e9agir.<\/p>\n<p style=\"color:#333;font-family:arial,helvetica,sans-serif;font-size:18px;\"><strong>Source : <a data-cke-saved-href=\"https:\/\/www.axios.com\/facebook-algorithm-original-reporting-e127c8b7-c749-4120-a65e-239b55d18758.html\" target=\"_blank\" href=\"https:\/\/www.axios.com\/facebook-algorithm-original-reporting-e127c8b7-c749-4120-a65e-239b55d18758.html\" rel=\"noopener noreferrer\">Axios<\/a><\/strong><\/p>\n<\/p><\/div>\n<p><script>\n         !function(f,b,e,v,n,t,s){if(f.fbq)return;n=f.fbq=function()\n         {n.callMethod? n.callMethod.apply(n,arguments):n.queue.push(arguments)}\n         ;if(!f._fbq)f._fbq=n;\n             n.push=n;n.loaded=!0;n.version='2.0';n.queue=[];t=b.createElement(e);t.async=!0;\n             t.src=v;s=b.getElementsByTagName(e)[0];s.parentNode.insertBefore(t,s)}(window,\n                 document,'script','https:\/\/connect.facebook.net\/en_US\/fbevents.js');\n         fbq('init', '1065890633454496');\n         fbq('track', 'PageView');\n     <\/script><br \/>\n<br \/>[ad_2]<br \/>\n<br \/><a href=\"https:\/\/www.01net.com\/actualites\/facebook-va-remettre-en-avant-les-articles-de-presse-documentes-dans-son-fil-d-actualites-1941498.html\">Source link <\/a><\/p>\n","protected":false},"excerpt":{"rendered":"<p>[ad_1] Facebook r\u00e9trop\u00e9dale. Le r\u00e9seau social a annonc\u00e9 qu\u2019il allait d\u00e9sormais afficher dans le Fil d\u2019actualit\u00e9s des articles de presse &hellip; <a href=\"http:\/\/www.affinite.fr\/index.php\/2020\/07\/01\/facebook-va-remettre-en-avant-les-articles-de-presse-documentes-dans-son-fil-dactualites\/\" class=\"more-link\">Plus <span class=\"screen-reader-text\">Facebook va remettre en avant les articles de presse document\u00e9s dans son Fil d\u2019actualit\u00e9s<\/span> <span class=\"meta-nav\">&rarr;<\/span><\/a><\/p>\n","protected":false},"author":1,"featured_media":4669,"comment_status":"open","ping_status":"open","sticky":false,"template":"","format":"standard","meta":{"_sitemap_exclude":false,"_sitemap_priority":"","_sitemap_frequency":"","footnotes":""},"categories":[1],"tags":[],"class_list":["post-4668","post","type-post","status-publish","format-standard","has-post-thumbnail","hentry","category-tous"],"_links":{"self":[{"href":"http:\/\/www.affinite.fr\/index.php\/wp-json\/wp\/v2\/posts\/4668"}],"collection":[{"href":"http:\/\/www.affinite.fr\/index.php\/wp-json\/wp\/v2\/posts"}],"about":[{"href":"http:\/\/www.affinite.fr\/index.php\/wp-json\/wp\/v2\/types\/post"}],"author":[{"embeddable":true,"href":"http:\/\/www.affinite.fr\/index.php\/wp-json\/wp\/v2\/users\/1"}],"replies":[{"embeddable":true,"href":"http:\/\/www.affinite.fr\/index.php\/wp-json\/wp\/v2\/comments?post=4668"}],"version-history":[{"count":0,"href":"http:\/\/www.affinite.fr\/index.php\/wp-json\/wp\/v2\/posts\/4668\/revisions"}],"wp:featuredmedia":[{"embeddable":true,"href":"http:\/\/www.affinite.fr\/index.php\/wp-json\/wp\/v2\/media\/4669"}],"wp:attachment":[{"href":"http:\/\/www.affinite.fr\/index.php\/wp-json\/wp\/v2\/media?parent=4668"}],"wp:term":[{"taxonomy":"category","embeddable":true,"href":"http:\/\/www.affinite.fr\/index.php\/wp-json\/wp\/v2\/categories?post=4668"},{"taxonomy":"post_tag","embeddable":true,"href":"http:\/\/www.affinite.fr\/index.php\/wp-json\/wp\/v2\/tags?post=4668"}],"curies":[{"name":"wp","href":"https:\/\/api.w.org\/{rel}","templated":true}]}}