{"id":4665,"date":"2020-07-01T17:17:29","date_gmt":"2020-07-01T17:17:29","guid":{"rendered":"https:\/\/www.affinite.fr\/index.php\/2020\/07\/01\/leurope-veut-investir-9-millions-deuros-pour-creer-des-plates-formes-anti-fake-news\/"},"modified":"2020-07-01T17:17:29","modified_gmt":"2020-07-01T17:17:29","slug":"leurope-veut-investir-9-millions-deuros-pour-creer-des-plates-formes-anti-fake-news","status":"publish","type":"post","link":"http:\/\/www.affinite.fr\/index.php\/2020\/07\/01\/leurope-veut-investir-9-millions-deuros-pour-creer-des-plates-formes-anti-fake-news\/","title":{"rendered":"L&rsquo;Europe veut investir 9 millions d&rsquo;euros pour cr\u00e9er des plates-formes anti-fake news"},"content":{"rendered":"<p> [ad_1]<br \/>\n<br \/><img decoding=\"async\" src=\"https:\/\/img.bfmtv.com\/i\/0\/0\/b57\/fae59ec7d30e40523b87aa60c61af.jpeg\" \/><\/p>\n<div itemprop=\"articleBody\">\n<p>9 millions d\u2019euros. C\u2019est l\u2019enveloppe que vient de mettre sur la table\u00a0la Commission europ\u00e9enne pour lutter contre les fake-news de mani\u00e8re d\u00e9centralis\u00e9e\u00a0\u00e0 travers l&rsquo;Europe. Cet argent allou\u00e9 \u00e0 l\u2019Observatoire europ\u00e9en des m\u00e9dias num\u00e9riques (EDMO) aura pour but de \u00ab\u00a0<em>cr\u00e9er des p\u00f4les nationaux\/multinationaux de recherche sur les m\u00e9dias num\u00e9riques<\/em>\u00a0\u00bb, peut-on lire sur le communiqu\u00e9.\u00a0<\/p>\n<h3 style=\"color:#333; font-family:arial,helvetica,sans-serif; font-size:23px; font-weight:700\">D\u00e9tecter la d\u00e9sinformation<\/h3>\n<p>Ces \u00ab\u00a0<em>centres de recherche de l\u2019EDMO\u00a0<\/em>\u00bb devront avant tout \u00ab\u00a0<em>mettre l\u2019accent sur les vuln\u00e9rabilit\u00e9s \u00e9mergentes des m\u00e9dias num\u00e9riques<\/em>\u00a0\u00bb, explique la Commission. Pour cela, ils devront \u00ab\u00a0<em>d\u00e9tecter, analyser et divulguer les campagnes de d\u00e9sinformation au niveau national, multinational et europ\u00e9en<\/em> ;<br \/><em>analyser l\u2019impact des campagnes de d\u00e9sinformation sur la soci\u00e9t\u00e9 et la d\u00e9mocratie<\/em> ; <em>promouvoir les activit\u00e9s d\u2019\u00e9ducation aux m\u00e9dias<\/em> ; <em>suivre les politiques des plates-formes en ligne et l\u2019\u00e9cosyst\u00e8me des m\u00e9dias num\u00e9riques, en coop\u00e9ration avec les autorit\u00e9s nationales\u00a0<\/em>\u00bb. La question du\u00a0\u00ab comment \u00bb est encore ouverte&#8230;\u00a0<\/p>\n<aside class=\"bg-color-0 padding-inside-all-s bloc border-s\">\n<h4 class=\"box-txt-normal\">\n<p><strong>\u00c0 d\u00e9couvrir aussi en vid\u00e9o<\/strong><\/p>\n<\/h4>\n<\/aside>\n<h3 style=\"color:#333; font-family:arial,helvetica,sans-serif; font-size:23px; font-weight:700\">Un appel ouvert jusqu&rsquo;au 5 novembre 2020<\/h3>\n<p>Concr\u00e8tement, ces p\u00f4les d\u00e9centralis\u00e9s de recherche\u00a0seront \u00ab\u00a0<em>interconnect\u00e9s<\/em>\u00a0\u00bb et coordonn\u00e9s par \u00ab\u00a0<em>une communaut\u00e9 multidisciplinaire compos\u00e9e de chercheurs universitaires, de v\u00e9rificateurs des faits, de professionnels des m\u00e9dias et d\u2019autres parties prenantes concern\u00e9es<\/em>\u00a0\u00bb sous la houlette de l\u2019EDMO.<\/p>\n<p>La Commission \u00e9tudiera les propositions jusqu\u2019au 5 novembre pour distribuer ces 9 millions d\u2019euros sur l\u2019ensemble du territoire europ\u00e9en. Les modalit\u00e9s pour r\u00e9pondre \u00e0 l&rsquo;appel devraient \u00eatre publi\u00e9es \u00ab <em>bient\u00f4t<\/em> \u00bb.\u00a0<\/p>\n<p><strong>Source<\/strong> : <a href=\"https:\/\/ec.europa.eu\/digital-single-market\/en\/news\/european-digital-media-observatory-second-phase-call-proposals-creation-national-hubs-digital\" target=\"_blank\" rel=\"noopener noreferrer\">Commission europ\u00e9enne<\/a><\/p>\n<\/p><\/div>\n<p><script>\n         !function(f,b,e,v,n,t,s){if(f.fbq)return;n=f.fbq=function()\n         {n.callMethod? n.callMethod.apply(n,arguments):n.queue.push(arguments)}\n         ;if(!f._fbq)f._fbq=n;\n             n.push=n;n.loaded=!0;n.version='2.0';n.queue=[];t=b.createElement(e);t.async=!0;\n             t.src=v;s=b.getElementsByTagName(e)[0];s.parentNode.insertBefore(t,s)}(window,\n                 document,'script','https:\/\/connect.facebook.net\/en_US\/fbevents.js');\n         fbq('init', '1065890633454496');\n         fbq('track', 'PageView');\n     <\/script><br \/>\n<br \/>[ad_2]<br \/>\n<br \/><a href=\"https:\/\/www.01net.com\/actualites\/l-europe-veut-investir-9-millions-d-euros-pour-creer-des-plates-formes-anti-fake-news-1941507.html\">Source link <\/a><\/p>\n","protected":false},"excerpt":{"rendered":"<p>[ad_1] 9 millions d\u2019euros. C\u2019est l\u2019enveloppe que vient de mettre sur la table\u00a0la Commission europ\u00e9enne pour lutter contre les fake-news &hellip; <a href=\"http:\/\/www.affinite.fr\/index.php\/2020\/07\/01\/leurope-veut-investir-9-millions-deuros-pour-creer-des-plates-formes-anti-fake-news\/\" class=\"more-link\">Plus <span class=\"screen-reader-text\">L&rsquo;Europe veut investir 9 millions d&rsquo;euros pour cr\u00e9er des plates-formes anti-fake news<\/span> <span class=\"meta-nav\">&rarr;<\/span><\/a><\/p>\n","protected":false},"author":1,"featured_media":4345,"comment_status":"open","ping_status":"open","sticky":false,"template":"","format":"standard","meta":{"_sitemap_exclude":false,"_sitemap_priority":"","_sitemap_frequency":"","footnotes":""},"categories":[1],"tags":[],"class_list":["post-4665","post","type-post","status-publish","format-standard","has-post-thumbnail","hentry","category-tous"],"_links":{"self":[{"href":"http:\/\/www.affinite.fr\/index.php\/wp-json\/wp\/v2\/posts\/4665"}],"collection":[{"href":"http:\/\/www.affinite.fr\/index.php\/wp-json\/wp\/v2\/posts"}],"about":[{"href":"http:\/\/www.affinite.fr\/index.php\/wp-json\/wp\/v2\/types\/post"}],"author":[{"embeddable":true,"href":"http:\/\/www.affinite.fr\/index.php\/wp-json\/wp\/v2\/users\/1"}],"replies":[{"embeddable":true,"href":"http:\/\/www.affinite.fr\/index.php\/wp-json\/wp\/v2\/comments?post=4665"}],"version-history":[{"count":0,"href":"http:\/\/www.affinite.fr\/index.php\/wp-json\/wp\/v2\/posts\/4665\/revisions"}],"wp:featuredmedia":[{"embeddable":true,"href":"http:\/\/www.affinite.fr\/index.php\/wp-json\/wp\/v2\/media\/4345"}],"wp:attachment":[{"href":"http:\/\/www.affinite.fr\/index.php\/wp-json\/wp\/v2\/media?parent=4665"}],"wp:term":[{"taxonomy":"category","embeddable":true,"href":"http:\/\/www.affinite.fr\/index.php\/wp-json\/wp\/v2\/categories?post=4665"},{"taxonomy":"post_tag","embeddable":true,"href":"http:\/\/www.affinite.fr\/index.php\/wp-json\/wp\/v2\/tags?post=4665"}],"curies":[{"name":"wp","href":"https:\/\/api.w.org\/{rel}","templated":true}]}}