{"id":4661,"date":"2020-07-01T15:28:20","date_gmt":"2020-07-01T15:28:20","guid":{"rendered":"https:\/\/www.affinite.fr\/index.php\/2020\/07\/01\/macron-philippe-fin-dun-couple-dun-tandem-et-maintenant\/"},"modified":"2020-07-01T15:28:20","modified_gmt":"2020-07-01T15:28:20","slug":"macron-philippe-fin-dun-couple-dun-tandem-et-maintenant","status":"publish","type":"post","link":"http:\/\/www.affinite.fr\/index.php\/2020\/07\/01\/macron-philippe-fin-dun-couple-dun-tandem-et-maintenant\/","title":{"rendered":"Macron-Philippe, fin d&rsquo;un couple, d&rsquo;un tandem\u00a0: et maintenant\u00a0?"},"content":{"rendered":"<p> [ad_1]<br \/>\n<br \/><img decoding=\"async\" src=\"https:\/\/img-3.journaldesfemmes.fr\/fi_yPklqbNj9Qxsjl_hd5lA_ETw=\/1280x\/smart\/799242721df140f5a8df4f6da043fd17\/ccmcms-jdf\/16767769.jpg\" \/><\/p>\n<p>\n                Edouard Philippe et Emmanuel Macron doivent s&rsquo;entretenir d&rsquo;ici peu&#8230; pour se s\u00e9parer dans de bonnes conditions\u00a0? Si le Premier ministre est cong\u00e9di\u00e9, qui le remplacera\u00a0?            <\/p>\n<div>\n<p>Le glas\u00a0a-t-il sonn\u00e9 pour le couple <strong>Macron-Philippe\u00a0<\/strong>? Alors que les <a href=\"https:\/\/www.journaldesfemmes.fr\/people\/magazine\/2631755-brigitte-macron-demongeot-michele-torr-christophe-veran-evelyne-dheliat-lignac-voulzy\/2633091-edouard-philippe\">rumeurs d&rsquo;une<strong> \u00e9jection du Premier ministre<\/strong><\/a> se font plus insistantes et que celui-ci a \u00e9t\u00e9 \u00e9lu<strong> maire du Havre<\/strong> le 28 juin, le <a href=\"https:\/\/www.journaldesfemmes.fr\/people\/magazine\/2637853-laam-arnaud-ducret-helene-darroze\/2637911-edouard-philippe\"><strong>remaniement minist\u00e9riel <\/strong><\/a>serait pour bient\u00f4t, selon <em>France Info<\/em>, qui avance la date du <strong>8 juillet<\/strong>.<br \/>Les discussions quant \u00e0 la <a href=\"http:\/\/www.affinite.fr\/index.php\/2022\/11\/09\/formation-de-glacier-apprenez-le-metier-de-glacier-et-changez-votre-vie\/\">formation<\/a> du <strong>nouveau gouvernement<\/strong> devraient s&rsquo;amorcer le 3 juillet.\u00a0Mais avant l&rsquo;\u00e9ventuel grand d\u00e9part,<strong> <a href=\"https:\/\/www.journaldesfemmes.fr\/people\/emmanuel-macron\/\" title=\"Emmanuel Macron\">Emmanuel Macron<\/a> et Edouard Philippe<\/strong> doivent mettre cartes sur table, certainement autour d&rsquo;un d\u00e9jeuner.\u00a0\u00ab\u00a0<em>Le pr\u00e9sident de la R\u00e9publique et le Premier ministre ont pr\u00e9vu de se voir ce mercredi soir ou jeudi en t\u00eate \u00e0 t\u00eate<\/em>\u00ab\u00a0, selon <em>Le Parisien<\/em>.\u00a0\u00ab\u00a0<em>D&rsquo;ici mercredi prochain, on peut raisonnablement penser qu&rsquo;on aura un nouveau gouvernement<\/em>\u00ab\u00a0, a ajout\u00e9 un proche du chef de l&rsquo;\u00c9tat.<br \/>Pendant le confinement, il \u00e9tait (presque) clair que le chef d&rsquo;\u00c9tat n&rsquo;\u00e9tait <a href=\"https:\/\/www.journaldesfemmes.fr\/societe\/actu\/2633475-edouard-philippe-emmanuel-macron-cote-popularite-baisse\/\">plus tout \u00e0 fait sur la m\u00eame longueur d&rsquo;ondes<\/a> que son Premier ministre et qu&rsquo;il esp\u00e9rait insuffler un <strong>vent de renouveau<\/strong> tr\u00e8s prochainement&#8230; en le cong\u00e9diant.<\/p>\n<p>Pour d&rsquo;autres membres de l&rsquo;entourage d&rsquo;Emmanuel Macron, le choix de <a href=\"https:\/\/www.journaldesfemmes.fr\/societe\/actu\/2627379-populaires-en-pandemie-macron-13-points-edouard-philippe-10-points\/\"><strong>se s\u00e9parer d&rsquo;Edouard Philippe<\/strong><\/a> n&rsquo;est pas si \u00e9vident. \u00ab\u00a0A<em> ce stade, <strong>c&rsquo;est du 50\/50<\/strong>. Il y a autant de bonnes raisons de le garder que de s&rsquo;en s\u00e9parer<\/em>\u00ab\u00a0, explique l&rsquo;un d&rsquo;entre eux. \u00ab\u00a0<em>Le Pr\u00e9sident n&rsquo;a pas totalement arr\u00eat\u00e9 ses choix<\/em>\u00ab\u00a0, pr\u00e9cise un autre.<\/p>\n<h2>Edouard Philippe, maire du Havre ou Premier ministre ?<\/h2>\n<p>La <strong><a href=\"https:\/\/www.journaldesfemmes.fr\/people\/magazine\/2608871-bernadette-chirac-jean-imbert-dechavanne\/2610539-edouard-philippe\">victoire d&rsquo;Edouard Philippe<\/a> aux \u00e9lections municipales <\/strong>a-t-elle chang\u00e9 la donne ? Pas forc\u00e9ment. Le Premier ministre avait assur\u00e9 \u00e0 <em>Paris-Normandie<\/em>, le 16 juin, que ses <strong>fonctions minist\u00e9rielles<\/strong> restaient sa priorit\u00e9 num\u00e9ro un et qu&rsquo;il n&rsquo;\u00e9tait pas certain d&rsquo;occuper imm\u00e9diatement son si\u00e8ge de maire. \u00ab\u00a0<em>Je vous le dis\u00a0: si les \u00e9lecteurs me font confiance, je serai de retour au Havre. Au plus tard en mai 2022, mais peut-\u00eatre beaucoup plus t\u00f4t<\/em>\u00ab\u00a0, a-t-il d\u00e9taill\u00e9. C&rsquo;est probablement Emmanuel Macron qui aura le soin de trancher&#8230;<\/p>\n<p>Le soir de sa victoire, pas une \u00e2me n&rsquo;a toutefois os\u00e9 aborder la question de <strong>l&rsquo;avenir d&rsquo;Edouard Philippe<\/strong> au gouvernement. \u00ab\u00a0<em>Sinc\u00e8rement, je crois que personne n&rsquo;a os\u00e9 lui en parler. Ce n&rsquo;\u00e9tait pas le moment. Et cela aurait \u00e9t\u00e9 d&rsquo;une impolitesse extr\u00eame<\/em>\u00ab\u00a0.<\/p>\n<h2>Qui pour remplacer Edouard Philippe ?<\/h2>\n<p>Quant \u00e0 savoir qui pourrait <a href=\"https:\/\/www.journaldesfemmes.fr\/people\/magazine\/2636677-christian-estrosi-vanessa-paradis-faustine-bollaert\/2636765-emmanuel-macron\"><strong>remplacer Edouard Philippe<\/strong><\/a>, le myst\u00e8re reste entier&#8230; ou presque. Un r\u00e9cent sondage Harris Interactive Agence Epoka pour <em>TF1-LCI<\/em> et <em>RTL<\/em>\u00a0a montr\u00e9 que les Fran\u00e7ais souhaiteraient voir en chef du gouvernement, dans l&rsquo;ordre, <strong>Christine Lagarde, Bruno Le Maire, Jean-Yves Le Drian, Jean-Louis Borloo ou Val\u00e9rie P\u00e9cresse<\/strong>.<\/p>\n<p>La <strong>pr\u00e9sidente de la r\u00e9gion \u00cele-de-France<\/strong> <a href=\"https:\/\/www.journaldesfemmes.fr\/societe\/actu\/2646705-valerie-pecresse-pressentie-pour-remplacer-edouard-philippe\/\">a d&rsquo;ailleurs calm\u00e9 les ardeurs<\/a> en \u00e9voquant\u00a0cette possibilit\u00e9, sur le plateau de <em>LCI <\/em>: \u00ab\u00a0<em>Aujourd&rsquo;hui je ne me projette que dans ma r\u00e9gion. Vous avez bien compris que je dois g\u00e9rer des urgences qui sont cruciales<\/em> (\u2026) <em>Aujourd&rsquo;hui <strong>la question ne se pose pas<\/strong><\/em>\u00ab\u00a0.<\/p>\n<p>Le nom de<strong> Jean-Yves Le Drian<\/strong>, ancien ministre de la D\u00e9fense de Fran\u00e7ois Hollande et actuellement ministre des Affaires \u00c9trang\u00e8res, est \u00e9galement revenu plusieurs fois sur le tapis. Selon <em>Paris Match<\/em>, si celui-ci est d\u00e9sign\u00e9 Premier ministre, \u00ab\u00a0<em>Macron aura les mains libres. Il sera pr\u00e9sident et Premier ministre<\/em>\u00ab\u00a0.<\/p>\n<aside id=\"NL_1021052233\" class=\"newsletter_subscription jNlBlock\"><noscript><br \/>\n            <\/noscript><\/p>\n<h3 class=\"newsletter_subscription-title\">Newsletter <\/h3>\n<p><a href=\"\/\/mailing.ccmbg.com\/archive\/last-85\" target=\"_blank\" class=\"a_hover\" rel=\"noopener noreferrer\">Voir un exemple<\/a><\/p>\n<\/aside>\n<p>D&rsquo;autres parient sur <strong>Bruno Le Maire<\/strong> pour remplacer Edouard Philippe, mais les deux personnages se ressemblent peut-\u00eatre un peu trop&#8230; Enfin, le <a href=\"https:\/\/www.journaldesfemmes.fr\/societe\/actu\/2638187-gerald-darmanin-ministre-tourcoing-femme-amour-enfants-metier-secrets\/\">nom de <strong>G\u00e9rald Darmanin<\/strong><\/a> est \u00e9galement souvent cit\u00e9. L&rsquo;actuel ministre de l&rsquo;Action et des Comptes Publics, <strong>maire de Tourcoing<\/strong> et fervent d\u00e9fenseur du macronisme, serait peut-\u00eatre un <strong>rempla\u00e7ant id\u00e9al<\/strong>. L&rsquo;avenir (proche) nous le dira&#8230;<\/p>\n<\/p><\/div>\n<p>[ad_2]<br \/>\n<br \/><a href=\"https:\/\/www.journaldesfemmes.fr\/societe\/actu\/2646799-edouard-philippe-emmanuel-macron-la-fin-d-un-couple\/\">Source link <\/a><\/p>\n","protected":false},"excerpt":{"rendered":"<p>[ad_1] Edouard Philippe et Emmanuel Macron doivent s&rsquo;entretenir d&rsquo;ici peu&#8230; pour se s\u00e9parer dans de bonnes conditions\u00a0? Si le Premier &hellip; <a href=\"http:\/\/www.affinite.fr\/index.php\/2020\/07\/01\/macron-philippe-fin-dun-couple-dun-tandem-et-maintenant\/\" class=\"more-link\">Plus <span class=\"screen-reader-text\">Macron-Philippe, fin d&rsquo;un couple, d&rsquo;un tandem\u00a0: et maintenant\u00a0?<\/span> <span class=\"meta-nav\">&rarr;<\/span><\/a><\/p>\n","protected":false},"author":1,"featured_media":4662,"comment_status":"open","ping_status":"open","sticky":false,"template":"","format":"standard","meta":{"_sitemap_exclude":false,"_sitemap_priority":"","_sitemap_frequency":"","footnotes":""},"categories":[1],"tags":[],"class_list":["post-4661","post","type-post","status-publish","format-standard","has-post-thumbnail","hentry","category-tous"],"_links":{"self":[{"href":"http:\/\/www.affinite.fr\/index.php\/wp-json\/wp\/v2\/posts\/4661"}],"collection":[{"href":"http:\/\/www.affinite.fr\/index.php\/wp-json\/wp\/v2\/posts"}],"about":[{"href":"http:\/\/www.affinite.fr\/index.php\/wp-json\/wp\/v2\/types\/post"}],"author":[{"embeddable":true,"href":"http:\/\/www.affinite.fr\/index.php\/wp-json\/wp\/v2\/users\/1"}],"replies":[{"embeddable":true,"href":"http:\/\/www.affinite.fr\/index.php\/wp-json\/wp\/v2\/comments?post=4661"}],"version-history":[{"count":0,"href":"http:\/\/www.affinite.fr\/index.php\/wp-json\/wp\/v2\/posts\/4661\/revisions"}],"wp:featuredmedia":[{"embeddable":true,"href":"http:\/\/www.affinite.fr\/index.php\/wp-json\/wp\/v2\/media\/4662"}],"wp:attachment":[{"href":"http:\/\/www.affinite.fr\/index.php\/wp-json\/wp\/v2\/media?parent=4661"}],"wp:term":[{"taxonomy":"category","embeddable":true,"href":"http:\/\/www.affinite.fr\/index.php\/wp-json\/wp\/v2\/categories?post=4661"},{"taxonomy":"post_tag","embeddable":true,"href":"http:\/\/www.affinite.fr\/index.php\/wp-json\/wp\/v2\/tags?post=4661"}],"curies":[{"name":"wp","href":"https:\/\/api.w.org\/{rel}","templated":true}]}}