{"id":4649,"date":"2020-07-01T10:01:34","date_gmt":"2020-07-01T10:01:34","guid":{"rendered":"https:\/\/www.affinite.fr\/index.php\/2020\/07\/01\/le-prix-de-la-console-de-sony-et-de-ses-accessoires-peut-etre-revele-sur-twitter\/"},"modified":"2020-07-01T10:01:34","modified_gmt":"2020-07-01T10:01:34","slug":"le-prix-de-la-console-de-sony-et-de-ses-accessoires-peut-etre-revele-sur-twitter","status":"publish","type":"post","link":"http:\/\/www.affinite.fr\/index.php\/2020\/07\/01\/le-prix-de-la-console-de-sony-et-de-ses-accessoires-peut-etre-revele-sur-twitter\/","title":{"rendered":"le prix de la console de Sony et de ses accessoires peut-\u00eatre r\u00e9v\u00e9l\u00e9 sur Twitter"},"content":{"rendered":"<p> [ad_1]<br \/>\n<br \/><img decoding=\"async\" src=\"https:\/\/img.bfmtv.com\/i\/0\/0\/aa7\/76ef52cfece211d9868a5b9b07e44.jpg\" \/><\/p>\n<div itemprop=\"articleBody\">\n                Les prix des prochaines consoles Sony ainsi que des accessoires pour la <a href=\"https:\/\/www.01net.com\/actualite\/playstation-5\/\" target=\"_blank\" rel=\"noopener noreferrer\">PlayStation 5<\/a> semblent avoir \u00e9t\u00e9 victimes d&rsquo;indiscr\u00e9tion de la part d&rsquo;un utilisateur de Twitter qui se fait appeler <em>IronManPS5<\/em>. Plusieurs des messages qu&rsquo;il a post\u00e9s entre le 19 et le 30 juin dernier font r\u00e9f\u00e9rence \u00e0 des grilles de tarifs assez proches des pr\u00e9visions des sp\u00e9cialistes et analystes. Ce sont toutefois des informations \u00e0 prendre avec des pincettes puisque aucune n&rsquo;est corrobor\u00e9e par Sony.<\/p>\n<p>Cet utilisateur de Twitter \u00e9voque des prix de 399 euros pour la version \u00ab Digital\u00a0\u00bb et 499 euros pour <a href=\"https:\/\/www.01net.com\/actualites\/playstation-5-de-nouveaux-details-emergent-apres-sa-presentation-1933497.html\" target=\"_blank\" rel=\"noopener noreferrer\">la version classique de la PS5<\/a>. <a href=\"https:\/\/www.01net.com\/actualites\/playstation-5-sony-devoile-ses-premiers-accessoires-dont-un-casque-audio-prometteur-1931909.html\" target=\"_blank\" rel=\"noopener noreferrer\">Les accessoires<\/a>, pour leur part, seraient propos\u00e9s entre 30 euros pour la station de recharge sans-fil et la t\u00e9l\u00e9commande et 180 euros pour le casque. Le prix des <a href=\"https:\/\/www.01net.com\/actualites\/playstation-5-sony-devoile-enfin-la-manette-dualsense-1890969.html\" target=\"_blank\" rel=\"noopener noreferrer\">manettes DualSense<\/a> serait \u00e9tabli \u00e0 60 euros, une \u00e9tiquette que l&rsquo;on retrouverait aussi attach\u00e9e \u00e0 la cam\u00e9ra.<\/p>\n<div data-force-click=\"true\" class=\"bloc\">\n<blockquote class=\"twitter-tweet\">\n<p dir=\"ltr\" lang=\"en\">PlayStation 5 Digital will be available in North America and Europe on November 20, 2020 at a recommended retail price (RRP) of $399, \u20ac399 and \u00a3349 <a href=\"https:\/\/t.co\/jPVlRAshQe\">pic.twitter.com\/jPVlRAshQe<\/a><\/p>\n<p>\u2014 Iron Man (@IronManPS5) <a href=\"https:\/\/twitter.com\/IronManPS5\/status\/1273752540170108928?ref_src=twsrc%5Etfw\">June 18, 2020<\/a><\/p><\/blockquote><\/div>\n<p>Plusieurs messages font m\u00eame mention d&rsquo;une date de sortie fix\u00e9e au 20 novembre en Europe et en Am\u00e9rique du Nord. Une p\u00e9riode de lancement cr\u00e9dible si l&rsquo;on se rappelle que la PS4 comme <a href=\"https:\/\/www.01net.com\/tests\/on-a-teste-la-ps4-pro-faut-il-craquer-pour-la-nouvelle-console-de-sony-5510.html\" target=\"_blank\" rel=\"noopener noreferrer\">la PS4 Pro<\/a> ont toutes deux \u00e9t\u00e9 commercialis\u00e9es ce m\u00eame mois, respectivement en 2013 et 2017.<\/p>\n<aside class=\"bg-color-0 padding-inside-all-s bloc border-s\">\n<h4 class=\"box-txt-normal\">\n<p><strong>\u00c0 d\u00e9couvrir aussi en vid\u00e9o :<\/strong><\/p>\n<\/h4>\n<\/aside>\n<blockquote>\n<p><strong>\u00c0 parcourir aussi &#8211;<\/strong> <a href=\"https:\/\/www.01net.com\/actualite\/xbox-series-x\/\" target=\"_blank\" rel=\"noopener noreferrer\">Xbox Series X : notre dossier pour tout savoir sur la future console de Microsoft<\/a><\/p>\n<\/blockquote>\n<p>La date, comme les prix, semble\u00a0\u00eatre au diapason avec les donn\u00e9es qu&rsquo;Amazon France avait mis par erreur en ligne peu de temps apr\u00e8s la conf\u00e9rence qui s&rsquo;est tenue il y a quelques semaines et lors de laquelle nous avons enfin pu d\u00e9couvrir des jeux mais aussi la console.<br \/>Il faudra toutefois s\u00fbrement attendre encore plusieurs semaines avant que Sony ne d\u00e9voile les prix officiels. Reste \u00e0 savoir si le Japonais le fera avant ou apr\u00e8s les annonces de Microsoft concernant le positionnement de la Xbox Series X attendues, elles, pour cet \u00e9t\u00e9.<\/p>\n<\/p><\/div>\n<p><script async src=\"http:\/\/platform.twitter.com\/widgets.js\" charset=\"utf-8\"><\/script><script>\n         !function(f,b,e,v,n,t,s){if(f.fbq)return;n=f.fbq=function()\n         {n.callMethod? n.callMethod.apply(n,arguments):n.queue.push(arguments)}\n         ;if(!f._fbq)f._fbq=n;\n             n.push=n;n.loaded=!0;n.version='2.0';n.queue=[];t=b.createElement(e);t.async=!0;\n             t.src=v;s=b.getElementsByTagName(e)[0];s.parentNode.insertBefore(t,s)}(window,\n                 document,'script','https:\/\/connect.facebook.net\/en_US\/fbevents.js');\n         fbq('init', '1065890633454496');\n         fbq('track', 'PageView');\n     <\/script><br \/>\n<br \/>[ad_2]<br \/>\n<br \/><a href=\"https:\/\/www.01net.com\/actualites\/playstation-5-le-prix-de-la-console-de-sony-et-de-ses-accessoires-peut-etre-revele-sur-twitter-1941522.html\">Source link <\/a><\/p>\n","protected":false},"excerpt":{"rendered":"<p>[ad_1] Les prix des prochaines consoles Sony ainsi que des accessoires pour la PlayStation 5 semblent avoir \u00e9t\u00e9 victimes d&rsquo;indiscr\u00e9tion &hellip; <a href=\"http:\/\/www.affinite.fr\/index.php\/2020\/07\/01\/le-prix-de-la-console-de-sony-et-de-ses-accessoires-peut-etre-revele-sur-twitter\/\" class=\"more-link\">Plus <span class=\"screen-reader-text\">le prix de la console de Sony et de ses accessoires peut-\u00eatre r\u00e9v\u00e9l\u00e9 sur Twitter<\/span> <span class=\"meta-nav\">&rarr;<\/span><\/a><\/p>\n","protected":false},"author":1,"featured_media":4650,"comment_status":"open","ping_status":"open","sticky":false,"template":"","format":"standard","meta":{"_sitemap_exclude":false,"_sitemap_priority":"","_sitemap_frequency":"","footnotes":""},"categories":[1],"tags":[],"class_list":["post-4649","post","type-post","status-publish","format-standard","has-post-thumbnail","hentry","category-tous"],"_links":{"self":[{"href":"http:\/\/www.affinite.fr\/index.php\/wp-json\/wp\/v2\/posts\/4649"}],"collection":[{"href":"http:\/\/www.affinite.fr\/index.php\/wp-json\/wp\/v2\/posts"}],"about":[{"href":"http:\/\/www.affinite.fr\/index.php\/wp-json\/wp\/v2\/types\/post"}],"author":[{"embeddable":true,"href":"http:\/\/www.affinite.fr\/index.php\/wp-json\/wp\/v2\/users\/1"}],"replies":[{"embeddable":true,"href":"http:\/\/www.affinite.fr\/index.php\/wp-json\/wp\/v2\/comments?post=4649"}],"version-history":[{"count":0,"href":"http:\/\/www.affinite.fr\/index.php\/wp-json\/wp\/v2\/posts\/4649\/revisions"}],"wp:featuredmedia":[{"embeddable":true,"href":"http:\/\/www.affinite.fr\/index.php\/wp-json\/wp\/v2\/media\/4650"}],"wp:attachment":[{"href":"http:\/\/www.affinite.fr\/index.php\/wp-json\/wp\/v2\/media?parent=4649"}],"wp:term":[{"taxonomy":"category","embeddable":true,"href":"http:\/\/www.affinite.fr\/index.php\/wp-json\/wp\/v2\/categories?post=4649"},{"taxonomy":"post_tag","embeddable":true,"href":"http:\/\/www.affinite.fr\/index.php\/wp-json\/wp\/v2\/tags?post=4649"}],"curies":[{"name":"wp","href":"https:\/\/api.w.org\/{rel}","templated":true}]}}