{"id":4647,"date":"2020-07-01T08:59:56","date_gmt":"2020-07-01T08:59:56","guid":{"rendered":"https:\/\/www.affinite.fr\/index.php\/2020\/07\/01\/firefox-78-est-disponible-avec-un-dispositif-de-protection-des-donnees-personnelles-renforce\/"},"modified":"2020-07-01T08:59:56","modified_gmt":"2020-07-01T08:59:56","slug":"firefox-78-est-disponible-avec-un-dispositif-de-protection-des-donnees-personnelles-renforce","status":"publish","type":"post","link":"http:\/\/www.affinite.fr\/index.php\/2020\/07\/01\/firefox-78-est-disponible-avec-un-dispositif-de-protection-des-donnees-personnelles-renforce\/","title":{"rendered":"Firefox 78 est disponible, avec un dispositif de protection des donn\u00e9es personnelles renforc\u00e9"},"content":{"rendered":"<p> [ad_1]<br \/>\n<\/p>\n<div itemprop=\"articleBody\">\n<p class=\"MsoNormal\">La derni\u00e8re mise \u00e0 jour majeure du navigateur web de Mozilla est en train d\u2019\u00eatre d\u00e9ploy\u00e9e chez tous les utilisateurs.<\/p>\n<p class=\"MsoNormal\">L\u2019arriv\u00e9e de Firefox 78 est l\u2019occasion pour la Fondation Mozilla de renforcer encore un peu plus les fonctionnalit\u00e9s du navigateur en mati\u00e8re de protection des donn\u00e9es personnelles.<\/p>\n<h3 class=\"MsoNormal\" style=\"color:#333; font-family:arial,helvetica,sans-serif; font-size:23px; font-weight:700\"><strong>Un tableau de bord de protection des donn\u00e9es<\/strong><\/h3>\n<p class=\"MsoNormal\">Firefox disposait d\u00e9j\u00e0 d\u2019un module de protection contre le pistage, d\u2019un outil permettant de surveiller les fuites de donn\u00e9es (Firefox Monitor), et d\u2019un gestionnaire de mots de passe (Firefox Lockwise). Jusqu\u2019ici ces outils \u00e9taient \u00e9parpill\u00e9s dans diff\u00e9rents menus du navigateur. Ils sont d\u00e9sormais regroup\u00e9s au sein d\u2019une seule et m\u00eame page.<\/p>\n<p class=\"MsoNormal\">Ce Tableau de bord des protections, accessible depuis le menu principal du navigateur permet d\u2019avoir une vue d\u2019ensemble sur les diff\u00e9rents outils int\u00e9gr\u00e9s dans Firefox.<\/p>\n<figure class=\"figure text-center\"><img decoding=\"async\" class=\"article-img img-responsive-l\" src=\"https:\/\/img.bfmtv.com\/c\/0\/708\/ba1\/48cd6b96987943af285c4e33cb4eb.png\" alt=\"\"\/><figcaption class=\"figure-caption figcaption color-txt-0 title-xs hidden-xs\"\/><\/figure>\n<p class=\"MsoNormal\">Vous pourrez ainsi, en un coup d\u2019\u0153il, conna\u00eetre le nombre de traqueurs bloqu\u00e9s par Firefox sur une semaine, surveiller les fuites de donn\u00e9es concernant vos diff\u00e9rentes adresses e-mail, et acc\u00e9der directement au gestionnaire de mots de passe.<\/p>\n<figure class=\"figure text-center\"><img decoding=\"async\" class=\"article-img img-responsive-l\" src=\"https:\/\/img.bfmtv.com\/c\/0\/708\/87e\/df5091e45be43c4565c400e07eba3.png\" alt=\"\"\/><figcaption class=\"figure-caption figcaption color-txt-0 title-xs hidden-xs\"\/><\/figure>\n<h3 class=\"MsoNormal\" style=\"color:#333;font-family:arial,helvetica,sans-serif;font-size:23px;font-weight:700;\">Vid\u00e9oconf\u00e9rence plus stable et meilleures performances graphiques<\/h3>\n<p class=\"MsoNormal\">Pour le reste, Mozilla s\u2019est attach\u00e9 \u00e0 optimiser les performances graphiques chez les utilisateurs sous Windows disposant d\u2019un processeur graphique Intel avec le support de WebRender. D\u2019autres points d\u2019am\u00e9lioration ont \u00e9galement \u00e9t\u00e9 apport\u00e9s.<\/p>\n<p class=\"MsoNormal\">Ainsi, pour \u00e9viter que les utilisateurs ne soient tent\u00e9s de r\u00e9installer Firefox lorsqu\u2019ils rencontrent un probl\u00e8me, un bouton R\u00e9parer Firefox a \u00e9t\u00e9 ajout\u00e9 dans l\u2019assistant de d\u00e9sinstallation. Par ailleurs, l\u2019activation de l\u2019\u00e9cran de veille de l\u2019utilisateur n\u2019interrompt plus les appels r\u00e9alis\u00e9s depuis Firefox \u00e0 travers WebRTC. Les appels audio et vid\u00e9o ne seront donc plus coup\u00e9s de mani\u00e8re inopin\u00e9e.<\/p>\n<p class=\"MsoNormal\">Enfin, cette mise \u00e0 jour 78 de Firefox est la nouvelle version ESR (Extended Support Release) du navigateur. Pour ceux qui ne sauraient pas de quoi il s\u2019agit, Firefox ESR, ou Firefox \u00e9dition longue dur\u00e9e, est une version du navigateur profitant d\u2019un support \u00e9tendu, avec des mises \u00e0 jour maintenues durant une ann\u00e9e. Cette version est g\u00e9n\u00e9ralement d\u00e9ploy\u00e9 dans les \u00e9coles et les entreprises.<\/p>\n<p class=\"MsoNormal\">Firefox 78 sera, en outre, la derni\u00e8re mise \u00e0 jour majeure propos\u00e9e pour les utilisateurs sous macOS 10.9, 10.10 et 10.11.<br \/>\u00a0<\/p>\n<p class=\"MsoNormal\">Source\u00a0: <a href=\"https:\/\/www.mozilla.org\/en-US\/firefox\/78.0\/releasenotes\/\" target=\"_blank\" rel=\"noopener noreferrer\">Mozilla <\/a><\/p>\n<\/p><\/div>\n<p><script>\n         !function(f,b,e,v,n,t,s){if(f.fbq)return;n=f.fbq=function()\n         {n.callMethod? n.callMethod.apply(n,arguments):n.queue.push(arguments)}\n         ;if(!f._fbq)f._fbq=n;\n             n.push=n;n.loaded=!0;n.version='2.0';n.queue=[];t=b.createElement(e);t.async=!0;\n             t.src=v;s=b.getElementsByTagName(e)[0];s.parentNode.insertBefore(t,s)}(window,\n                 document,'script','https:\/\/connect.facebook.net\/en_US\/fbevents.js');\n         fbq('init', '1065890633454496');\n         fbq('track', 'PageView');\n     <\/script><br \/>\n<br \/>[ad_2]<br \/>\n<br \/><a href=\"https:\/\/www.01net.com\/actualites\/firefox-78-est-disponible-avec-un-dispositif-de-protection-des-donnees-personnelles-renforce-1941525.html\">Source link <\/a><\/p>\n","protected":false},"excerpt":{"rendered":"<p>[ad_1] La derni\u00e8re mise \u00e0 jour majeure du navigateur web de Mozilla est en train d\u2019\u00eatre d\u00e9ploy\u00e9e chez tous les &hellip; <a href=\"http:\/\/www.affinite.fr\/index.php\/2020\/07\/01\/firefox-78-est-disponible-avec-un-dispositif-de-protection-des-donnees-personnelles-renforce\/\" class=\"more-link\">Plus <span class=\"screen-reader-text\">Firefox 78 est disponible, avec un dispositif de protection des donn\u00e9es personnelles renforc\u00e9<\/span> <span class=\"meta-nav\">&rarr;<\/span><\/a><\/p>\n","protected":false},"author":1,"featured_media":4648,"comment_status":"open","ping_status":"open","sticky":false,"template":"","format":"standard","meta":{"_sitemap_exclude":false,"_sitemap_priority":"","_sitemap_frequency":"","footnotes":""},"categories":[1],"tags":[],"class_list":["post-4647","post","type-post","status-publish","format-standard","has-post-thumbnail","hentry","category-tous"],"_links":{"self":[{"href":"http:\/\/www.affinite.fr\/index.php\/wp-json\/wp\/v2\/posts\/4647"}],"collection":[{"href":"http:\/\/www.affinite.fr\/index.php\/wp-json\/wp\/v2\/posts"}],"about":[{"href":"http:\/\/www.affinite.fr\/index.php\/wp-json\/wp\/v2\/types\/post"}],"author":[{"embeddable":true,"href":"http:\/\/www.affinite.fr\/index.php\/wp-json\/wp\/v2\/users\/1"}],"replies":[{"embeddable":true,"href":"http:\/\/www.affinite.fr\/index.php\/wp-json\/wp\/v2\/comments?post=4647"}],"version-history":[{"count":0,"href":"http:\/\/www.affinite.fr\/index.php\/wp-json\/wp\/v2\/posts\/4647\/revisions"}],"wp:featuredmedia":[{"embeddable":true,"href":"http:\/\/www.affinite.fr\/index.php\/wp-json\/wp\/v2\/media\/4648"}],"wp:attachment":[{"href":"http:\/\/www.affinite.fr\/index.php\/wp-json\/wp\/v2\/media?parent=4647"}],"wp:term":[{"taxonomy":"category","embeddable":true,"href":"http:\/\/www.affinite.fr\/index.php\/wp-json\/wp\/v2\/categories?post=4647"},{"taxonomy":"post_tag","embeddable":true,"href":"http:\/\/www.affinite.fr\/index.php\/wp-json\/wp\/v2\/tags?post=4647"}],"curies":[{"name":"wp","href":"https:\/\/api.w.org\/{rel}","templated":true}]}}