{"id":4629,"date":"2020-07-01T00:42:18","date_gmt":"2020-07-01T00:42:18","guid":{"rendered":"https:\/\/www.affinite.fr\/index.php\/2020\/07\/01\/oneplus-devoile-une-premiere-image-du-nord-son-futur-smartphone\/"},"modified":"2020-07-01T00:42:18","modified_gmt":"2020-07-01T00:42:18","slug":"oneplus-devoile-une-premiere-image-du-nord-son-futur-smartphone","status":"publish","type":"post","link":"http:\/\/www.affinite.fr\/index.php\/2020\/07\/01\/oneplus-devoile-une-premiere-image-du-nord-son-futur-smartphone\/","title":{"rendered":"OnePlus d\u00e9voile une premi\u00e8re image du \u00ab\u00a0Nord\u00a0\u00bb, son futur smartphone"},"content":{"rendered":"<p> [ad_1]<br \/>\n<br \/><img decoding=\"async\" src=\"https:\/\/img.bfmtv.com\/i\/0\/0\/951\/dee904dff378ddf5f1aaff48e7508.png\" \/><\/p>\n<div itemprop=\"articleBody\">\n<p>Il y a quelques jours, nous vous parlions de l&rsquo;ouverture du compte Instagram\u00a0\u00abOnePlusZLiteThing\u00bb d\u00e9di\u00e9 au futur smartphone milieu de gamme de la marque chinoise. Depuis, l&rsquo;entreprise\u00a0s&rsquo;amuse chaque jour \u00e0 faire saliver ses fans en publiant des images promotionnelles et des indices sur son futur produit. Elle compte \u00e9galement diffuser un documentaire en quatre parties racontant la gen\u00e8se du produit.<\/p>\n<blockquote>\n<p><strong>\u00c0 lire aussi :<\/strong>\u00a0<a href=\"https:\/\/www.01net.com\/actualites\/oneplus-lance-un-mysterieux-compte-instagram-pour-devoiler-son-futur-smartphone-abordable-1938224.html\" target=\"_blank\" rel=\"noopener noreferrer\">OnePlus lance un myst\u00e9rieux compte Instagram pour d\u00e9voiler son futur smartphone abordable<\/a><\/p>\n<\/blockquote>\n<p>OnePlus vient de publier le premier \u00e9pisode de ce fameux documentaire. \u00c0 l&rsquo;int\u00e9rieur, on y d\u00e9couvre le nom OnePlus Nord et une image de la face\u00a0avant de l&rsquo;appareil.\u00a0<\/p>\n<h3 style=\"color:#333; font-family:arial,helvetica,sans-serif; font-size:23px; font-weight:700\">OnePlus Nord plut\u00f4t que Z<\/h3>\n<p>Les rumeurs avaient donc\u00a0tort, le smartphone plus abordable de OnePlus s&rsquo;appelle OnePlus Nord. Son \u00e9cran n&rsquo;est pas incurv\u00e9 et mise sur un poin\u00e7on pour dissimuler son double module cam\u00e9ra.\u00a0On ne sait pour l&rsquo;instant pas grand chose sur ses caract\u00e9ristiques, mais plusieurs leaks affirment qu&rsquo;il utilisera le processeur\u00a0Snapdragon 765G. Esp\u00e9rons donc un tarif largement inf\u00e9rieur aux 699 euros du OnePlus 8.\u00a0<\/p>\n<aside class=\"bg-color-0 padding-inside-all-s bloc border-s\">\n<h4 class=\"box-txt-normal\">\n<p><strong>\u00c0 d\u00e9couvrir aussi en vid\u00e9o :<\/strong><\/p>\n<\/h4>\n<\/aside>\n<p>                Dans les prochains jours, il y a fort \u00e0 parier que OnePlus en dira plus sur son futur smartphone. Les autres \u00e9pisodes du documentaire (d\u00e8s le 7 juillet pour la seconde partie) d\u00e9voileront sans doute les caract\u00e9ristiques de l&rsquo;appareil. En ce qui concerne sa date de sortie, elle est pour l&rsquo;instant inconnue. On apprend n\u00e9anmoins dans le documentaire que le produit a \u00e9t\u00e9 repouss\u00e9 \u00e0 cause du Covid-19.\u00a0<\/p><\/div>\n<p><script>\n         !function(f,b,e,v,n,t,s){if(f.fbq)return;n=f.fbq=function()\n         {n.callMethod? n.callMethod.apply(n,arguments):n.queue.push(arguments)}\n         ;if(!f._fbq)f._fbq=n;\n             n.push=n;n.loaded=!0;n.version='2.0';n.queue=[];t=b.createElement(e);t.async=!0;\n             t.src=v;s=b.getElementsByTagName(e)[0];s.parentNode.insertBefore(t,s)}(window,\n                 document,'script','https:\/\/connect.facebook.net\/en_US\/fbevents.js');\n         fbq('init', '1065890633454496');\n         fbq('track', 'PageView');\n     <\/script><br \/>\n<br \/>[ad_2]<br \/>\n<br \/><a href=\"https:\/\/www.01net.com\/actualites\/oneplus-devoile-une-premiere-image-du-nord-son-futur-smartphone-1941245.html\">Source link <\/a><\/p>\n","protected":false},"excerpt":{"rendered":"<p>[ad_1] Il y a quelques jours, nous vous parlions de l&rsquo;ouverture du compte Instagram\u00a0\u00abOnePlusZLiteThing\u00bb d\u00e9di\u00e9 au futur smartphone milieu de &hellip; <a href=\"http:\/\/www.affinite.fr\/index.php\/2020\/07\/01\/oneplus-devoile-une-premiere-image-du-nord-son-futur-smartphone\/\" class=\"more-link\">Plus <span class=\"screen-reader-text\">OnePlus d\u00e9voile une premi\u00e8re image du \u00ab\u00a0Nord\u00a0\u00bb, son futur smartphone<\/span> <span class=\"meta-nav\">&rarr;<\/span><\/a><\/p>\n","protected":false},"author":1,"featured_media":4630,"comment_status":"open","ping_status":"open","sticky":false,"template":"","format":"standard","meta":{"_sitemap_exclude":false,"_sitemap_priority":"","_sitemap_frequency":"","footnotes":""},"categories":[1],"tags":[],"class_list":["post-4629","post","type-post","status-publish","format-standard","has-post-thumbnail","hentry","category-tous"],"_links":{"self":[{"href":"http:\/\/www.affinite.fr\/index.php\/wp-json\/wp\/v2\/posts\/4629"}],"collection":[{"href":"http:\/\/www.affinite.fr\/index.php\/wp-json\/wp\/v2\/posts"}],"about":[{"href":"http:\/\/www.affinite.fr\/index.php\/wp-json\/wp\/v2\/types\/post"}],"author":[{"embeddable":true,"href":"http:\/\/www.affinite.fr\/index.php\/wp-json\/wp\/v2\/users\/1"}],"replies":[{"embeddable":true,"href":"http:\/\/www.affinite.fr\/index.php\/wp-json\/wp\/v2\/comments?post=4629"}],"version-history":[{"count":0,"href":"http:\/\/www.affinite.fr\/index.php\/wp-json\/wp\/v2\/posts\/4629\/revisions"}],"wp:featuredmedia":[{"embeddable":true,"href":"http:\/\/www.affinite.fr\/index.php\/wp-json\/wp\/v2\/media\/4630"}],"wp:attachment":[{"href":"http:\/\/www.affinite.fr\/index.php\/wp-json\/wp\/v2\/media?parent=4629"}],"wp:term":[{"taxonomy":"category","embeddable":true,"href":"http:\/\/www.affinite.fr\/index.php\/wp-json\/wp\/v2\/categories?post=4629"},{"taxonomy":"post_tag","embeddable":true,"href":"http:\/\/www.affinite.fr\/index.php\/wp-json\/wp\/v2\/tags?post=4629"}],"curies":[{"name":"wp","href":"https:\/\/api.w.org\/{rel}","templated":true}]}}