{"id":4625,"date":"2020-06-30T22:38:44","date_gmt":"2020-06-30T22:38:44","guid":{"rendered":"https:\/\/www.affinite.fr\/index.php\/2020\/06\/30\/samsung-preparait-un-galaxy-fold-lite-pour-rendre-le-smartphone-pliant-enfin-abordable\/"},"modified":"2020-06-30T22:38:44","modified_gmt":"2020-06-30T22:38:44","slug":"samsung-preparait-un-galaxy-fold-lite-pour-rendre-le-smartphone-pliant-enfin-abordable","status":"publish","type":"post","link":"http:\/\/www.affinite.fr\/index.php\/2020\/06\/30\/samsung-preparait-un-galaxy-fold-lite-pour-rendre-le-smartphone-pliant-enfin-abordable\/","title":{"rendered":"Samsung pr\u00e9parait un Galaxy Fold Lite pour rendre le smartphone pliant enfin abordable"},"content":{"rendered":"<p> [ad_1]<br \/>\n<br \/><img decoding=\"async\" src=\"https:\/\/img.bfmtv.com\/i\/0\/0\/e02bd\/045029e22c0fc0a63d70822d57e.jpg\" \/><\/p>\n<div itemprop=\"articleBody\">\n<p>Le smartphone pliant en voie de d\u00e9mocratisation\u00a0? Samsung serait en train de travailler \u00e0 une version \u00ab\u00a0Lite\u00a0\u00bb de son\u00a0<a href=\"https:\/\/www.01net.com\/tests\/test-du-samsung-galaxy-fold-le-premier-smartphone-pliable-de-l-histoire-donne-un-bel-apercu-du-futur-6317.html\" target=\"_blank\" rel=\"noopener noreferrer\">Galaxy Fold<\/a>. Loin du tarif astronomique de 2020 euros du premier mod\u00e8le, cette d\u00e9clinaison serait commercialis\u00e9e autour de 900 dollars, d\u2019apr\u00e8s les informations du site cor\u00e9en Viva100.<\/p>\n<aside class=\"bg-color-0 padding-inside-all-s bloc border-s\">\n<h4 class=\"box-txt-normal\">\n<p><strong>A d\u00e9couvrir aussi en vid\u00e9o<\/strong><\/p>\n<\/h4>\n<\/aside>\n<h3 style=\"color:#333; font-family:arial,helvetica,sans-serif; font-size:23px; font-weight:700\">Un mod\u00e8le disponible en 2021\u00a0?<\/h3>\n<p>Pour parvenir \u00e0 ce tarif bien plus comp\u00e9titif, Samsung doterait ce Galaxy Fold Lite d\u2019un module cam\u00e9ra et de composants internes bien moins performants. Impossible en effet de rogner pour le moment sur les caract\u00e9ristiques de la dalle OLED souple. Le mod\u00e8le pourrait \u00eatre lanc\u00e9 en 2021.<\/p>\n<div data-force-click=\"true\" class=\"bloc\">\n<blockquote class=\"twitter-tweet\">\n<p dir=\"ltr\" lang=\"en\">There&rsquo;s a rumor, and keep in mind this is a rumor, Samsung will be releasing a Galaxy Fold e for $1100. <\/p>\n<p>They are also working releasing 3 folds. Two with plastic, one with UTG. Could explain the Winner2 vs Champ codenames.<\/p>\n<p>\u2014 Max Weinbach (@MaxWinebach) <a href=\"https:\/\/twitter.com\/MaxWinebach\/status\/1259669612746211328?ref_src=twsrc%5Etfw\">May 11, 2020<\/a><\/p><\/blockquote><\/div>\n<p>Ce n\u2019est pas la premi\u00e8re fois que des informations \u00e9mergent concernant ce futur t\u00e9l\u00e9phone. En mai dernier, un journaliste de XDA Developers \u00e9voquait d\u00e9j\u00e0 son existence, mais \u00e0 un prix de 1\u00a0100 dollars. Ce Galaxy Fold Lite permettrait \u00e0 Samsung de cr\u00e9er une gamme compl\u00e8te de smartphones pliants en plus du premier du nom et <a href=\"https:\/\/www.01net.com\/tests\/test-du-samsung-galaxy-z-flip-le-retour-reussi-du-telephone-a-clapet-6417.html\" target=\"_blank\" rel=\"noopener noreferrer\">du Galaxy Z Flip<\/a>.<\/p>\n<p><strong>Source : <a href=\"http:\/\/www.viva100.com\/main\/view.php?key=20200628010005981\" target=\"_blank\" rel=\"noopener noreferrer\">Viva100<\/a><\/strong><\/p>\n<\/p><\/div>\n<p><script async src=\"http:\/\/platform.twitter.com\/widgets.js\" charset=\"utf-8\"><\/script><script>\n         !function(f,b,e,v,n,t,s){if(f.fbq)return;n=f.fbq=function()\n         {n.callMethod? n.callMethod.apply(n,arguments):n.queue.push(arguments)}\n         ;if(!f._fbq)f._fbq=n;\n             n.push=n;n.loaded=!0;n.version='2.0';n.queue=[];t=b.createElement(e);t.async=!0;\n             t.src=v;s=b.getElementsByTagName(e)[0];s.parentNode.insertBefore(t,s)}(window,\n                 document,'script','https:\/\/connect.facebook.net\/en_US\/fbevents.js');\n         fbq('init', '1065890633454496');\n         fbq('track', 'PageView');\n     <\/script><br \/>\n<br \/>[ad_2]<br \/>\n<br \/><a href=\"https:\/\/www.01net.com\/actualites\/samsung-preparait-un-galaxy-fold-lite-pour-rendre-le-smartphone-pliant-enfin-abordable-1940921.html\">Source link <\/a><\/p>\n","protected":false},"excerpt":{"rendered":"<p>[ad_1] Le smartphone pliant en voie de d\u00e9mocratisation\u00a0? Samsung serait en train de travailler \u00e0 une version \u00ab\u00a0Lite\u00a0\u00bb de son\u00a0Galaxy &hellip; <a href=\"http:\/\/www.affinite.fr\/index.php\/2020\/06\/30\/samsung-preparait-un-galaxy-fold-lite-pour-rendre-le-smartphone-pliant-enfin-abordable\/\" class=\"more-link\">Plus <span class=\"screen-reader-text\">Samsung pr\u00e9parait un Galaxy Fold Lite pour rendre le smartphone pliant enfin abordable<\/span> <span class=\"meta-nav\">&rarr;<\/span><\/a><\/p>\n","protected":false},"author":1,"featured_media":4626,"comment_status":"open","ping_status":"open","sticky":false,"template":"","format":"standard","meta":{"_sitemap_exclude":false,"_sitemap_priority":"","_sitemap_frequency":"","footnotes":""},"categories":[1],"tags":[],"class_list":["post-4625","post","type-post","status-publish","format-standard","has-post-thumbnail","hentry","category-tous"],"_links":{"self":[{"href":"http:\/\/www.affinite.fr\/index.php\/wp-json\/wp\/v2\/posts\/4625"}],"collection":[{"href":"http:\/\/www.affinite.fr\/index.php\/wp-json\/wp\/v2\/posts"}],"about":[{"href":"http:\/\/www.affinite.fr\/index.php\/wp-json\/wp\/v2\/types\/post"}],"author":[{"embeddable":true,"href":"http:\/\/www.affinite.fr\/index.php\/wp-json\/wp\/v2\/users\/1"}],"replies":[{"embeddable":true,"href":"http:\/\/www.affinite.fr\/index.php\/wp-json\/wp\/v2\/comments?post=4625"}],"version-history":[{"count":0,"href":"http:\/\/www.affinite.fr\/index.php\/wp-json\/wp\/v2\/posts\/4625\/revisions"}],"wp:featuredmedia":[{"embeddable":true,"href":"http:\/\/www.affinite.fr\/index.php\/wp-json\/wp\/v2\/media\/4626"}],"wp:attachment":[{"href":"http:\/\/www.affinite.fr\/index.php\/wp-json\/wp\/v2\/media?parent=4625"}],"wp:term":[{"taxonomy":"category","embeddable":true,"href":"http:\/\/www.affinite.fr\/index.php\/wp-json\/wp\/v2\/categories?post=4625"},{"taxonomy":"post_tag","embeddable":true,"href":"http:\/\/www.affinite.fr\/index.php\/wp-json\/wp\/v2\/tags?post=4625"}],"curies":[{"name":"wp","href":"https:\/\/api.w.org\/{rel}","templated":true}]}}