{"id":4619,"date":"2020-06-30T19:32:54","date_gmt":"2020-06-30T19:32:54","guid":{"rendered":"https:\/\/www.affinite.fr\/index.php\/2020\/06\/30\/lapple-watch-controle-le-lavage-de-vos-mains\/"},"modified":"2020-06-30T19:32:54","modified_gmt":"2020-06-30T19:32:54","slug":"lapple-watch-controle-le-lavage-de-vos-mains","status":"publish","type":"post","link":"http:\/\/www.affinite.fr\/index.php\/2020\/06\/30\/lapple-watch-controle-le-lavage-de-vos-mains\/","title":{"rendered":"l&rsquo;Apple Watch contr\u00f4le le lavage de vos mains"},"content":{"rendered":"<p> [ad_1]<br \/>\n<br \/><img decoding=\"async\" src=\"https:\/\/img.bfmtv.com\/i\/0\/0\/a1a\/0b196c6c4627dba05c9d362528d6c.jpg\" \/><\/p>\n<div itemprop=\"articleBody\">\n<h3 style=\"color:#333; font-family:arial,helvetica,sans-serif; font-size:23px; font-weight:700\">L\u2019Apple Watch veut du bien \u00e0 vos\u00a0mains<\/h3>\n<p>Lundi 22 juin, Apple pr\u00e9sentait les nouveaut\u00e9s de ses diff\u00e9rents syst\u00e8mes d\u2019exploitation, lors de sa conf\u00e9rence WWDC. Parmi les annonces, une nouvelle fonction disponible sur WatchOS 7 permet \u00e0 votre Apple Watch de d\u00e9tecter le moment o\u00f9 vous vous lavez les mains.<br \/>La\u00a0smartwatch lancera alors un compte \u00e0 rebours de vingt secondes, la dur\u00e9e recommand\u00e9e par les autorit\u00e9s sanitaires pour un nettoyage efficace. Si vous arr\u00eatez avant, l\u2019Apple Watch met le compte \u00e0 rebours en pause, et fait appara\u00eetre un message vous invitant \u00e0 poursuivre le lavage jusqu\u2019\u00e0 la fin des vingt secondes.<br \/>Apple offre ici une fonctionnalit\u00e9 dans l\u2019\u00e8re du temps, en pleine \u00e9pid\u00e9mie de Covid-19.<\/p>\n<h3 style=\"color:#333; font-family:arial,helvetica,sans-serif; font-size:23px; font-weight:700\">Quand TikTok perturbe le meeting de Donald Trump<\/h3>\n<p>Le pr\u00e9sident am\u00e9ricain avait donn\u00e9 rendez-vous \u00e0 ses militants le 21 juin \u00e0 Tulsa, dans l\u2019Oklahoma. Quelques jours auparavant, Donald Trump se vantait sur Twitter d\u2019avoir enregistr\u00e9 plus d\u2019un million de r\u00e9servations de places en ligne pour son meeting de campagne. Pourtant, le jour m\u00eame, \u00e0 peine plus de 6 000 militants \u00e9taient pr\u00e9sents, et des milliers de si\u00e8ges sont rest\u00e9s vides dans une salle pouvant pourtant accueillir pr\u00e8s de 20\u00a0000 personnes.<\/p>\n<p>La raison\u00a0? Un canular devenu viral sur TikTok, initi\u00e9 par des membres de la communaut\u00e9 K-Pop (un style musical sud-cor\u00e9en). En effet, profitant de la possibilit\u00e9 de r\u00e9server en ligne gratuitement des places pour le rassemblement de Donald Trump, des dizaines de milliers d\u2019internautes se sont ru\u00e9s sur la plate-forme, sans aucune intention de se rendre au meeting. Beaucoup d\u2019entre eux se sont ensuite film\u00e9s sur TikTok devant la confirmation de leur r\u00e9servation, et le ph\u00e9nom\u00e8ne a grandi rapidement, induisant Trump et ses militants en erreur. Un v\u00e9ritable\u00a0camouflet pour le pr\u00e9sident des \u00c9tats-Unis.<\/p>\n<h3 style=\"color:#333; font-family:arial,helvetica,sans-serif; font-size:23px; font-weight:700\">Les grandes enseignes am\u00e9ricaines en veulent \u00e0 Facebook<\/h3>\n<p>Depuis plus d\u2019une semaine, de nombreuses entreprises am\u00e9ricaines telles que Patagonia, The North Face, Ben &amp; Jerry\u2019s ou encore Coca-Cola et Unilever, ont appel\u00e9 au boycott de Facebook et annonc\u00e9 qu\u2019elles suspendaient leurs publicit\u00e9s sur le r\u00e9seau social dirig\u00e9 par Mark Zuckerberg.<\/p>\n<p>Ce boycott survient dans le cadre de la campagne #StopHateForProfit, lanc\u00e9e \u00e0 l\u2019initiative de plusieurs associations de d\u00e9fense des droits civiques et des afro-am\u00e9ricains. Facebook est largement critiqu\u00e9 pour ne pas mod\u00e9rer suffisamment les contenus \u00e0 caract\u00e8re haineux ou racistes.<\/p>\n<p><span>Dans le reste de l\u2019actualit\u00e9, cette semaine dans le Snap, retrouvez aussi des images des stories lanc\u00e9es en France par LinkedIn. Le format demeure classique, \u00e0 savoir des vid\u00e9os \u00e9ph\u00e9m\u00e8res de 24h, en format vertical et d\u2019une dur\u00e9e de vingt secondes. N\u00e9anmoins, LinkedIn poursuit son d\u00e9veloppement en tant que r\u00e9seau social \u00e0 part enti\u00e8re.<\/span><\/p>\n<p>Enfin, nous vous parlons aussi du boycott de Twitch par certaines joueuses, qui se plaignent de l\u2019inaction de la plate-forme face au sexisme et au racisme de certains streamers ou spectateurs. Des joueuses sont en effet r\u00e9guli\u00e8rement prises \u00e0 partie pendant leurs directs.<\/p><\/div>\n<p><script>\n         !function(f,b,e,v,n,t,s){if(f.fbq)return;n=f.fbq=function()\n         {n.callMethod? n.callMethod.apply(n,arguments):n.queue.push(arguments)}\n         ;if(!f._fbq)f._fbq=n;\n             n.push=n;n.loaded=!0;n.version='2.0';n.queue=[];t=b.createElement(e);t.async=!0;\n             t.src=v;s=b.getElementsByTagName(e)[0];s.parentNode.insertBefore(t,s)}(window,\n                 document,'script','https:\/\/connect.facebook.net\/en_US\/fbevents.js');\n         fbq('init', '1065890633454496');\n         fbq('track', 'PageView');\n     <\/script><br \/>\n<br \/>[ad_2]<br \/>\n<br \/><a href=\"https:\/\/www.01net.com\/actualites\/le-snap-08-l-apple-watch-controle-le-lavage-de-vos-mains-1940769.html\">Source link <\/a><\/p>\n","protected":false},"excerpt":{"rendered":"<p>[ad_1] L\u2019Apple Watch veut du bien \u00e0 vos\u00a0mains Lundi 22 juin, Apple pr\u00e9sentait les nouveaut\u00e9s de ses diff\u00e9rents syst\u00e8mes d\u2019exploitation, &hellip; <a href=\"http:\/\/www.affinite.fr\/index.php\/2020\/06\/30\/lapple-watch-controle-le-lavage-de-vos-mains\/\" class=\"more-link\">Plus <span class=\"screen-reader-text\">l&rsquo;Apple Watch contr\u00f4le le lavage de vos mains<\/span> <span class=\"meta-nav\">&rarr;<\/span><\/a><\/p>\n","protected":false},"author":1,"featured_media":4620,"comment_status":"open","ping_status":"open","sticky":false,"template":"","format":"standard","meta":{"_sitemap_exclude":false,"_sitemap_priority":"","_sitemap_frequency":"","footnotes":""},"categories":[1],"tags":[],"class_list":["post-4619","post","type-post","status-publish","format-standard","has-post-thumbnail","hentry","category-tous"],"_links":{"self":[{"href":"http:\/\/www.affinite.fr\/index.php\/wp-json\/wp\/v2\/posts\/4619"}],"collection":[{"href":"http:\/\/www.affinite.fr\/index.php\/wp-json\/wp\/v2\/posts"}],"about":[{"href":"http:\/\/www.affinite.fr\/index.php\/wp-json\/wp\/v2\/types\/post"}],"author":[{"embeddable":true,"href":"http:\/\/www.affinite.fr\/index.php\/wp-json\/wp\/v2\/users\/1"}],"replies":[{"embeddable":true,"href":"http:\/\/www.affinite.fr\/index.php\/wp-json\/wp\/v2\/comments?post=4619"}],"version-history":[{"count":0,"href":"http:\/\/www.affinite.fr\/index.php\/wp-json\/wp\/v2\/posts\/4619\/revisions"}],"wp:featuredmedia":[{"embeddable":true,"href":"http:\/\/www.affinite.fr\/index.php\/wp-json\/wp\/v2\/media\/4620"}],"wp:attachment":[{"href":"http:\/\/www.affinite.fr\/index.php\/wp-json\/wp\/v2\/media?parent=4619"}],"wp:term":[{"taxonomy":"category","embeddable":true,"href":"http:\/\/www.affinite.fr\/index.php\/wp-json\/wp\/v2\/categories?post=4619"},{"taxonomy":"post_tag","embeddable":true,"href":"http:\/\/www.affinite.fr\/index.php\/wp-json\/wp\/v2\/tags?post=4619"}],"curies":[{"name":"wp","href":"https:\/\/api.w.org\/{rel}","templated":true}]}}