{"id":461,"date":"2020-03-10T10:23:03","date_gmt":"2020-03-10T10:23:03","guid":{"rendered":"https:\/\/www.affinite.fr\/index.php\/2020\/03\/10\/la-cnil-enqueterait-sur-le-specialiste-du-ciblage-publicitaire-criteo\/"},"modified":"2020-03-10T10:23:03","modified_gmt":"2020-03-10T10:23:03","slug":"la-cnil-enqueterait-sur-le-specialiste-du-ciblage-publicitaire-criteo","status":"publish","type":"post","link":"http:\/\/www.affinite.fr\/index.php\/2020\/03\/10\/la-cnil-enqueterait-sur-le-specialiste-du-ciblage-publicitaire-criteo\/","title":{"rendered":"La CNIL enqu\u00eaterait sur le sp\u00e9cialiste du ciblage publicitaire Criteo"},"content":{"rendered":"<p> [ad_1]<br \/>\n<br \/><img decoding=\"async\" src=\"https:\/\/img.bfmtv.com\/i\/0\/0\/9f2\/5923682e33e4bf315c885761b0e33.jpeg\" \/><\/p>\n<div itemprop=\"articleBody\">\n<p>Poids lourd mondial du ciblage publicitaire, l\u2019entreprise fran\u00e7aise Criteo ferait l\u2019objet d\u2019une enqu\u00eate de la CNIL. L\u2019autorit\u00e9 donnerait suite \u00e0 une plainte d\u00e9pos\u00e9e contre Criteo par l\u2019ONG britannique Privacy International en 2018. L\u2019organisation avait d\u00e9cid\u00e9 de poursuivre sept soci\u00e9t\u00e9s dans le domaine de la publicit\u00e9 en ligne, les accusant de violer la vie priv\u00e9e des internautes et d\u2019enfreindre le<a href=\"https:\/\/www.01net.com\/actualites\/comment-le-rgpd-va-proteger-vos-donnees-personnelles-1454674.html\" target=\"_blank\" rel=\"noopener noreferrer\"> RGPD<\/a>.<\/p>\n<aside class=\"bg-color-0 padding-inside-all-s bloc border-s\">\n<h4 class=\"box-txt-normal\">\n<p><strong>A d\u00e9couvrir aussi en vid\u00e9o<\/strong><\/p>\n<\/h4>\n<\/aside>\n<h3 style=\"color:#333;font-family:arial,helvetica,sans-serif;font-size:23px;font-weight:700;\">Les acteurs de la publicit\u00e9 en ligne sur la br\u00e8che<\/h3>\n<p>La CNIL embo\u00eeterait le pas \u00e0 deux autres autorit\u00e9s europ\u00e9ennes de protection des donn\u00e9es\u00a0: les Irlandais se penchent actuellement sur le cas de Quantcast et les Britanniques sur celui de courtiers en donn\u00e9es (data brokers) et de sp\u00e9cialistes de l\u2019\u00e9valuation des risques clients (credit rating agencies) dont Acxiom, Experian et Equifax.<\/p>\n<p>Source : <a href=\"https:\/\/privacyinternational.org\/news-analysis\/3395\/cnil-launches-investigation-criteo-following-pis-complaint\" target=\"_blank\" rel=\"noopener noreferrer\">Privacy International<\/a><\/p><\/div>\n<p><script>\n         !function(f,b,e,v,n,t,s){if(f.fbq)return;n=f.fbq=function()\n         {n.callMethod? n.callMethod.apply(n,arguments):n.queue.push(arguments)}\n         ;if(!f._fbq)f._fbq=n;\n             n.push=n;n.loaded=!0;n.version='2.0';n.queue=[];t=b.createElement(e);t.async=!0;\n             t.src=v;s=b.getElementsByTagName(e)[0];s.parentNode.insertBefore(t,s)}(window,\n                 document,'script','https:\/\/connect.facebook.net\/en_US\/fbevents.js');\n         fbq('init', '1065890633454496');\n         fbq('track', 'PageView');\n     <\/script><br \/>\n<br \/>[ad_2]<br \/>\n<br \/><a href=\"https:\/\/www.01net.com\/actualites\/la-cnil-enqueterait-sur-le-specialiste-du-ciblage-publicitaire-criteo-1872442.html\">Source link <\/a><\/p>\n","protected":false},"excerpt":{"rendered":"<p>[ad_1] Poids lourd mondial du ciblage publicitaire, l\u2019entreprise fran\u00e7aise Criteo ferait l\u2019objet d\u2019une enqu\u00eate de la CNIL. L\u2019autorit\u00e9 donnerait suite &hellip; <a href=\"http:\/\/www.affinite.fr\/index.php\/2020\/03\/10\/la-cnil-enqueterait-sur-le-specialiste-du-ciblage-publicitaire-criteo\/\" class=\"more-link\">Plus <span class=\"screen-reader-text\">La CNIL enqu\u00eaterait sur le sp\u00e9cialiste du ciblage publicitaire Criteo<\/span> <span class=\"meta-nav\">&rarr;<\/span><\/a><\/p>\n","protected":false},"author":1,"featured_media":462,"comment_status":"open","ping_status":"open","sticky":false,"template":"","format":"standard","meta":{"_sitemap_exclude":false,"_sitemap_priority":"","_sitemap_frequency":"","footnotes":""},"categories":[1],"tags":[],"class_list":["post-461","post","type-post","status-publish","format-standard","has-post-thumbnail","hentry","category-tous"],"_links":{"self":[{"href":"http:\/\/www.affinite.fr\/index.php\/wp-json\/wp\/v2\/posts\/461"}],"collection":[{"href":"http:\/\/www.affinite.fr\/index.php\/wp-json\/wp\/v2\/posts"}],"about":[{"href":"http:\/\/www.affinite.fr\/index.php\/wp-json\/wp\/v2\/types\/post"}],"author":[{"embeddable":true,"href":"http:\/\/www.affinite.fr\/index.php\/wp-json\/wp\/v2\/users\/1"}],"replies":[{"embeddable":true,"href":"http:\/\/www.affinite.fr\/index.php\/wp-json\/wp\/v2\/comments?post=461"}],"version-history":[{"count":0,"href":"http:\/\/www.affinite.fr\/index.php\/wp-json\/wp\/v2\/posts\/461\/revisions"}],"wp:featuredmedia":[{"embeddable":true,"href":"http:\/\/www.affinite.fr\/index.php\/wp-json\/wp\/v2\/media\/462"}],"wp:attachment":[{"href":"http:\/\/www.affinite.fr\/index.php\/wp-json\/wp\/v2\/media?parent=461"}],"wp:term":[{"taxonomy":"category","embeddable":true,"href":"http:\/\/www.affinite.fr\/index.php\/wp-json\/wp\/v2\/categories?post=461"},{"taxonomy":"post_tag","embeddable":true,"href":"http:\/\/www.affinite.fr\/index.php\/wp-json\/wp\/v2\/tags?post=461"}],"curies":[{"name":"wp","href":"https:\/\/api.w.org\/{rel}","templated":true}]}}