{"id":4601,"date":"2020-06-30T11:08:36","date_gmt":"2020-06-30T11:08:36","guid":{"rendered":"https:\/\/www.affinite.fr\/index.php\/2020\/06\/30\/twitch-suspend-le-compte-de-donald-trump-pour-conduite-haineuse\/"},"modified":"2020-06-30T11:08:36","modified_gmt":"2020-06-30T11:08:36","slug":"twitch-suspend-le-compte-de-donald-trump-pour-conduite-haineuse","status":"publish","type":"post","link":"http:\/\/www.affinite.fr\/index.php\/2020\/06\/30\/twitch-suspend-le-compte-de-donald-trump-pour-conduite-haineuse\/","title":{"rendered":"Twitch suspend le compte de Donald Trump pour \u00ab\u00a0conduite haineuse\u00a0\u00bb"},"content":{"rendered":"<p> [ad_1]<br \/>\n<br \/><img decoding=\"async\" src=\"https:\/\/img.bfmtv.com\/i\/0\/0\/49f\/ef95fe49475d7dcb4880d795c291a.jpeg\" \/><\/p>\n<div itemprop=\"articleBody\">\n<p>Depuis quelques heures, il est impossible d&rsquo;acc\u00e9der \u00e0 la cha\u00eene Twitch de Donald Trump. Sanctionn\u00e9 pour\u00a0\u00ab\u00a0conduite haineuse\u00a0\u00bb, le pr\u00e9sident am\u00e9ricain ne peut plus publier quoi que ce soit sur la plate-forme, qui ne r\u00e9tablira son compte que dans quelques jours.\u00a0<\/p>\n<h3 style=\"color:#333; font-family:arial,helvetica,sans-serif; font-size:23px; font-weight:700\">Des propos racistes sur les Mexicains\u00a0<\/h3>\n<p>L&rsquo;\u00e9quipe de campagne de Donald Trump a\u00a0ouvert ce compte Twitch en octobre 2019, en vue de la pr\u00e9paration de l&rsquo;\u00e9lection pr\u00e9sidentielle de novembre 2020. Les interventions du pr\u00e9sident am\u00e9ricain y sont diffus\u00e9es et rediffus\u00e9es, pour le plus grand bonheur des fans du pr\u00e9sident. Probl\u00e8me, un des meetings, r\u00e9cemment rediffus\u00e9, qualifiait les Mexicains de\u00a0\u00ab violeurs \u00bb tandis que des commentaires lors du meeting de Tulsa revendiquaient clairement des id\u00e9es racistes. Twitch, actuellement en pleine r\u00e9flexion sur sa politique de mod\u00e9ration, a d\u00e9cid\u00e9 de bannir Trump provisoirement.<\/p>\n<p><em>\u00ab Comme tout le monde, les politiciens sur Twitch doivent adh\u00e9rer \u00e0 nos conditions de service et \u00e0 nos directives communautaires. Nous ne faisons pas d&rsquo;exception pour les contenus politiques\u00a0et nous prendrons des mesures \u00e0 l&rsquo;\u00e9gard des contenus qui nous sont signal\u00e9s et qui enfreignent nos r\u00e8gles\u00a0\u00bb<\/em>avait d\u00e9clar\u00e9 un porte-parole de Twitch au lancement du\u00a0compte de Donald Trump en octobre. C&rsquo;est chose faite.<\/p>\n<aside class=\"bg-color-0 padding-inside-all-s bloc border-s\">\n<h4 class=\"box-txt-normal\">\n<p><strong>\u00c0 d\u00e9couvrir aussi en vid\u00e9o :<\/strong><\/p>\n<\/h4>\n<\/aside>\n<p>                Depuis plusieurs semaines, Donald Trump est en guerre ouverte contre les r\u00e9seaux sociaux. Twitter a \u00e9pingl\u00e9 plusieurs de ses tweets comme irrespectueux de ses r\u00e8gles et Facebook, apr\u00e8s n&rsquo;avoir rien fait pendant un long moment, \u00e0 lui aussi d\u00e9cid\u00e9 d&rsquo;agir. Furieux, le pr\u00e9sident am\u00e9ricain a entam\u00e9 une r\u00e9forme de la loi qui prot\u00e8ge les plates-formes en ligne. Cette affaire est loin d&rsquo;\u00eatre termin\u00e9e.\u00a0<\/p><\/div>\n<p><script>\n         !function(f,b,e,v,n,t,s){if(f.fbq)return;n=f.fbq=function()\n         {n.callMethod? n.callMethod.apply(n,arguments):n.queue.push(arguments)}\n         ;if(!f._fbq)f._fbq=n;\n             n.push=n;n.loaded=!0;n.version='2.0';n.queue=[];t=b.createElement(e);t.async=!0;\n             t.src=v;s=b.getElementsByTagName(e)[0];s.parentNode.insertBefore(t,s)}(window,\n                 document,'script','https:\/\/connect.facebook.net\/en_US\/fbevents.js');\n         fbq('init', '1065890633454496');\n         fbq('track', 'PageView');\n     <\/script><br \/>\n<br \/>[ad_2]<br \/>\n<br \/><a href=\"https:\/\/www.01net.com\/actualites\/twitch-suspend-le-compte-de-donald-trump-pour-conduite-haineuse-1940977.html\">Source link <\/a><\/p>\n","protected":false},"excerpt":{"rendered":"<p>[ad_1] Depuis quelques heures, il est impossible d&rsquo;acc\u00e9der \u00e0 la cha\u00eene Twitch de Donald Trump. Sanctionn\u00e9 pour\u00a0\u00ab\u00a0conduite haineuse\u00a0\u00bb, le pr\u00e9sident &hellip; <a href=\"http:\/\/www.affinite.fr\/index.php\/2020\/06\/30\/twitch-suspend-le-compte-de-donald-trump-pour-conduite-haineuse\/\" class=\"more-link\">Plus <span class=\"screen-reader-text\">Twitch suspend le compte de Donald Trump pour \u00ab\u00a0conduite haineuse\u00a0\u00bb<\/span> <span class=\"meta-nav\">&rarr;<\/span><\/a><\/p>\n","protected":false},"author":1,"featured_media":4602,"comment_status":"open","ping_status":"open","sticky":false,"template":"","format":"standard","meta":{"_sitemap_exclude":false,"_sitemap_priority":"","_sitemap_frequency":"","footnotes":""},"categories":[1],"tags":[],"class_list":["post-4601","post","type-post","status-publish","format-standard","has-post-thumbnail","hentry","category-tous"],"_links":{"self":[{"href":"http:\/\/www.affinite.fr\/index.php\/wp-json\/wp\/v2\/posts\/4601"}],"collection":[{"href":"http:\/\/www.affinite.fr\/index.php\/wp-json\/wp\/v2\/posts"}],"about":[{"href":"http:\/\/www.affinite.fr\/index.php\/wp-json\/wp\/v2\/types\/post"}],"author":[{"embeddable":true,"href":"http:\/\/www.affinite.fr\/index.php\/wp-json\/wp\/v2\/users\/1"}],"replies":[{"embeddable":true,"href":"http:\/\/www.affinite.fr\/index.php\/wp-json\/wp\/v2\/comments?post=4601"}],"version-history":[{"count":0,"href":"http:\/\/www.affinite.fr\/index.php\/wp-json\/wp\/v2\/posts\/4601\/revisions"}],"wp:featuredmedia":[{"embeddable":true,"href":"http:\/\/www.affinite.fr\/index.php\/wp-json\/wp\/v2\/media\/4602"}],"wp:attachment":[{"href":"http:\/\/www.affinite.fr\/index.php\/wp-json\/wp\/v2\/media?parent=4601"}],"wp:term":[{"taxonomy":"category","embeddable":true,"href":"http:\/\/www.affinite.fr\/index.php\/wp-json\/wp\/v2\/categories?post=4601"},{"taxonomy":"post_tag","embeddable":true,"href":"http:\/\/www.affinite.fr\/index.php\/wp-json\/wp\/v2\/tags?post=4601"}],"curies":[{"name":"wp","href":"https:\/\/api.w.org\/{rel}","templated":true}]}}