{"id":4599,"date":"2020-06-30T10:05:55","date_gmt":"2020-06-30T10:05:55","guid":{"rendered":"https:\/\/www.affinite.fr\/index.php\/2020\/06\/30\/les-francais-auront-ils-tous-acces-a-la-4g-dici-la-fin-de-lannee\/"},"modified":"2020-06-30T10:05:55","modified_gmt":"2020-06-30T10:05:55","slug":"les-francais-auront-ils-tous-acces-a-la-4g-dici-la-fin-de-lannee","status":"publish","type":"post","link":"http:\/\/www.affinite.fr\/index.php\/2020\/06\/30\/les-francais-auront-ils-tous-acces-a-la-4g-dici-la-fin-de-lannee\/","title":{"rendered":"Les Fran\u00e7ais auront-ils tous acc\u00e8s \u00e0 la 4G d\u2019ici la fin de l\u2019ann\u00e9e ?"},"content":{"rendered":"<p> [ad_1]<br \/>\n<br \/>Le gouvernement assure que les objectifs de couverture du New Deal Mobile seront tenus malgr\u00e9 les retards de d\u00e9ploiement occasionn\u00e9s par la crise sanitaire.  <\/p>\n<p> <img decoding=\"async\" src=\"https:\/\/img.bfmtv.com\/c\/150\/100\/bd8\/3ab1123cfa9be8f6e6e14b82fe5d8.jpeg\" \/><br \/>\n<br \/>[ad_2]<br \/>\n<br \/><a href=\"https:\/\/www.01net.com\/actualites\/les-francais-auront-ils-tous-acces-a-la-4g-d-ici-la-fin-de-l-annee-1940950.html\">Source link <\/a><\/p>\n","protected":false},"excerpt":{"rendered":"<p>[ad_1] Le gouvernement assure que les objectifs de couverture du New Deal Mobile seront tenus malgr\u00e9 les retards de d\u00e9ploiement &hellip; <a href=\"http:\/\/www.affinite.fr\/index.php\/2020\/06\/30\/les-francais-auront-ils-tous-acces-a-la-4g-dici-la-fin-de-lannee\/\" class=\"more-link\">Plus <span class=\"screen-reader-text\">Les Fran\u00e7ais auront-ils tous acc\u00e8s \u00e0 la 4G d\u2019ici la fin de l\u2019ann\u00e9e ?<\/span> <span class=\"meta-nav\">&rarr;<\/span><\/a><\/p>\n","protected":false},"author":1,"featured_media":4600,"comment_status":"open","ping_status":"open","sticky":false,"template":"","format":"standard","meta":{"_sitemap_exclude":false,"_sitemap_priority":"","_sitemap_frequency":"","footnotes":""},"categories":[1],"tags":[],"class_list":["post-4599","post","type-post","status-publish","format-standard","has-post-thumbnail","hentry","category-tous"],"_links":{"self":[{"href":"http:\/\/www.affinite.fr\/index.php\/wp-json\/wp\/v2\/posts\/4599"}],"collection":[{"href":"http:\/\/www.affinite.fr\/index.php\/wp-json\/wp\/v2\/posts"}],"about":[{"href":"http:\/\/www.affinite.fr\/index.php\/wp-json\/wp\/v2\/types\/post"}],"author":[{"embeddable":true,"href":"http:\/\/www.affinite.fr\/index.php\/wp-json\/wp\/v2\/users\/1"}],"replies":[{"embeddable":true,"href":"http:\/\/www.affinite.fr\/index.php\/wp-json\/wp\/v2\/comments?post=4599"}],"version-history":[{"count":0,"href":"http:\/\/www.affinite.fr\/index.php\/wp-json\/wp\/v2\/posts\/4599\/revisions"}],"wp:featuredmedia":[{"embeddable":true,"href":"http:\/\/www.affinite.fr\/index.php\/wp-json\/wp\/v2\/media\/4600"}],"wp:attachment":[{"href":"http:\/\/www.affinite.fr\/index.php\/wp-json\/wp\/v2\/media?parent=4599"}],"wp:term":[{"taxonomy":"category","embeddable":true,"href":"http:\/\/www.affinite.fr\/index.php\/wp-json\/wp\/v2\/categories?post=4599"},{"taxonomy":"post_tag","embeddable":true,"href":"http:\/\/www.affinite.fr\/index.php\/wp-json\/wp\/v2\/tags?post=4599"}],"curies":[{"name":"wp","href":"https:\/\/api.w.org\/{rel}","templated":true}]}}