{"id":4595,"date":"2020-06-30T08:03:21","date_gmt":"2020-06-30T08:03:21","guid":{"rendered":"https:\/\/www.affinite.fr\/index.php\/2020\/06\/30\/microsoft-pourrait-annoncer-une-xbox-series-s-au-mois-daout\/"},"modified":"2020-06-30T08:03:21","modified_gmt":"2020-06-30T08:03:21","slug":"microsoft-pourrait-annoncer-une-xbox-series-s-au-mois-daout","status":"publish","type":"post","link":"http:\/\/www.affinite.fr\/index.php\/2020\/06\/30\/microsoft-pourrait-annoncer-une-xbox-series-s-au-mois-daout\/","title":{"rendered":"Microsoft pourrait annoncer une Xbox Series S au mois d&rsquo;ao\u00fbt"},"content":{"rendered":"<p> [ad_1]<br \/>\n<br \/><img decoding=\"async\" src=\"https:\/\/img.bfmtv.com\/i\/0\/0\/035f\/bc74e8c64dfb11d41542671e7bb8.jpg\" \/><\/p>\n<div itemprop=\"articleBody\">\n                Series X en hiver, Series S en \u00e9t\u00e9 ?\u00a0Selon le site anglais sp\u00e9cialis\u00e9 <em>Eurogamer<\/em>, Microsoft pourrait bien annoncer en ao\u00fbt une nouvelle console, que l&rsquo;on nomme, faute de mieux, Xbox Series S. Un nom que confirme nos confr\u00e8res britanniques d&rsquo;ailleurs. De nouvelles traces de cette autre console auraient \u00e9t\u00e9 d\u00e9couvertes dans un document destin\u00e9 aux d\u00e9veloppeurs.<br \/>\nPour m\u00e9moire, en fin de semaine derni\u00e8re, <a href=\"https:\/\/www.01net.com\/actualites\/project-lockhart-la-seconde-xbox-series-fait-a-nouveau-parler-d-elle-1939304.html\" target=\"_blank\" rel=\"noopener noreferrer\">Project Lockhart<\/a>,\u00a0la seconde console next gen hypoth\u00e9tique de Microsoft, refaisait d\u00e9j\u00e0&#8230; surface.<\/p>\n<p>Quoi qu&rsquo;il en soit, Eurogamer explique que, selon ses sources, cette hypoth\u00e9tique console, plus abordable et moins puissante que <a href=\"https:\/\/www.01net.com\/actualite\/xbox-series-x\/\" target=\"_blank\" rel=\"noopener noreferrer\">la Series X<\/a>,\u00a0aurait d\u00fb \u00eatre annonc\u00e9e lors de l&rsquo;\u00e9v\u00e9nement de <a href=\"https:\/\/www.01net.com\/actualites\/e3-2020-ce-qu-on-aurait-du-y-voir-et-ce-qu-on-en-attendait-1873160.html\" target=\"_blank\" rel=\"noopener noreferrer\">l&rsquo;E3 2020<\/a>, annul\u00e9 pour cause de crise sanitaire. Microsoft a donc chang\u00e9 son fusil d&rsquo;\u00e9paule et aurait repouss\u00e9 son \u00ab l&rsquo;annonce majeure de juin \u00bb de quelques semaines.<\/p>\n<aside class=\"bg-color-0 padding-inside-all-s bloc border-s\">\n<h4 class=\"box-txt-normal\">\n<p><strong>\u00c0 d\u00e9couvrir aussi en vid\u00e9o :<\/strong><\/p>\n<\/h4>\n<\/aside>\n<h3 style=\"color:#333; font-family:arial,helvetica,sans-serif; font-size:23px; font-weight:700\">Microsoft aurait un calendrier estivale charg\u00e9<\/h3>\n<p>Phil Spencer et la division Xbox devraient logiquement pr\u00e9senter cette console lors de sa conf\u00e9rence ao\u00fbtienne <em>20\/20<\/em>, qui remplace depuis quelques moins les classiques <em>Inside Xbox<\/em>. Normalement, les <a href=\"https:\/\/www.01net.com\/actualites\/microsoft-devoilera-les-jeux-de-sa-xbox-series-x-a-partir-de-demain-et-tous-les-mois-jusqu-a-son-lancement-1908568.html\" target=\"_blank\" rel=\"noopener noreferrer\"><em>20\/20<\/em> devaient se tenir tous les mois<\/a> \u00e0 partir du mois de mai. Mais en juin, Microsoft n&rsquo;en a pas tenu. Le g\u00e9ant de Redmond a toutefois pass\u00e9 ces derni\u00e8res semaines \u00e0 \u00e9grainer <a href=\"https:\/\/www.01net.com\/actualites\/smart-delivery-microsoft-detaille-la-fonction-qui-optimisera-vos-jeux-pour-la-xbox-series-x-1933914.html\" target=\"_blank\" rel=\"noopener noreferrer\">des d\u00e9tails sur la Xbox Series X<\/a>.<\/p>\n<blockquote>\n<p><strong>\u00c0 lire aussi &#8211;<\/strong> <a href=\"https:\/\/www.01net.com\/tests\/test-pc-engine-core-grafx-mini-la-console-qui-nous-replonge-dans-l-age-d-or-des-8bits-6466.html\" target=\"_blank\" rel=\"noopener noreferrer\">Test : PC Engine Core Grafx mini, la console qui nous (re)plonge dans l\u2019\u00e2ge d\u2019or des 8bits<\/a><\/p>\n<\/blockquote>\n<p>Nous savons par ailleurs, de sources s\u00fbres, nous aussi, que Redmond a d&rsquo;ores et d\u00e9j\u00e0 pr\u00e9vu deux prises de paroles importantes pour cet \u00e9t\u00e9. L&rsquo;une d&rsquo;entre elles est peut-\u00eatre r\u00e9serv\u00e9e \u00e0 cette console et l&rsquo;autre, pourquoi pas, au lancement de l&rsquo;offre commerciale <a href=\"https:\/\/www.01net.com\/actualites\/projet-xcloud-microsoft-ouvre-enfin-son-cloud-gaming-aux-joueurs-francais-1903399.html\" target=\"_blank\" rel=\"noopener noreferrer\">de cloud gaming de Microsoft, le xCloud<\/a> ?<\/p>\n<p><strong>Source :<\/strong> <a href=\"https:\/\/www.eurogamer.net\/articles\/2020-06-29-microsoft-will-close-out-june-without-a-big-xbox-20-20-moment\" target=\"_blank\" rel=\"noopener noreferrer\">Eurogamer<\/a><\/p>\n<\/p><\/div>\n<p><script>\n         !function(f,b,e,v,n,t,s){if(f.fbq)return;n=f.fbq=function()\n         {n.callMethod? n.callMethod.apply(n,arguments):n.queue.push(arguments)}\n         ;if(!f._fbq)f._fbq=n;\n             n.push=n;n.loaded=!0;n.version='2.0';n.queue=[];t=b.createElement(e);t.async=!0;\n             t.src=v;s=b.getElementsByTagName(e)[0];s.parentNode.insertBefore(t,s)}(window,\n                 document,'script','https:\/\/connect.facebook.net\/en_US\/fbevents.js');\n         fbq('init', '1065890633454496');\n         fbq('track', 'PageView');\n     <\/script><br \/>\n<br \/>[ad_2]<br \/>\n<br \/><a href=\"https:\/\/www.01net.com\/actualites\/microsoft-pourrait-annoncer-une-xbox-series-s-au-mois-d-aout-1940887.html\">Source link <\/a><\/p>\n","protected":false},"excerpt":{"rendered":"<p>[ad_1] Series X en hiver, Series S en \u00e9t\u00e9 ?\u00a0Selon le site anglais sp\u00e9cialis\u00e9 Eurogamer, Microsoft pourrait bien annoncer en &hellip; <a href=\"http:\/\/www.affinite.fr\/index.php\/2020\/06\/30\/microsoft-pourrait-annoncer-une-xbox-series-s-au-mois-daout\/\" class=\"more-link\">Plus <span class=\"screen-reader-text\">Microsoft pourrait annoncer une Xbox Series S au mois d&rsquo;ao\u00fbt<\/span> <span class=\"meta-nav\">&rarr;<\/span><\/a><\/p>\n","protected":false},"author":1,"featured_media":4596,"comment_status":"open","ping_status":"open","sticky":false,"template":"","format":"standard","meta":{"_sitemap_exclude":false,"_sitemap_priority":"","_sitemap_frequency":"","footnotes":""},"categories":[1],"tags":[],"class_list":["post-4595","post","type-post","status-publish","format-standard","has-post-thumbnail","hentry","category-tous"],"_links":{"self":[{"href":"http:\/\/www.affinite.fr\/index.php\/wp-json\/wp\/v2\/posts\/4595"}],"collection":[{"href":"http:\/\/www.affinite.fr\/index.php\/wp-json\/wp\/v2\/posts"}],"about":[{"href":"http:\/\/www.affinite.fr\/index.php\/wp-json\/wp\/v2\/types\/post"}],"author":[{"embeddable":true,"href":"http:\/\/www.affinite.fr\/index.php\/wp-json\/wp\/v2\/users\/1"}],"replies":[{"embeddable":true,"href":"http:\/\/www.affinite.fr\/index.php\/wp-json\/wp\/v2\/comments?post=4595"}],"version-history":[{"count":0,"href":"http:\/\/www.affinite.fr\/index.php\/wp-json\/wp\/v2\/posts\/4595\/revisions"}],"wp:featuredmedia":[{"embeddable":true,"href":"http:\/\/www.affinite.fr\/index.php\/wp-json\/wp\/v2\/media\/4596"}],"wp:attachment":[{"href":"http:\/\/www.affinite.fr\/index.php\/wp-json\/wp\/v2\/media?parent=4595"}],"wp:term":[{"taxonomy":"category","embeddable":true,"href":"http:\/\/www.affinite.fr\/index.php\/wp-json\/wp\/v2\/categories?post=4595"},{"taxonomy":"post_tag","embeddable":true,"href":"http:\/\/www.affinite.fr\/index.php\/wp-json\/wp\/v2\/tags?post=4595"}],"curies":[{"name":"wp","href":"https:\/\/api.w.org\/{rel}","templated":true}]}}