{"id":4593,"date":"2020-06-30T04:57:10","date_gmt":"2020-06-30T04:57:10","guid":{"rendered":"https:\/\/www.affinite.fr\/index.php\/2020\/06\/30\/mark-zuckerberg-contraint-de-reagir-face-au-boycott-de-facebook-par-les-annonceurs\/"},"modified":"2020-06-30T04:57:10","modified_gmt":"2020-06-30T04:57:10","slug":"mark-zuckerberg-contraint-de-reagir-face-au-boycott-de-facebook-par-les-annonceurs","status":"publish","type":"post","link":"http:\/\/www.affinite.fr\/index.php\/2020\/06\/30\/mark-zuckerberg-contraint-de-reagir-face-au-boycott-de-facebook-par-les-annonceurs\/","title":{"rendered":"Mark Zuckerberg contraint de r\u00e9agir face au boycott de\u00a0Facebook par les\u00a0annonceurs"},"content":{"rendered":"<p> [ad_1]<br \/>\n<br \/><img decoding=\"async\" src=\"https:\/\/img.bfmtv.com\/i\/0\/0\/7ea\/0f0931aea151d44d3a66d47dce7e1.png\" \/><\/p>\n<div itemprop=\"articleBody\">\n<p>Facebook tente de sauver les meubles. La soci\u00e9t\u00e9 doit faire face \u00e0 un retrait de plusieurs annonceurs qui ont d\u00e9cid\u00e9 de ne plus acheter d\u2019espaces publicitaires sur les r\u00e9seaux sociaux de la soci\u00e9t\u00e9 \u2013 du moins pour une p\u00e9riode limit\u00e9e. Starbucks, Unilever ou encore Coca-Cola se sont rassembl\u00e9s sous la banni\u00e8re #StopHateForProfit pour sensibiliser \u00e0 la politique peu claire de Facebook sur le sujet de la haine en ligne.<\/p>\n<p>Depuis plusieurs semaines, Facebook est notamment accus\u00e9 de n\u2019avoir jamais tent\u00e9 <a href=\"https:\/\/www.01net.com\/actualites\/twitter-signale-pour-la-premiere-fois-un-tweet-de-donald-trump-comme-trompeur-1921257.html\" target=\"_blank\" rel=\"noopener noreferrer\">de contextualiser les propos de Donald Trump<\/a>. Twitter l\u2019avait auparavant fait, provoquant la col\u00e8re du pr\u00e9sident am\u00e9ricain, mais aussi la satisfaction de ses opposants. Ils saluaient par exemple les informations compl\u00e9mentaires apport\u00e9es sur le sujet du vote \u00e0 distance ou encore l\u2019impossibilit\u00e9 de retweeter certaines d\u00e9clarations du milliardaire.<\/p>\n<h3 style=\"color:#333; font-family:arial,helvetica,sans-serif; font-size:23px; font-weight:700\">Des cons\u00e9quences limit\u00e9es pour l&rsquo;instant<\/h3>\n<p>Face au boycottage de la plate-forme par des annonceurs importants \u2013 m\u00eame s\u2019ils ne repr\u00e9sentent pour l\u2019instant que 6 % de son chiffre d\u2019affaires, d\u2019apr\u00e8s les calculs <a href=\"https:\/\/edition.cnn.com\/2020\/06\/26\/tech\/facebook-boycott\/\" target=\"_blank\" rel=\"noopener noreferrer\">de CNN<\/a> \u2013, Mark Zuckerberg ne peut pas se permettre de laisser cette initiative prendre de l\u2019ampleur. Il a donc fini par r\u00e9agir ce 26 juin <a href=\"https:\/\/www.facebook.com\/zuck\/posts\/10112048980882521\" target=\"_blank\" rel=\"noopener noreferrer\">sous la forme d\u2019un long texte publi\u00e9 sur son compte Facebook<\/a>.<\/p>\n<p>Il tente ainsi de replacer le d\u00e9bat dans le contexte plus large de l\u2019\u00e9lection pr\u00e9sidentielle \u00e0 venir en novembre 2020. Mark Zuckerberg s\u2019engage par exemple \u00e0 faire en sorte de fournir des informations fiables sur les cons\u00e9quences de la pand\u00e9mie de Covid-19 sur l\u2019\u00e9lection. Il redoute par exemple que de fausses informations soient diffus\u00e9es pour dissuader les \u00e9lecteurs de se rendre dans les bureaux de vote.<\/p>\n<p>Le patron du groupe de Menlo Park promet \u00e9galement que le contenu des publicit\u00e9s sera d\u00e9sormais mieux contr\u00f4l\u00e9 pour \u00e9viter que certains annonceurs voulant influer sur la campagne n\u2019utilisent ce moyen pour diffuser des pens\u00e9es politiques haineuses.<\/p>\n<h3 style=\"color:#333; font-family:arial,helvetica,sans-serif; font-size:23px; font-weight:700\">Un revirement de position<\/h3>\n<p>Enfin, Mark Zuckerberg s\u2019aligne sur son homologue de Twitter, Jack Dorsey. Il s\u2019engage \u00e0 d\u00e9sormais labelliser certains contenus, <a href=\"https:\/\/www.01net.com\/actualites\/tweet-glorifiant-la-violence-twitter-signale-un-nouveau-message-de-donald-trump-1923118.html\" target=\"_blank\" rel=\"noopener noreferrer\">m\u00eame s\u2019ils proviennent de personnalit\u00e9s politiques<\/a>, s\u2019il d\u00e9termine qu\u2019il peut \u00ab\u00a0conduire \u00e0 la violence ou priver les gens de leur droit de vote\u00a0\u00bb.<\/p>\n<p>Le patron de Facebook est pr\u00eat \u00e0 ne faire aucune exception, quitte \u00e0 supprimer leur publication, qu\u2019il s\u2019agisse ou non d\u2019un propos d\u2019une personnalit\u00e9 politique. Un revirement total pour <a href=\"https:\/\/www.01net.com\/actualites\/mark-zuckerberg-ne-veut-pas-etre-l-arbitre-de-la-verite-jack-dorsey-de-twitter-conteste-1922042.html\" target=\"_blank\" rel=\"noopener noreferrer\">celui qui disait sur Fox News ne pas \u00eatre <em>\u00ab\u00a0l\u2019arbitre de la v\u00e9rit\u00e9\u00a0\u00bb<\/em><\/a><em> <\/em>il y a seulement quelques semaines.<\/p>\n<\/p><\/div>\n<p><script>\n         !function(f,b,e,v,n,t,s){if(f.fbq)return;n=f.fbq=function()\n         {n.callMethod? n.callMethod.apply(n,arguments):n.queue.push(arguments)}\n         ;if(!f._fbq)f._fbq=n;\n             n.push=n;n.loaded=!0;n.version='2.0';n.queue=[];t=b.createElement(e);t.async=!0;\n             t.src=v;s=b.getElementsByTagName(e)[0];s.parentNode.insertBefore(t,s)}(window,\n                 document,'script','https:\/\/connect.facebook.net\/en_US\/fbevents.js');\n         fbq('init', '1065890633454496');\n         fbq('track', 'PageView');\n     <\/script><br \/>\n<br \/>[ad_2]<br \/>\n<br \/><a href=\"https:\/\/www.01net.com\/actualites\/mark-zuckerberg-contraint-de-reagir-face-au-boycott-defacebook-par-lesannonceurs-1940578.html\">Source link <\/a><\/p>\n","protected":false},"excerpt":{"rendered":"<p>[ad_1] Facebook tente de sauver les meubles. La soci\u00e9t\u00e9 doit faire face \u00e0 un retrait de plusieurs annonceurs qui ont &hellip; <a href=\"http:\/\/www.affinite.fr\/index.php\/2020\/06\/30\/mark-zuckerberg-contraint-de-reagir-face-au-boycott-de-facebook-par-les-annonceurs\/\" class=\"more-link\">Plus <span class=\"screen-reader-text\">Mark Zuckerberg contraint de r\u00e9agir face au boycott de\u00a0Facebook par les\u00a0annonceurs<\/span> <span class=\"meta-nav\">&rarr;<\/span><\/a><\/p>\n","protected":false},"author":1,"featured_media":4594,"comment_status":"open","ping_status":"open","sticky":false,"template":"","format":"standard","meta":{"_sitemap_exclude":false,"_sitemap_priority":"","_sitemap_frequency":"","footnotes":""},"categories":[1],"tags":[],"class_list":["post-4593","post","type-post","status-publish","format-standard","has-post-thumbnail","hentry","category-tous"],"_links":{"self":[{"href":"http:\/\/www.affinite.fr\/index.php\/wp-json\/wp\/v2\/posts\/4593"}],"collection":[{"href":"http:\/\/www.affinite.fr\/index.php\/wp-json\/wp\/v2\/posts"}],"about":[{"href":"http:\/\/www.affinite.fr\/index.php\/wp-json\/wp\/v2\/types\/post"}],"author":[{"embeddable":true,"href":"http:\/\/www.affinite.fr\/index.php\/wp-json\/wp\/v2\/users\/1"}],"replies":[{"embeddable":true,"href":"http:\/\/www.affinite.fr\/index.php\/wp-json\/wp\/v2\/comments?post=4593"}],"version-history":[{"count":0,"href":"http:\/\/www.affinite.fr\/index.php\/wp-json\/wp\/v2\/posts\/4593\/revisions"}],"wp:featuredmedia":[{"embeddable":true,"href":"http:\/\/www.affinite.fr\/index.php\/wp-json\/wp\/v2\/media\/4594"}],"wp:attachment":[{"href":"http:\/\/www.affinite.fr\/index.php\/wp-json\/wp\/v2\/media?parent=4593"}],"wp:term":[{"taxonomy":"category","embeddable":true,"href":"http:\/\/www.affinite.fr\/index.php\/wp-json\/wp\/v2\/categories?post=4593"},{"taxonomy":"post_tag","embeddable":true,"href":"http:\/\/www.affinite.fr\/index.php\/wp-json\/wp\/v2\/tags?post=4593"}],"curies":[{"name":"wp","href":"https:\/\/api.w.org\/{rel}","templated":true}]}}