{"id":4584,"date":"2020-06-30T00:16:12","date_gmt":"2020-06-30T00:16:12","guid":{"rendered":"https:\/\/www.affinite.fr\/index.php\/2020\/06\/30\/tarte-aux-mures-chefnini\/"},"modified":"2020-06-30T00:16:12","modified_gmt":"2020-06-30T00:16:12","slug":"tarte-aux-mures-chefnini","status":"publish","type":"post","link":"http:\/\/www.affinite.fr\/index.php\/2020\/06\/30\/tarte-aux-mures-chefnini\/","title":{"rendered":"Tarte aux m\u00fbres &#8211; chefNini"},"content":{"rendered":"<p> [ad_1]<br \/>\n<\/p>\n<div>\n<p><img itemprop=\"image\" class=\"aligncenter size-full wp-image-38518\" data-src=\"https:\/\/static.chefnini.com\/wp-content\/uploads\/2020\/06\/tarte-mures.jpg\" alt=\"\" width=\"730\" height=\"487\" srcset=\"https:\/\/static.chefnini.com\/wp-content\/uploads\/2020\/06\/tarte-mures.jpg 730w, https:\/\/static.chefnini.com\/wp-content\/uploads\/2020\/06\/tarte-mures-300x200.jpg 300w, https:\/\/static.chefnini.com\/wp-content\/uploads\/2020\/06\/tarte-mures-450x300.jpg 450w\" sizes=\"(max-width: 730px) 100vw, 730px\"\/><\/p>\n<p itemprop=\"description\">C\u2019est enfin la saison des m\u00fbres et je voulais depuis un moment pr\u00e9parer une recette de tarte graphique qui change des tartes aux <a href=\"http:\/\/www.affinite.fr\/index.php\/2023\/07\/29\/valoriser-ses-invendus-une-demarche-ecologique-et-rentable-pour-les-marchands-de-fruits\/\">fruits<\/a>. Cette recette pourrait \u00eatre propos\u00e9e comme dessert festif.<\/p>\n<p>Cette tarte n\u2019est pas sp\u00e9cialement compliqu\u00e9e mais n\u00e9cessite un peu de temps de pr\u00e9paration. La p\u00e2te sabl\u00e9e (je vous la propose maison car c\u2019est bien meilleure) est cuite \u00e0 part de la mousse de fruits.<\/p>\n<p>Pour ce qui est de la mousse, vous pouvez la pr\u00e9parer avec les fruits que vous aimez. Aussi, si vous n\u2019aimez pas trop la m\u00fbre, vous pouvez r\u00e9aliser la m\u00eame mousse avec de la framboise, de la myrtille ou de l\u2019abricot\u2026<\/p>\n<p>Ce qui fait tout l\u2019int\u00e9r\u00eat visuel de cette recette, c\u2019est sa d\u00e9coration en forme de demi-lune avec le fruit qui compose la mousse et des \u00e9l\u00e9ments suppl\u00e9mentaires (ici des \u00e9clats de meringues, des sabl\u00e9s avec les chutes, des perles de sucre).<\/p>\n<p><img itemprop=\"image\" class=\"aligncenter size-full wp-image-38521\" data-src=\"https:\/\/static.chefnini.com\/wp-content\/uploads\/2020\/06\/tarte-mures4.jpg\" alt=\"\" width=\"500\" height=\"750\" srcset=\"https:\/\/static.chefnini.com\/wp-content\/uploads\/2020\/06\/tarte-mures4.jpg 500w, https:\/\/static.chefnini.com\/wp-content\/uploads\/2020\/06\/tarte-mures4-200x300.jpg 200w\" sizes=\"(max-width: 500px) 100vw, 500px\"\/><img itemprop=\"image\" class=\"aligncenter size-full wp-image-38522\" data-src=\"https:\/\/static.chefnini.com\/wp-content\/uploads\/2020\/06\/tarte-mures5.jpg\" alt=\"\" width=\"500\" height=\"750\" srcset=\"https:\/\/static.chefnini.com\/wp-content\/uploads\/2020\/06\/tarte-mures5.jpg 500w, https:\/\/static.chefnini.com\/wp-content\/uploads\/2020\/06\/tarte-mures5-200x300.jpg 200w\" sizes=\"(max-width: 500px) 100vw, 500px\"\/><img itemprop=\"image\" class=\"aligncenter size-full wp-image-38523\" data-src=\"https:\/\/static.chefnini.com\/wp-content\/uploads\/2020\/06\/tarte-mures6.jpg\" alt=\"\" width=\"500\" height=\"750\" srcset=\"https:\/\/static.chefnini.com\/wp-content\/uploads\/2020\/06\/tarte-mures6.jpg 500w, https:\/\/static.chefnini.com\/wp-content\/uploads\/2020\/06\/tarte-mures6-200x300.jpg 200w\" sizes=\"(max-width: 500px) 100vw, 500px\"\/><\/p>\n<h3\/>\n<h3 itemprop=\"recipeYield\">Pour 6 personnes :<\/h3>\n<h3>La p\u00e2te sabl\u00e9e :<\/h3>\n<ul>\n<li itemprop=\"ingredients\">250 g de farine<\/li>\n<li itemprop=\"ingredients\">125 g de beurre<\/li>\n<li itemprop=\"ingredients\">50 g de sucre <a href=\"http:\/\/www.affinite.fr\/index.php\/2022\/10\/22\/la-creme-glacee-la-nouvelle-culture-commerciale\/\">glace<\/a><\/li>\n<li itemprop=\"ingredients\">1 jaune d\u2019oeuf<\/li>\n<li itemprop=\"ingredients\">3 cl d\u2019eau<\/li>\n<\/ul>\n<h3>La mousse de m\u00fbre :<\/h3>\n<ul>\n<li itemprop=\"ingredients\">200 g m\u00fbres<\/li>\n<li itemprop=\"ingredients\">75 g de sucre en poudre<\/li>\n<li itemprop=\"ingredients\">4 g de feuilles de g\u00e9latine<\/li>\n<li itemprop=\"ingredients\">25 cl de cr\u00e8me liquide enti\u00e8re bien froide<\/li>\n<\/ul>\n<h3>La d\u00e9coration :<\/h3>\n<ul>\n<li itemprop=\"ingredients\">100 g de m\u00fbres<\/li>\n<li itemprop=\"ingredients\">Des \u00e9clats de meringues<\/li>\n<li itemprop=\"ingredients\">Petits sabl\u00e9s r\u00e9alis\u00e9s dans les chutes de la p\u00e2te<\/li>\n<li itemprop=\"ingredients\">Du sucre d\u00e9coratif<\/li>\n<\/ul>\n<h3\/>\n<div itemprop=\"recipeInstructions\">\n<p><img itemprop=\"image\" class=\"aligncenter size-full wp-image-38520\" data-src=\"https:\/\/static.chefnini.com\/wp-content\/uploads\/2020\/06\/tarte-mures3.jpg\" alt=\"\" width=\"500\" height=\"750\" srcset=\"https:\/\/static.chefnini.com\/wp-content\/uploads\/2020\/06\/tarte-mures3.jpg 500w, https:\/\/static.chefnini.com\/wp-content\/uploads\/2020\/06\/tarte-mures3-200x300.jpg 200w\" sizes=\"(max-width: 500px) 100vw, 500px\"\/><\/p>\n<h3>La p\u00e2te sabl\u00e9e :<\/h3>\n<p>1- Sablez la farine et le beurre ensemble, soit entre vos mains, soit au robot p\u00e2tissier avec la feuille.<\/p>\n<p>2- Ajoutez le sucre glace puis ajoutez le jaune d\u2019oeuf et l\u2019eau. M\u00e9langez jusqu\u2019\u00e0 ce que la p\u00e2te commence \u00e0 s\u2019amalgamer. Ne la travaillez pas trop pour ne pas la rendre \u00e9lastique. Formez une boule et enveloppez-la d\u2019un film alimentaire.<\/p>\n<p>3- Placez au r\u00e9frig\u00e9rateur 30 minutes.<\/p>\n<p>4- \u00c9talez la p\u00e2te et foncez un moule \u00e0 tarte de 24 cm pr\u00e9alablement beurr\u00e9. Placez de nouveau au frais pour 1 heure.<\/p>\n<p>5- Placez une feuille de papier sulfuris\u00e9 et recouvrez de poids de cuisson ou de l\u00e9gumes secs.<\/p>\n<p>6- Faites pr\u00e9chauffer votre four \u00e0 180\u00b0C et enfournez pour 15 minutes puis retirez les poids et poursuivez la cuisson 10 minutes.<\/p>\n<p>7- Laissez refroidir.<\/p>\n<h3>La mousse de m\u00fbre<\/h3>\n<p>1- Versez 200 g de m\u00fbres avec le sucre dans une casserole et mettez \u00e0 cuire 5 minutes.<\/p>\n<p>2- Laissez ti\u00e9dir et mixez en coulis.<\/p>\n<p>3- Filtrez la pr\u00e9paration et remettez-la dans la casserole.<\/p>\n<p>4- Faites tremper la g\u00e9latine dans un bol d\u2019eau froide pour la faire ramollir.<\/p>\n<p>5-\u00a0Montez la cr\u00e8me liquide en cr\u00e8me fouett\u00e9e bien ferme.\u00a0(Si vous avez des difficult\u00e9s \u00e0 r\u00e9aliser une cr\u00e8me mont\u00e9e,\u00a0<a href=\"http:\/\/www.chefnini.com\/conseils-chantilly-reussie\/\">consultez cet article sur ce sujet<\/a>).<\/p>\n<p>6- Faites chauffer le coulis sur feu doux et ajoutez-y la g\u00e9latine essor\u00e9e. M\u00e9langez pour la faire fondre.<\/p>\n<p>7- Hors du feu, versez une cuill\u00e8re de cr\u00e8me fouett\u00e9e puis versez petit \u00e0 petit le contenu de la casserole dans la cr\u00e8me fouett\u00e9e en m\u00e9langeant \u00e0 la spatule d\u00e9licatement.<\/p>\n<p>6- Versez sur le fond de tarte et placez au r\u00e9frig\u00e9rateur pour 1 heure.<\/p>\n<h3>La d\u00e9coration<\/h3>\n<p>1- D\u00e9corez la tarte du reste de m\u00fbres, ajoutez des \u00e9clats de meringues, des petits sabl\u00e9s ou toute autre d\u00e9coration qui vous inspire. ?<\/p>\n<p><img itemprop=\"image\" class=\"aligncenter size-full wp-image-38519\" data-src=\"https:\/\/static.chefnini.com\/wp-content\/uploads\/2020\/06\/tarte-mures2.jpg\" alt=\"\" width=\"500\" height=\"750\" srcset=\"https:\/\/static.chefnini.com\/wp-content\/uploads\/2020\/06\/tarte-mures2.jpg 500w, https:\/\/static.chefnini.com\/wp-content\/uploads\/2020\/06\/tarte-mures2-200x300.jpg 200w\" sizes=\"(max-width: 500px) 100vw, 500px\"\/><\/p>\n<\/div>\n<p> <!-- recipeInstructions --> \t\t\t\t\t\t\t\t\t<\/div>\n<p>[ad_2]<br \/>\n<br \/><a href=\"https:\/\/www.chefnini.com\/tarte-aux-mures\/\">Source link <\/a><\/p>\n","protected":false},"excerpt":{"rendered":"<p>[ad_1] C\u2019est enfin la saison des m\u00fbres et je voulais depuis un moment pr\u00e9parer une recette de tarte graphique qui &hellip; <a href=\"http:\/\/www.affinite.fr\/index.php\/2020\/06\/30\/tarte-aux-mures-chefnini\/\" class=\"more-link\">Plus <span class=\"screen-reader-text\">Tarte aux m\u00fbres &#8211; chefNini<\/span> <span class=\"meta-nav\">&rarr;<\/span><\/a><\/p>\n","protected":false},"author":1,"featured_media":4585,"comment_status":"open","ping_status":"open","sticky":false,"template":"","format":"standard","meta":{"_sitemap_exclude":false,"_sitemap_priority":"","_sitemap_frequency":"","footnotes":""},"categories":[1],"tags":[],"class_list":["post-4584","post","type-post","status-publish","format-standard","has-post-thumbnail","hentry","category-tous"],"_links":{"self":[{"href":"http:\/\/www.affinite.fr\/index.php\/wp-json\/wp\/v2\/posts\/4584"}],"collection":[{"href":"http:\/\/www.affinite.fr\/index.php\/wp-json\/wp\/v2\/posts"}],"about":[{"href":"http:\/\/www.affinite.fr\/index.php\/wp-json\/wp\/v2\/types\/post"}],"author":[{"embeddable":true,"href":"http:\/\/www.affinite.fr\/index.php\/wp-json\/wp\/v2\/users\/1"}],"replies":[{"embeddable":true,"href":"http:\/\/www.affinite.fr\/index.php\/wp-json\/wp\/v2\/comments?post=4584"}],"version-history":[{"count":0,"href":"http:\/\/www.affinite.fr\/index.php\/wp-json\/wp\/v2\/posts\/4584\/revisions"}],"wp:featuredmedia":[{"embeddable":true,"href":"http:\/\/www.affinite.fr\/index.php\/wp-json\/wp\/v2\/media\/4585"}],"wp:attachment":[{"href":"http:\/\/www.affinite.fr\/index.php\/wp-json\/wp\/v2\/media?parent=4584"}],"wp:term":[{"taxonomy":"category","embeddable":true,"href":"http:\/\/www.affinite.fr\/index.php\/wp-json\/wp\/v2\/categories?post=4584"},{"taxonomy":"post_tag","embeddable":true,"href":"http:\/\/www.affinite.fr\/index.php\/wp-json\/wp\/v2\/tags?post=4584"}],"curies":[{"name":"wp","href":"https:\/\/api.w.org\/{rel}","templated":true}]}}