{"id":4570,"date":"2020-06-29T17:36:42","date_gmt":"2020-06-29T17:36:42","guid":{"rendered":"https:\/\/www.affinite.fr\/index.php\/2020\/06\/29\/les-premiers-tests-du-kit-de-developpement-dapple-apparaissent-sur-la-toile\/"},"modified":"2020-06-29T17:36:42","modified_gmt":"2020-06-29T17:36:42","slug":"les-premiers-tests-du-kit-de-developpement-dapple-apparaissent-sur-la-toile","status":"publish","type":"post","link":"http:\/\/www.affinite.fr\/index.php\/2020\/06\/29\/les-premiers-tests-du-kit-de-developpement-dapple-apparaissent-sur-la-toile\/","title":{"rendered":"les premiers tests du kit de d\u00e9veloppement d\u2019Apple apparaissent sur la Toile"},"content":{"rendered":"<p> [ad_1]<br \/>\n<br \/><img decoding=\"async\" src=\"https:\/\/img.bfmtv.com\/i\/0\/0\/705de\/dc6dacd6c45d2b8191a7de52222.jpg\" \/><\/p>\n<div itemprop=\"articleBody\">\n<p>C\u2019\u00e9tait une question de temps. Les premiers kits de d\u00e9veloppement (Developer Transition Kit, DTK), exp\u00e9di\u00e9s par Apple, sont arriv\u00e9s chez les d\u00e9veloppeurs qui se sont acquitt\u00e9s du droit d\u2019entr\u00e9e. Et, forc\u00e9ment, la tentation a \u00e9t\u00e9 forte de faire tourner des outils de bench\u00a0pour savoir ce que cette puce avait dans le ventre. C\u2019est en tout cas ce qu\u2019a fait un d\u00e9veloppeur, qui a publi\u00e9 ses r\u00e9sultats de tests avec Geekbench 5. Ils ont \u00e9t\u00e9 \u00e0 leur tour\u00a0rep\u00e9r\u00e9s par Pierre Dandumont, r\u00e9dacteur en chef de Canard PC Hardware.\u00a0<\/p>\n<p>Pour rappel, ce DTK propose un Mac mini anim\u00e9 par un SoC A12Z, derni\u00e8re-n\u00e9e des puces ARM con\u00e7ues par Apple, et qu\u2019on retrouve dans les <a href=\"https:\/\/www.01net.com\/actualites\/test-de-l-ipad-pro-2020-apple-tourne-sa-tablette-vers-le-futur-et-son-os-dans-le-bon-sens-1884601.html\">iPad Pro 2020<\/a>. En l\u2019occurrence, elle est accompagn\u00e9e de 16 Go de m\u00e9moire vive, l\u00e0 o\u00f9 la tablette pro d\u2019Apple n\u2019en embarque que 6 Go.<\/p>\n<p>En d\u00e9finitive, on peut tirer plusieurs observations de ces r\u00e9sultats obtenus avec Geekbench 5.<\/p>\n<p>La premi\u00e8re est que le r\u00e9sultat en single core du Mac mini DTK est inf\u00e9rieur \u00e0 celui obtenu avec le mod\u00e8le de <a href=\"https:\/\/www.01net.com\/tests\/test-du-macbook-air-2020-l-ultraportable-d-apple-retrouve-enfin-de-sa-superbe-6435.html\">MacBook Air<\/a> d\u2019entr\u00e9e de gamme de cette ann\u00e9e. En multi core, en revanche, l\u2019A12Z obtient un meilleur r\u00e9sultat. Pour cause, le Core i3 du MacBook Air est bi-c\u0153ur, le Core i5 (du mod\u00e8le haut\u00a0de gamme) est lui quadri-c\u0153ur, tandis que l\u2019A12Z (dans sa version iPad) est octocoeur\u2026\u00a0<\/p>\n<p><em><strong>Si <a href=\"https:\/\/infogram.com\/premiers-benchs-du-mac-mini-arm-dtk-1h7g6kw07ox06oy?live\">l\u2019infographie ci-dessus ne s\u2019affiche pas correctement, cliquez ici<\/a>.<\/strong><\/em><\/p>\n<p>La seconde observation est que l\u2019iPad Pro fait jeu \u00e9gal avec le <a href=\"https:\/\/www.01net.com\/tests\/test-du-macbook-pro-13-2020-l-ultraportable-pro-d-apple-gagne-une-belle-autonomie-et-un-nouveau-clavier-6453.html\">MacBook Pro 13 pouces Core i5 2 GHz<\/a>. L\u00e9g\u00e8rement en retrait en single core, la tablette domine en multi-core.<\/p>\n<p>La troisi\u00e8me observation est qu\u2019apparemment, \u00e0 en croire ses r\u00e9sultats publi\u00e9s sur le site de Geekbench 5, l\u2019A12Z du Mac mini \u00e9crase all\u00e8grement tous ses concurrents pour ce qui est des performances avec Metal, l\u2019API graphique d\u2019Apple. Ce n\u2019est pas \u00e9tonnant quand on sait que les \u00e9quipes qui d\u00e9veloppent la partie logicielle travaillent \u00e9troitement avec les \u00e9quipes qui con\u00e7oivent les puces Apple. Mais, c\u2019est en tout cas un signe encourageant pour la suite et pour les performances graphiques des Mac ARM \u00e0 venir.<\/p>\n<p>Enfin,\u00a0information importante, ces chiffres nous donnent surtout \u00e0 voir ce dont Rosetta est capable. Car la version de Geekbench 5 ex\u00e9cut\u00e9e par ce d\u00e9veloppeur est un fichier binaire pour processeur Intel. Autrement dit, le programme est \u00e9mul\u00e9 et ne tourne pas nativement sur la plate-forme ARM, comme il le fait pour toutes les autres plates-formes dont nous fournissons les r\u00e9sultats.<br \/>Or, justement, Geekbench est le genre de programme qui est tr\u00e8s sensible \u00e0 ce genre de choses puisqu\u2019il sert \u00e0 pousser processeur et GPU dans leurs retranchements. A cela s&rsquo;ajoute une autre limite. Il semblerait que seuls quatre coeurs soient pris en compte par Geekbench. Sans doute les coeurs les plus puissants. Autrement dit, Rosetta ne les voit pas tous et donc Geekbench non plus.<\/p>\n<aside class=\"bg-color-0 padding-inside-all-s bloc border-s\">\n<h4 class=\"box-txt-normal\">\n<p><strong>A d\u00e9couvrir aussi en vid\u00e9o<\/strong><\/p>\n<\/h4>\n<\/aside>\n<p>Evidemment, nous ne nous lancerons pas dans des conclusions h\u00e2tives et forc\u00e9ment erron\u00e9es sur la r\u00e9ussite\u00a0de Rosetta 2. Cependant, on peut appr\u00e9cier la performance sur ce cas sp\u00e9cifique et esp\u00e9rer qu\u2019\u00e0 l\u2019avenir Rosetta progressera encore. D\u2019autant qu\u2019on sait qu\u2019Apple int\u00e9grera des puces d\u00e9di\u00e9es dans ses premiers Mac, davantage adapt\u00e9es \u00e0 ces machines, et donc encore plus performantes et aptes \u00e0 encaisser une partie de la d\u00e9perdition due \u00e0 l\u2019\u00e9mulation des applications non natives.<\/p>\n<p>Lors d\u2019une discussion avec John Gruber, <a href=\"https:\/\/youtu.be\/Hg9F1Qjv3iU?t=2847\">Craig Federighi<\/a> rappelait que cette puce, qu\u2019Apple n\u2019a pas l\u2019intention d\u2019int\u00e9grer dans un Mac, est l\u00e0 pour permettre de travailler \u00e0 la partie logicielle.<br \/>N\u00e9anmoins, il plaisantait, goguenard, que l\u2019A12Z dans le Mac mini\u00a0\u00e9tait un bon moyen de voir <em>\u00ab ce que les \u00e9quipes Apple qui cr\u00e9ent les puces r\u00e9alisent quand elles ne se donnent m\u00eame pas la peine d\u2019\u00e9pater la galerie.\u00a0\u00bb<\/em> Et d\u2019ajouter avec un large sourire\u00a0: <em>\u00ab\u00a0Et elles vont s\u2019en donner la peine\u2026\u00a0\u00bb<\/em> Vivement la fin d\u2019ann\u00e9e, non\u00a0?<\/p>\n<\/p><\/div>\n<p><script>\n         !function(f,b,e,v,n,t,s){if(f.fbq)return;n=f.fbq=function()\n         {n.callMethod? n.callMethod.apply(n,arguments):n.queue.push(arguments)}\n         ;if(!f._fbq)f._fbq=n;\n             n.push=n;n.loaded=!0;n.version='2.0';n.queue=[];t=b.createElement(e);t.async=!0;\n             t.src=v;s=b.getElementsByTagName(e)[0];s.parentNode.insertBefore(t,s)}(window,\n                 document,'script','https:\/\/connect.facebook.net\/en_US\/fbevents.js');\n         fbq('init', '1065890633454496');\n         fbq('track', 'PageView');\n     <\/script><br \/>\n<br \/>[ad_2]<br \/>\n<br \/><a href=\"https:\/\/www.01net.com\/actualites\/mac-mini-sous-arm-les-premiers-tests-du-kit-de-developpement-d-apple-apparaissent-sur-la-toile-1940759.html\">Source link <\/a><\/p>\n","protected":false},"excerpt":{"rendered":"<p>[ad_1] C\u2019\u00e9tait une question de temps. Les premiers kits de d\u00e9veloppement (Developer Transition Kit, DTK), exp\u00e9di\u00e9s par Apple, sont arriv\u00e9s &hellip; <a href=\"http:\/\/www.affinite.fr\/index.php\/2020\/06\/29\/les-premiers-tests-du-kit-de-developpement-dapple-apparaissent-sur-la-toile\/\" class=\"more-link\">Plus <span class=\"screen-reader-text\">les premiers tests du kit de d\u00e9veloppement d\u2019Apple apparaissent sur la Toile<\/span> <span class=\"meta-nav\">&rarr;<\/span><\/a><\/p>\n","protected":false},"author":1,"featured_media":4571,"comment_status":"open","ping_status":"open","sticky":false,"template":"","format":"standard","meta":{"_sitemap_exclude":false,"_sitemap_priority":"","_sitemap_frequency":"","footnotes":""},"categories":[1],"tags":[],"class_list":["post-4570","post","type-post","status-publish","format-standard","has-post-thumbnail","hentry","category-tous"],"_links":{"self":[{"href":"http:\/\/www.affinite.fr\/index.php\/wp-json\/wp\/v2\/posts\/4570"}],"collection":[{"href":"http:\/\/www.affinite.fr\/index.php\/wp-json\/wp\/v2\/posts"}],"about":[{"href":"http:\/\/www.affinite.fr\/index.php\/wp-json\/wp\/v2\/types\/post"}],"author":[{"embeddable":true,"href":"http:\/\/www.affinite.fr\/index.php\/wp-json\/wp\/v2\/users\/1"}],"replies":[{"embeddable":true,"href":"http:\/\/www.affinite.fr\/index.php\/wp-json\/wp\/v2\/comments?post=4570"}],"version-history":[{"count":0,"href":"http:\/\/www.affinite.fr\/index.php\/wp-json\/wp\/v2\/posts\/4570\/revisions"}],"wp:featuredmedia":[{"embeddable":true,"href":"http:\/\/www.affinite.fr\/index.php\/wp-json\/wp\/v2\/media\/4571"}],"wp:attachment":[{"href":"http:\/\/www.affinite.fr\/index.php\/wp-json\/wp\/v2\/media?parent=4570"}],"wp:term":[{"taxonomy":"category","embeddable":true,"href":"http:\/\/www.affinite.fr\/index.php\/wp-json\/wp\/v2\/categories?post=4570"},{"taxonomy":"post_tag","embeddable":true,"href":"http:\/\/www.affinite.fr\/index.php\/wp-json\/wp\/v2\/tags?post=4570"}],"curies":[{"name":"wp","href":"https:\/\/api.w.org\/{rel}","templated":true}]}}