{"id":4568,"date":"2020-06-29T16:36:09","date_gmt":"2020-06-29T16:36:09","guid":{"rendered":"https:\/\/www.affinite.fr\/index.php\/2020\/06\/29\/bouygues-telecom-tente-a-nouveau-daugmenter-les-tarifs-de-certains-forfaits-mobiles-byou\/"},"modified":"2020-06-29T16:36:09","modified_gmt":"2020-06-29T16:36:09","slug":"bouygues-telecom-tente-a-nouveau-daugmenter-les-tarifs-de-certains-forfaits-mobiles-byou","status":"publish","type":"post","link":"http:\/\/www.affinite.fr\/index.php\/2020\/06\/29\/bouygues-telecom-tente-a-nouveau-daugmenter-les-tarifs-de-certains-forfaits-mobiles-byou\/","title":{"rendered":"Bouygues Telecom tente \u00e0 nouveau d&rsquo;augmenter les tarifs de certains forfaits mobiles B&#038;You"},"content":{"rendered":"<p> [ad_1]<br \/>\n<\/p>\n<div itemprop=\"articleBody\">\n<p>Si vous \u00eates d\u00e9tenteur d&rsquo;un forfait mobile B&amp;You 20 Go \u00e0 4,99 euros par mois, vous devez \u00eatre vigilants. Bouygues Telecom vient de lancer une nouvelle campagne d&rsquo;augmentation des tarifs, moyennant plus de donn\u00e9es. Ainsi, vous allez peut-\u00eatre recevoir un mail ou un SMS annon\u00e7ant une \u00e9volution de votre forfait avec un passage de 20 Go \u00e0 40 Go, ainsi qu&rsquo;un passage de 3 \u00e0 5 Go d&rsquo;Internet mobile pour une utilisation en Europe et dans les DOM. Ces avantages ne sont pas gratuits, et le tarif du forfait passe de 4,99 euros par mois \u00e0 8,99 euros par mois. Les changements seront effectifs d\u00e9but ao\u00fbt.<\/p>\n<p>Heureusement, il est possible de refuser cette offre en utilisant le lien de refus qui est indiqu\u00e9 dans le mail, ou en allant dans la rubrique Activit\u00e9s de votre compte client.<\/p>\n<figure class=\"figure text-center\"><img decoding=\"async\" class=\"article-img img-responsive-l\" src=\"https:\/\/img.bfmtv.com\/c\/0\/708\/827\/9b7f11d1f494d2cbf2956287cfc79.jpg\" alt=\"\"\/><figcaption class=\"figure-caption figcaption color-txt-0 title-xs hidden-xs\"\/><\/figure>\n<p>                Bouygues Telecom est coutumier de ce type d&rsquo;augmentation et avait d\u00e9j\u00e0 fait une tentative le mois dernier, comme l&rsquo;avait d\u00e9nonc\u00e9<a href=\"https:\/\/www.quechoisir.org\/actualite-forfait-b-you-20-go-augmentation-surprise-de-80-n79743\/\" target=\"_blank\" rel=\"noopener noreferrer\"> l&rsquo;UFC-Que Choisir<\/a>, en offrant 20 Go suppl\u00e9mentaires aux clients du forfait 20 Go jusqu&rsquo;au 1er juillet, puis en augmentant le prix de l&rsquo;abonnement. Certains clients du forfait B&amp;You 40 Go \u00e0 9,99 euros par mois ont vu leur tarif passer \u00e0 12,99 euros par mois, pour 60 Go de donn\u00e9es.<\/p>\n<aside class=\"bg-color-0 padding-inside-all-s bloc border-s\">\n<h4 class=\"box-txt-normal\">\n<p><strong>A d\u00e9couvrir aussi en vid\u00e9o :<\/strong>\n<\/p>\n<\/h4>\n<\/aside>\n<p>Notons que certaines offres peuvent \u00eatre refus\u00e9es, en agissant \u00e0 temps, mais que ce n&rsquo;est pas toujours le cas. Dans ce cas, le client n&rsquo;a que deux choix : accepter l&rsquo;augmentation ou r\u00e9silier sans frais son forfait.<\/p>\n<p>Le forfait mobile \u00ab\u00a0\u00e0 vie\u00a0\u00bb <a href=\"https:\/\/www.01net.com\/actualites\/pouvez-vous-vraiment-garder-un-forfait-mobile-ou-fixe-a-vie-1696745.html\" target=\"_blank\" rel=\"noopener noreferrer\">n&rsquo;existe pas<\/a> et les op\u00e9rateur sont en g\u00e9n\u00e9ral libres de changer les modalit\u00e9s ou les tarifs de leurs abonnements.<\/p>\n<\/p><\/div>\n<p><script>\n         !function(f,b,e,v,n,t,s){if(f.fbq)return;n=f.fbq=function()\n         {n.callMethod? n.callMethod.apply(n,arguments):n.queue.push(arguments)}\n         ;if(!f._fbq)f._fbq=n;\n             n.push=n;n.loaded=!0;n.version='2.0';n.queue=[];t=b.createElement(e);t.async=!0;\n             t.src=v;s=b.getElementsByTagName(e)[0];s.parentNode.insertBefore(t,s)}(window,\n                 document,'script','https:\/\/connect.facebook.net\/en_US\/fbevents.js');\n         fbq('init', '1065890633454496');\n         fbq('track', 'PageView');\n     <\/script><br \/>\n<br \/>[ad_2]<br \/>\n<br \/><a href=\"https:\/\/www.01net.com\/actualites\/bouygues-telecom-tente-a-nouveau-d-augmenter-les-tarifs-de-certains-forfaits-mobiles-byou-1940511.html\">Source link <\/a><\/p>\n","protected":false},"excerpt":{"rendered":"<p>[ad_1] Si vous \u00eates d\u00e9tenteur d&rsquo;un forfait mobile B&amp;You 20 Go \u00e0 4,99 euros par mois, vous devez \u00eatre vigilants. &hellip; <a href=\"http:\/\/www.affinite.fr\/index.php\/2020\/06\/29\/bouygues-telecom-tente-a-nouveau-daugmenter-les-tarifs-de-certains-forfaits-mobiles-byou\/\" class=\"more-link\">Plus <span class=\"screen-reader-text\">Bouygues Telecom tente \u00e0 nouveau d&rsquo;augmenter les tarifs de certains forfaits mobiles B&#038;You<\/span> <span class=\"meta-nav\">&rarr;<\/span><\/a><\/p>\n","protected":false},"author":1,"featured_media":4569,"comment_status":"open","ping_status":"open","sticky":false,"template":"","format":"standard","meta":{"_sitemap_exclude":false,"_sitemap_priority":"","_sitemap_frequency":"","footnotes":""},"categories":[1],"tags":[],"class_list":["post-4568","post","type-post","status-publish","format-standard","has-post-thumbnail","hentry","category-tous"],"_links":{"self":[{"href":"http:\/\/www.affinite.fr\/index.php\/wp-json\/wp\/v2\/posts\/4568"}],"collection":[{"href":"http:\/\/www.affinite.fr\/index.php\/wp-json\/wp\/v2\/posts"}],"about":[{"href":"http:\/\/www.affinite.fr\/index.php\/wp-json\/wp\/v2\/types\/post"}],"author":[{"embeddable":true,"href":"http:\/\/www.affinite.fr\/index.php\/wp-json\/wp\/v2\/users\/1"}],"replies":[{"embeddable":true,"href":"http:\/\/www.affinite.fr\/index.php\/wp-json\/wp\/v2\/comments?post=4568"}],"version-history":[{"count":0,"href":"http:\/\/www.affinite.fr\/index.php\/wp-json\/wp\/v2\/posts\/4568\/revisions"}],"wp:featuredmedia":[{"embeddable":true,"href":"http:\/\/www.affinite.fr\/index.php\/wp-json\/wp\/v2\/media\/4569"}],"wp:attachment":[{"href":"http:\/\/www.affinite.fr\/index.php\/wp-json\/wp\/v2\/media?parent=4568"}],"wp:term":[{"taxonomy":"category","embeddable":true,"href":"http:\/\/www.affinite.fr\/index.php\/wp-json\/wp\/v2\/categories?post=4568"},{"taxonomy":"post_tag","embeddable":true,"href":"http:\/\/www.affinite.fr\/index.php\/wp-json\/wp\/v2\/tags?post=4568"}],"curies":[{"name":"wp","href":"https:\/\/api.w.org\/{rel}","templated":true}]}}