{"id":4566,"date":"2020-06-29T15:34:59","date_gmt":"2020-06-29T15:34:59","guid":{"rendered":"https:\/\/www.affinite.fr\/index.php\/2020\/06\/29\/somfy-lance-un-forfait-de-securite-anti-cambriolage-sans-engagement-pour-les-appartements-et-les-maisons\/"},"modified":"2020-06-29T15:34:59","modified_gmt":"2020-06-29T15:34:59","slug":"somfy-lance-un-forfait-de-securite-anti-cambriolage-sans-engagement-pour-les-appartements-et-les-maisons","status":"publish","type":"post","link":"http:\/\/www.affinite.fr\/index.php\/2020\/06\/29\/somfy-lance-un-forfait-de-securite-anti-cambriolage-sans-engagement-pour-les-appartements-et-les-maisons\/","title":{"rendered":"Somfy lance un forfait de s\u00e9curit\u00e9 anti-cambriolage sans engagement pour les appartements et les maisons"},"content":{"rendered":"<p> [ad_1]<br \/>\n<br \/><img decoding=\"async\" src=\"https:\/\/img.bfmtv.com\/i\/0\/0\/a16\/caf68d2dbdf9b632b91978219f894.png\" \/><\/p>\n<div itemprop=\"articleBody\">\n<p>Disposer d\u2019un service de s\u00e9curit\u00e9 comme on profite d\u2019un forfait mobile, tel est en substance le principe d\u2019Ilo, la nouvelle formule de Somfy, le leader mondial des \u00e9quipements autonomes d\u2019ouvertures et de fermeture de la maison.<br \/>Le groupe fran\u00e7ais \u00e9tait d\u00e9j\u00e0 pr\u00e9sent sur le march\u00e9 de la s\u00e9curit\u00e9 avec sa <a href=\"https:\/\/www.01net.com\/actualites\/somfy-one-la-camera-de-surveillance-connectee-signee-myfox-1076040.html\" target=\"_blank\" rel=\"noopener noreferrer\">cam\u00e9ra Somfy One<\/a>, par exemple, mais cette offre vient bousculer un segment tr\u00e8s traditionnel qui se partage entre professionnels de la t\u00e9l\u00e9surveillance et acteurs de la s\u00e9curit\u00e9 connect\u00e9e.<br \/>Dans les deux cas, il s\u2019agissait soit d\u2019acheter un \u00e9quipement, soit de louer un service en s\u2019engageant sur la dur\u00e9e. \u00ab Ilo by Somfy\u00a0\u00bb va \u00e0 l\u2019inverse de cette pratique et propose donc un pack de s\u00e9curit\u00e9 \u00e0 installer soi-m\u00eame, et un service de t\u00e9l\u00e9surveillance professionnel \u00e0 la carte.<\/p>\n<p>En effet, le service s\u2019articule autour de deux offres, selon le type d\u2019habitation et le nombre d\u2019\u00e9quipements n\u00e9cessaires. L\u2019offre appartement comprend une cam\u00e9ra \u00ab\u00a0One\u00a0\u00bb avec sir\u00e8ne, un d\u00e9tecteur d\u2019ouverture pour la porte principale ainsi que deux t\u00e9l\u00e9commandes. Elle sera factur\u00e9e 19,90 euros par mois.<br \/>Quant \u00e0 l\u2019offre maison, plus cons\u00e9quente, elle d\u00e9bute \u00e0 29,90 euros\/mois mais int\u00e8gre trois d\u00e9tecteurs d\u2019ouverture, un d\u00e9tecteur de mouvement, une sir\u00e8ne int\u00e9rieure et une autre pour l\u2019ext\u00e9rieur, une cam\u00e9ra de surveillance et l\u00e0 aussi deux t\u00e9l\u00e9commandes.<br \/>Bien \u00e9videmment ces deux packs correspondent \u00e0 des formules de base qu\u2019il est possible de compl\u00e9ter en fonction du mat\u00e9riel suppl\u00e9mentaire n\u00e9cessaire.\u00a0<\/p>\n<h3 style=\"color:#333; font-family:arial,helvetica,sans-serif; font-size:23px; font-weight:700\">Un forfait s\u00e9curit\u00e9 pour les vacances\u00a0<\/h3>\n<p>Les deux offres comprennent \u00e9galement un service de t\u00e9l\u00e9surveillance du domicile confi\u00e9 \u00e0 un prestataire externe reconnu puisqu\u2019il s\u2019agit de l\u2019entreprise Sotel.<br \/>En cas de tentative d\u2019intrusion un agent pourra constater la tentative de cambriolage, via la cam\u00e9ra ou en d\u00e9p\u00eachant une personne sur place et appeler si n\u00e9cessaire la police sur une ligne prioritaire.<\/p>\n<blockquote>\n<p>\u00ab\u00a0Avec Ilo nous visons \u00e0 apporter \u00e0 tous une s\u00e9curit\u00e9 simple, compl\u00e8te et sans engagement en capitalisant sur 15 ans d&rsquo;innovation et en continuant \u00e0 apporter des solutions sur mesures \u00e0 nos utilisateurs.\u00a0\u00bb explique Jean-S\u00e9bastien Prunet, Directeur des gammes S\u00e9curit\u00e9 du groupe Somfy.<\/p>\n<\/blockquote>\n<p>C\u2019est cette notion de \u00ab\u00a0sans engagement \u00bb qui constitue la principale caract\u00e9ristique d\u2019Ilo. Et pour cause, quel que soit le niveau de s\u00e9curit\u00e9 choisi l\u2019offre peut \u00eatre arr\u00eat\u00e9e \u00e0 tout moment, seuls les frais de retour du mat\u00e9riel \u00e9tant \u00e0 la charge du client.\u00a0<\/p>\n<aside class=\"bg-color-0 padding-inside-all-s bloc border-s\">\n<h4 class=\"box-txt-normal\">\n<p><strong>\u00c0 d\u00e9couvrir aussi en vid\u00e9o :<\/strong><\/p>\n<\/h4>\n<\/aside>\n<p>Bien que le responsable de l\u2019entreprise r\u00e9fute le terme de tournant, pr\u00e9f\u00e9rant parler de diversification, il n\u2019en demeure pas moins que cette offre marque une rupture avec les pratiques d\u2019un secteur d\u00e9volu aux installateurs professionnels et qui est perturb\u00e9 depuis 2015 par de nouveaux acteurs venus des nouvelles technologies.<br \/>Le succ\u00e8s d\u2019Ilo by Somfy d\u00e9pendra \u00e9videmment de la capacit\u00e9 de conviction du service et du nombre de clients qui garderont le mat\u00e9riel de location en dehors des p\u00e9riodes propices aux cambriolages.\u00a0<\/p>\n<\/p><\/div>\n<p><script>\n         !function(f,b,e,v,n,t,s){if(f.fbq)return;n=f.fbq=function()\n         {n.callMethod? n.callMethod.apply(n,arguments):n.queue.push(arguments)}\n         ;if(!f._fbq)f._fbq=n;\n             n.push=n;n.loaded=!0;n.version='2.0';n.queue=[];t=b.createElement(e);t.async=!0;\n             t.src=v;s=b.getElementsByTagName(e)[0];s.parentNode.insertBefore(t,s)}(window,\n                 document,'script','https:\/\/connect.facebook.net\/en_US\/fbevents.js');\n         fbq('init', '1065890633454496');\n         fbq('track', 'PageView');\n     <\/script><br \/>\n<br \/>[ad_2]<br \/>\n<br \/><a href=\"https:\/\/www.01net.com\/actualites\/somfy-lance-un-forfait-de-securite-anti-cambriolage-sans-engagement-pour-les-appartements-et-les-maisons-1940534.html\">Source link <\/a><\/p>\n","protected":false},"excerpt":{"rendered":"<p>[ad_1] Disposer d\u2019un service de s\u00e9curit\u00e9 comme on profite d\u2019un forfait mobile, tel est en substance le principe d\u2019Ilo, la &hellip; <a href=\"http:\/\/www.affinite.fr\/index.php\/2020\/06\/29\/somfy-lance-un-forfait-de-securite-anti-cambriolage-sans-engagement-pour-les-appartements-et-les-maisons\/\" class=\"more-link\">Plus <span class=\"screen-reader-text\">Somfy lance un forfait de s\u00e9curit\u00e9 anti-cambriolage sans engagement pour les appartements et les maisons<\/span> <span class=\"meta-nav\">&rarr;<\/span><\/a><\/p>\n","protected":false},"author":1,"featured_media":4567,"comment_status":"open","ping_status":"open","sticky":false,"template":"","format":"standard","meta":{"_sitemap_exclude":false,"_sitemap_priority":"","_sitemap_frequency":"","footnotes":""},"categories":[1],"tags":[],"class_list":["post-4566","post","type-post","status-publish","format-standard","has-post-thumbnail","hentry","category-tous"],"_links":{"self":[{"href":"http:\/\/www.affinite.fr\/index.php\/wp-json\/wp\/v2\/posts\/4566"}],"collection":[{"href":"http:\/\/www.affinite.fr\/index.php\/wp-json\/wp\/v2\/posts"}],"about":[{"href":"http:\/\/www.affinite.fr\/index.php\/wp-json\/wp\/v2\/types\/post"}],"author":[{"embeddable":true,"href":"http:\/\/www.affinite.fr\/index.php\/wp-json\/wp\/v2\/users\/1"}],"replies":[{"embeddable":true,"href":"http:\/\/www.affinite.fr\/index.php\/wp-json\/wp\/v2\/comments?post=4566"}],"version-history":[{"count":0,"href":"http:\/\/www.affinite.fr\/index.php\/wp-json\/wp\/v2\/posts\/4566\/revisions"}],"wp:featuredmedia":[{"embeddable":true,"href":"http:\/\/www.affinite.fr\/index.php\/wp-json\/wp\/v2\/media\/4567"}],"wp:attachment":[{"href":"http:\/\/www.affinite.fr\/index.php\/wp-json\/wp\/v2\/media?parent=4566"}],"wp:term":[{"taxonomy":"category","embeddable":true,"href":"http:\/\/www.affinite.fr\/index.php\/wp-json\/wp\/v2\/categories?post=4566"},{"taxonomy":"post_tag","embeddable":true,"href":"http:\/\/www.affinite.fr\/index.php\/wp-json\/wp\/v2\/tags?post=4566"}],"curies":[{"name":"wp","href":"https:\/\/api.w.org\/{rel}","templated":true}]}}