{"id":4556,"date":"2020-06-29T11:29:03","date_gmt":"2020-06-29T11:29:03","guid":{"rendered":"https:\/\/www.affinite.fr\/index.php\/2020\/06\/29\/le-dark-mode-arrive-enfin-dans-lapplication\/"},"modified":"2020-06-29T11:29:03","modified_gmt":"2020-06-29T11:29:03","slug":"le-dark-mode-arrive-enfin-dans-lapplication","status":"publish","type":"post","link":"http:\/\/www.affinite.fr\/index.php\/2020\/06\/29\/le-dark-mode-arrive-enfin-dans-lapplication\/","title":{"rendered":"le\u00a0\u00ab\u00a0dark mode\u00a0\u00bb arrive enfin dans l&rsquo;application"},"content":{"rendered":"<p> [ad_1]<br \/>\n<br \/><img decoding=\"async\" src=\"https:\/\/img.bfmtv.com\/i\/0\/0\/8a8\/f054b2f1934c80b8ad758c0f981b1.png\" \/><\/p>\n<div itemprop=\"articleBody\">\n<p>Quand il s&rsquo;agit d&rsquo;adopter une nouveaut\u00e9, Facebook n&rsquo;est que tr\u00e8s rarement le premier. Les applications du r\u00e9seau social (Facebook, Messenger, Instagram, WhatsApp etc.) sont g\u00e9n\u00e9ralement mises \u00e0 jour des mois apr\u00e8s l&rsquo;ajout d&rsquo;une nouvelle fonction dans iOS ou Android. Adaptation aux grands \u00e9crans, utilisation en <a href=\"https:\/\/www.01net.com\/actualites\/facebook-supporte-enfin-le-multifenetrage-sur-ipad-1913720.html\" target=\"_blank\" rel=\"noopener noreferrer\">\u00e9cran scind\u00e9 sur tablette<\/a> ou th\u00e8me sombre\u2026 les exemples sont nombreux.\u00a0<\/p>\n<p>Plus d&rsquo;un an apr\u00e8s la pr\u00e9sentation d&rsquo;<a href=\"https:\/\/www.01net.com\/actualites\/google-lance-android-10-en-version-finale-tour-d-horizon-des-nouveautes-1760093.html\" target=\"_blank\" rel=\"noopener noreferrer\">Android 10<\/a>\u00a0et d&rsquo;<a href=\"https:\/\/www.01net.com\/actualites\/ios-13-est-disponible-decouvrez-les-principales-nouveautes-en-video-1771047.html\" target=\"_blank\" rel=\"noopener noreferrer\">iOS 13<\/a>, qui ont fait du th\u00e8me sombre une norme pour les applications tierces, Facebook se d\u00e9ciderait enfin \u00e0 l&rsquo;adopter. Certains utilisateurs de l&rsquo;application iPhone en b\u00e9n\u00e9ficient d\u00e9j\u00e0.\u00a0<\/p>\n<h3 style=\"color:#333; font-family:arial,helvetica,sans-serif; font-size:23px; font-weight:700\">Pourquoi tant de retard ?<\/h3>\n<p>Ce retard est d&rsquo;autant plus \u00e9tonnant que Messenger, Instagram et WhatsApp, trois applications d\u00e9tenues par Facebook, proposent d\u00e9j\u00e0 un th\u00e8me sombre. Seule l&rsquo;application principale en est pour l&rsquo;instant priv\u00e9e\u2026 alors que le nouveau site du r\u00e9seau social propose lui un th\u00e8me sombre depuis son lancement. Cette situation n&rsquo;est pas vraiment logique.\u00a0<\/p>\n<aside class=\"bg-color-0 padding-inside-all-s bloc border-s\">\n<h4 class=\"box-txt-normal\">\n<p><strong>\u00c0 d\u00e9couvrir aussi en vid\u00e9o :\u00a0<\/strong><\/p>\n<\/h4>\n<\/aside>\n<p><span>Interrog\u00e9 par plusieurs sites dont\u00a0<em>The Verge<\/em>, les porte-paroles am\u00e9ricains de Facebook ont confirm\u00e9 tester\u00a0cette fonction sur un petit pourcentage d&rsquo;utilisateurs iOS. Nul doute que d&rsquo;ici quelques semaines, tout le monde y aura droit.\u00a0<\/span><\/p>\n<p><strong>Source :\u00a0<\/strong><a href=\"https:\/\/www.socialmediatoday.com\/news\/facebook-dark-mode-is-now-being-tested-with-a-small-percentage-of-mobile-us\/580666\/\" target=\"_blank\" rel=\"noopener noreferrer\">SocialMediaToday<\/a><\/p>\n<\/p><\/div>\n<p><script>\n         !function(f,b,e,v,n,t,s){if(f.fbq)return;n=f.fbq=function()\n         {n.callMethod? n.callMethod.apply(n,arguments):n.queue.push(arguments)}\n         ;if(!f._fbq)f._fbq=n;\n             n.push=n;n.loaded=!0;n.version='2.0';n.queue=[];t=b.createElement(e);t.async=!0;\n             t.src=v;s=b.getElementsByTagName(e)[0];s.parentNode.insertBefore(t,s)}(window,\n                 document,'script','https:\/\/connect.facebook.net\/en_US\/fbevents.js');\n         fbq('init', '1065890633454496');\n         fbq('track', 'PageView');\n     <\/script><br \/>\n<br \/>[ad_2]<br \/>\n<br \/><a href=\"https:\/\/www.01net.com\/actualites\/facebook-ledark-mode-arrive-enfin-dans-l-application-1940538.html\">Source link <\/a><\/p>\n","protected":false},"excerpt":{"rendered":"<p>[ad_1] Quand il s&rsquo;agit d&rsquo;adopter une nouveaut\u00e9, Facebook n&rsquo;est que tr\u00e8s rarement le premier. Les applications du r\u00e9seau social (Facebook, &hellip; <a href=\"http:\/\/www.affinite.fr\/index.php\/2020\/06\/29\/le-dark-mode-arrive-enfin-dans-lapplication\/\" class=\"more-link\">Plus <span class=\"screen-reader-text\">le\u00a0\u00ab\u00a0dark mode\u00a0\u00bb arrive enfin dans l&rsquo;application<\/span> <span class=\"meta-nav\">&rarr;<\/span><\/a><\/p>\n","protected":false},"author":1,"featured_media":4557,"comment_status":"open","ping_status":"open","sticky":false,"template":"","format":"standard","meta":{"_sitemap_exclude":false,"_sitemap_priority":"","_sitemap_frequency":"","footnotes":""},"categories":[1],"tags":[],"class_list":["post-4556","post","type-post","status-publish","format-standard","has-post-thumbnail","hentry","category-tous"],"_links":{"self":[{"href":"http:\/\/www.affinite.fr\/index.php\/wp-json\/wp\/v2\/posts\/4556"}],"collection":[{"href":"http:\/\/www.affinite.fr\/index.php\/wp-json\/wp\/v2\/posts"}],"about":[{"href":"http:\/\/www.affinite.fr\/index.php\/wp-json\/wp\/v2\/types\/post"}],"author":[{"embeddable":true,"href":"http:\/\/www.affinite.fr\/index.php\/wp-json\/wp\/v2\/users\/1"}],"replies":[{"embeddable":true,"href":"http:\/\/www.affinite.fr\/index.php\/wp-json\/wp\/v2\/comments?post=4556"}],"version-history":[{"count":0,"href":"http:\/\/www.affinite.fr\/index.php\/wp-json\/wp\/v2\/posts\/4556\/revisions"}],"wp:featuredmedia":[{"embeddable":true,"href":"http:\/\/www.affinite.fr\/index.php\/wp-json\/wp\/v2\/media\/4557"}],"wp:attachment":[{"href":"http:\/\/www.affinite.fr\/index.php\/wp-json\/wp\/v2\/media?parent=4556"}],"wp:term":[{"taxonomy":"category","embeddable":true,"href":"http:\/\/www.affinite.fr\/index.php\/wp-json\/wp\/v2\/categories?post=4556"},{"taxonomy":"post_tag","embeddable":true,"href":"http:\/\/www.affinite.fr\/index.php\/wp-json\/wp\/v2\/tags?post=4556"}],"curies":[{"name":"wp","href":"https:\/\/api.w.org\/{rel}","templated":true}]}}