{"id":4545,"date":"2020-06-28T15:24:59","date_gmt":"2020-06-28T15:24:59","guid":{"rendered":"https:\/\/www.affinite.fr\/index.php\/2020\/06\/28\/leurope-indecise-a-qui-rouvrir-ses-frontieres\/"},"modified":"2020-06-28T15:24:59","modified_gmt":"2020-06-28T15:24:59","slug":"leurope-indecise-a-qui-rouvrir-ses-frontieres","status":"publish","type":"post","link":"http:\/\/www.affinite.fr\/index.php\/2020\/06\/28\/leurope-indecise-a-qui-rouvrir-ses-frontieres\/","title":{"rendered":"l&rsquo;Europe ind\u00e9cise, \u00e0 qui rouvrir ses fronti\u00e8res\u00a0?"},"content":{"rendered":"<p> [ad_1]<br \/>\n<\/p>\n<p><strong>[Mise \u00e0 jour le dimanche 28\u00a0juin 2020 \u00e0 10h19]<\/strong>\u00a0La pand\u00e9mie de coronavirus menace encore de nombreux pays. Plus de\u00a0<strong>9,9\u00a0millions <\/strong>de personnes sont contamin\u00e9es dans le monde et <strong>498\u00a0800 sont\u00a0d\u00e9c\u00e9d\u00e9es<\/strong>\u00a0selon les statistiques de l&rsquo;<a href=\"https:\/\/gisanddata.maps.arcgis.com\/apps\/opsdashboard\/index.html#\/bda7594740fd40299423467b48e9ecf6\" target=\"_blank\" rel=\"noopener noreferrer\">Universit\u00e9 John Hopkins<\/a>. La pand\u00e9mie de Covid-19\u00a0<strong>continue de prendre de l&rsquo;ampleur dans une grande partie des \u00c9tats-Unis\u00a0<\/strong>et dans plusieurs pays d&rsquo;Am\u00e9rique du sud : au P\u00e9rou, en\u00a0Argentine, au Chili, au\u00a0Mexique et au <strong>Br\u00e9sil, <\/strong>elle<strong>\u00a0<\/strong>s&rsquo;accro\u00eet en Inde, en Iran, en Australie o\u00f9 les bilans des d\u00e9c\u00e8s quotidiens continuent de grimper, obligeant certains d&rsquo;entre eux au\u00a0reconfinement d&rsquo;une partie de leurs populations. En <strong>France<\/strong>, le bilan \u00e9pid\u00e9miologique de <a href=\"https:\/\/www.santepubliquefrance.fr\/maladies-et-traumatismes\/maladies-et-infections-respiratoires\/infection-a-coronavirus\/documents\/bulletin-national\/covid-19-point-epidemiologique-du-25-juin-2020\" target=\"_blank\" rel=\"noopener noreferrer\">Sant\u00e9 Publique France<\/a>, vendredi 26\u00a0juin (le dernier en date),\u00a0indique qu&rsquo;il n&rsquo;y a <strong><em>\u00ab\u00a0pas de signaux en faveur d&rsquo;une reprise de l&rsquo;\u00e9pid\u00e9mie\u00a0\u00bb <\/em><\/strong>et que le nombre\u00a0hebdomadaire de clusters signal\u00e9s est stable sur les\u00a03\u00a0derni\u00e8res semaines et inf\u00e9rieur aux semaines pr\u00e9c\u00e9dentes. Le\u00a0ministre de la Sant\u00e9 Olivier V\u00e9ran a soulign\u00e9 qu&rsquo;il fallait <strong>pr\u00e9parer le pays \u00e0 toutes les hypoth\u00e8ses <\/strong>(dont une <strong>deuxi\u00e8me vague \u00e9pid\u00e9mique<\/strong>)<strong>\u00a0<\/strong>dans un entretien accord\u00e9 au journal\u00a0<em><a href=\"https:\/\/www.lemonde.fr\/planete\/article\/2020\/06\/25\/olivier-veran-nous-mettons-tout-en-uvre-pour-eviter-de-devoir-un-jour-reconfiner_6044093_3244.html\" target=\"_blank\" rel=\"noopener noreferrer\">Le Monde<\/a><\/em> et annonc\u00e9 la mise en place d&rsquo;une campagne de tests de d\u00e9pistage du Covid-19 dans 30 communes en Ile-de-France :\u00a01,3 millions de personnes en Ile-de-France sont susceptibles de recevoir un <strong>bon de l&rsquo;Assurance maladie pour aller se faire tester en laboratoire.<\/strong> Au 26\u00a0juin<b>,<\/b><strong>\u00a0<\/strong><strong>29\u00a0778 personnes sont mortes du Covid-19<\/strong>\u00a0en France et 162 936\u00a0personnes ont \u00e9t\u00e9 test\u00e9es positives. Le gouvernement pr\u00e9sentera prochainement\u00a0un <strong>all\u00e8gement du protocole sanitaire dans les entreprises<\/strong>.\u00a0A l&rsquo;approche des vacances, les <a href=\"https:\/\/sante.journaldesfemmes.fr\/fiches-maladies\/2608487-coronavirus-ou-partir-vacances-ete-europe-france-espagne-portugal-croatie-etranger-hotel-avion-conditions\/\" target=\"_blank\" rel=\"noopener noreferrer\">fronti\u00e8res ont rouvert\u00a0progressivement depuis le 15 juin en Europe<\/a> et dans quelques jours au-del\u00e0.\u00a0Derni\u00e8res infos en direct.\u00a0<\/p>\n<div id=\"\">\n<p>La France est d\u00e9confin\u00e9e mais toujours en<strong>\u00a0<a href=\"https:\/\/sante.journaldesfemmes.fr\/fiches-maladies\/2625289-coronavirus-stade-3-duree-mesure-france-stade-4-c-est-quoi\/\" target=\"_blank\" rel=\"noopener noreferrer\">stade 3<\/a>\u00a0de l&rsquo;\u00e9pid\u00e9mie<\/strong> de coronavirus depuis le 14\u00a0mars\u00a0puisque le virus circule sur tout le territoire et plus uniquement dans certaines r\u00e9gions et villes.\u00a0Au 26\u00a0juin la France compte<strong>\u00a0162 936\u00a0cas positifs<\/strong> au coronavirus depuis le d\u00e9but de l&rsquo;\u00e9pid\u00e9mie. Depuis le 13\u00a0mai 2020, le syst\u00e8me SI-DEP (syst\u00e8me d&rsquo;information de d\u00e9pistage) permet une estimation des nombres de cas confirm\u00e9s en France \u00e0 vis\u00e9e exhaustive.\u00a0Les cas confirm\u00e9s gr\u00e2ce au syst\u00e8me SI-DEP sont pris en compte\u00a0dans le total du nombre de cas.\u00a0Le bilan est\u00a0de<strong>\u00a08 886\u00a0personnes hospitalis\u00e9es pour une infection COVID-19<\/strong>\u00a0et 87 nouvelles admissions ont \u00e9t\u00e9 enregistr\u00e9es en 24\u00a0heures.<strong>\u00a0634\u00a0malades atteints d&rsquo;une forme s\u00e9v\u00e8re de COVID-19\u00a0sont hospitalis\u00e9s en r\u00e9animation<\/strong>. 15\u00a0nouveaux cas graves ont \u00e9t\u00e9 admis en r\u00e9animation. Parmi les 104 300 patients ayant \u00e9t\u00e9 hospitalis\u00e9s depuis le 1er mars, l&rsquo;\u00e2ge m\u00e9dian des patients \u00e9tait de 72\u00a0ans et 54% \u00e9taient des hommes.\u00a0<\/p>\n<p>\u2192 En France m\u00e9tropolitaine, le <strong>pic \u00e9pid\u00e9mique<\/strong>\u00a0a \u00e9t\u00e9 observ\u00e9 la <strong>semaine du 23-29\u00a0mars<\/strong>, soit une semaine apr\u00e8s la mise en \u0153uvre des mesures de confinement de la population g\u00e9n\u00e9rale, le 17\u00a0mars 2020. Le nombre le plus \u00e9lev\u00e9 de nouvelles hospitalisations pour COVID-19\u00a0a \u00e9t\u00e9 observ\u00e9 au cours de la semaine du 30\u00a0mars au\u00a05\u00a0avril.<\/p>\n<p><strong>Un risque de deuxi\u00e8me vague ?\u00a0<\/strong>La commission d&rsquo;enqu\u00eate sur la gestion de l&rsquo;\u00e9pid\u00e9mie du\u00a0Covid-19\u00a0a auditionn\u00e9\u00a0le 18 juin les membres du conseil scientifique.\u00a0Le pr\u00e9sident du Conseil scientifique, Jean-Fran\u00e7ois Delfraissy a alors averti que<em> \u00ab\u00a0le risque d&rsquo;<strong>une vraie deuxi\u00e8me vague doit \u00eatre consid\u00e9r\u00e9<\/strong>\u00ab\u00a0<\/em>. Pour l&rsquo;\u00e9pid\u00e9miologiste <a href=\"https:\/\/twitter.com\/LCP\/status\/1273561200996036609\" target=\"_blank\" rel=\"noopener noreferrer\"><strong>Bruno Lina,<\/strong> \u00e9galement membre du Conseil Scientifique<\/a>, <strong>le risque ne viendrait pas de la Chine<\/strong> : <em>\u00ab\u00a0Il y a beaucoup plus de virus en <strong>Am\u00e9rique du Sud, en Afrique du Sud<\/strong> qu&rsquo;en Chine donc pour moi c&rsquo;est beaucoup plus l\u00e0 que se trouve le danger. Ce que nous dit la Chine c&rsquo;est que c&rsquo;est pas parce qu&rsquo;on a eu une premi\u00e8re <strong>vague <\/strong>qu&rsquo;on ne peut pas en avoir une deuxi\u00e8me<strong> m\u00eame quand il fait chaud, m\u00eame quand c&rsquo;est l&rsquo;\u00e9t\u00e9<\/strong>. Le virus a une amplification qui joue en fonction de la saison, il diffuse moins bien l&rsquo;\u00e9t\u00e9 que l&rsquo;hiver.<strong> Le virus en Chine c&rsquo;est un signal, l&rsquo;\u00e9pid\u00e9mie peut repartir chez nous comme elle est repartie dans d&rsquo;autres endroits <\/strong>et il y vraiment un enjeu important pour maintenir un certain nombre de mesures barri\u00e8res.\u00a0\u00bb <\/em>Sur la<strong> possibilit\u00e9 d&rsquo;un reconfinement<\/strong>, le Pr Delfraissy a expliqu\u00e9\u00a0que cette perspective ne serait <em>\u00ab\u00a0ni souhaitable\u00a0\u00bb<\/em> vis-\u00e0-vis de l&rsquo;\u00e9conomie,<em> \u00ab\u00a0ni accept\u00e9e\u00a0\u00bb <\/em>par la population.<\/p>\n<h3 style=\"text-align: center;\">Nombre incident de cas confirm\u00e9s de COVID-19\u00a0par semaine, rapport\u00e9s \u00e0 Sant\u00e9 publique France, du 23\u00a0janvier au 20 juin 2020<\/h3>\n<div style=\"text-align:center\">\n<figure class=\"image\" style=\"display:inline-block\"><a class=\"fancy\" href=\"https:\/\/img-3.journaldesfemmes.fr\/0otWrQckvdpe_97uqj6BEvmbBJ4=\/1080x\/smart\/cb5f2ca91f794716882b06f4b46b17b3\/ccmcms-jdf\/16655552.jpg\"><img decoding=\"async\" alt=\"COURBE CAS COVID FRANCE\" src=\"https:\/\/img-3.journaldesfemmes.fr\/gPLLShIqIdpAjj7SwcslwAFVb9c=\/600x\/smart\/cb5f2ca91f794716882b06f4b46b17b3\/ccmcms-jdf\/16655552.jpg\"\/><\/a><figcaption data-credit=\"Sant\u00e9 Publique France\" data-legend=\"Nombre incident de cas confirm\u00e9s de COVID-19 par semaine, rapport\u00e9s \u00e0 Sant\u00e9 publique France, du 23 janvier au 20 juin 2020\">Nombre incident de cas confirm\u00e9s de COVID-19 par semaine, rapport\u00e9s \u00e0 Sant\u00e9 publique France, du 23 janvier au 20 juin 2020 <small>\u00a9\u00a0Sant\u00e9 Publique France<\/small><\/figcaption><\/figure>\n<\/div>\n<p>Le vendredi 26\u00a0juin, le nombre de patients en r\u00e9animation est de\u00a0634 malades atteints d&rsquo;une forme s\u00e9v\u00e8re de Covid-19. 15\u00a0nouveaux cas graves ont \u00e9t\u00e9 admis en r\u00e9animation. Le solde reste n\u00e9gatif en r\u00e9animation, avec 17\u00a0malades de Covid-19\u00a0en moins par rapport \u00e0 hier. En Outre-Mer (Guadeloupe, Guyane, La R\u00e9union, Martinique, Mayotte), on rel\u00e8ve 207 hospitalisations, dont 37 en r\u00e9animation. <strong>La situation \u00e9pid\u00e9mique en Guyane est jug\u00e9e tr\u00e8s pr\u00e9occupante<\/strong> par les autorit\u00e9s sanitaires.\u00a0Depuis le d\u00e9but de l&rsquo;\u00e9pid\u00e9mie, 104 300 personnes ont \u00e9t\u00e9 hospitalis\u00e9es, dont 18 351 en r\u00e9animation. 75 649 personnes sont rentr\u00e9es \u00e0 domicile.<strong> 19 290 personnes sont d\u00e9c\u00e9d\u00e9es au sein des \u00e9tablissements hospitaliers<\/strong>\u00a0et\u00a0<strong>10\u00a0488 en \u00e9tablissements sociaux et m\u00e9dico-sociaux<\/strong>. Les chiffres de mortalit\u00e9 relatifs aux \u00e9tablissements sociaux et m\u00e9dico-sociaux seront actualis\u00e9s par Sant\u00e9 publique France le 30\u00a0juin. La <a href=\"https:\/\/dashboard.covid19.data.gouv.fr\/activite-epidemique?location=FRA\" target=\"_blank\" rel=\"noopener noreferrer\">carte des d\u00e9partements<\/a>\u00a0pr\u00e9sent\u00e9e le 28 mai et en vigueur \u00e0 partir du 2 juin, classent les d\u00e9partements de la France\u00a0en vert ou orange. Cette carte et son classement sont modifi\u00e9s par\u00a0<strong>d\u00e9cision du Pr\u00e9sident Emmanuel Macron : d\u00e8s lundi 15 juin, tous les d\u00e9partements passent en vert, sauf Mayotte et la Guyane.<\/strong><\/p>\n<p><iframe loading=\"lazy\" height=\"1000\" src=\"https:\/\/mapthenews.maps.arcgis.com\/apps\/opsdashboard\/index.html#\/bae8aaa7a0b14261b4621c31db410c44\" style=\"border: 0px\" width=\"600\"><\/iframe><\/p>\n<p>Vendredi 26\u00a0juin,\u00a0le bilan est de<strong>\u00a08 886\u00a0personnes\u00a0hospitalis\u00e9es<\/strong> pour une infection au Covid-19, et 87 nouvelles admissions ont \u00e9t\u00e9 enregistr\u00e9es durant les derni\u00e8res\u00a024\u00a0heures. Le nombre de patients en r\u00e9animation est de\u00a0:<strong>\u00a0634\u00a0patients vendredi 26\u00a0juin<\/strong>.<\/p>\n<p><iframe loading=\"lazy\" height=\"600\" src=\"https:\/\/geodes.santepubliquefrance.fr\/?view=map2&amp;indics=covid_hospit.hosp&amp;serie=2020-04-28&amp;f1code=0&amp;lang=fr&amp;iframe=1\" width=\"600\"><\/iframe><\/p>\n<p><strong>Dans les \u00e9tablissements de sant\u00e9,\u00a0le gouvernement a activ\u00e9 plusieurs plans\u00a0:\u00a0<\/strong><\/p>\n<ul>\n<li>La France applique le<strong>\u00a0<a href=\"https:\/\/sante.journaldesfemmes.fr\/fiches-maladies\/2624681-plan-blanc-elargi-c-est-quoi-hopital-coronavirus-hospitalisation-deprogrammees-non-urgentes\/\" target=\"_blank\" rel=\"noopener noreferrer\">plan blanc<\/a><\/strong><a href=\"https:\/\/sante.journaldesfemmes.fr\/fiches-maladies\/2624681-plan-blanc-elargi-c-est-quoi-hopital-coronavirus-hospitalisation-deprogrammees-non-urgentes\/\" target=\"_blank\" rel=\"noopener noreferrer\"> <\/a>\u00e9largi g\u00e9n\u00e9ralis\u00e9 (plan de mobilisation interne) depuis le 19\u00a0mars, dans tous les \u00e9tablissements de sant\u00e9 (publics et priv\u00e9s), pour mettre en place rapidement des moyens mat\u00e9riel, logistiques et humains indispensables en cas d&rsquo;afflux de patients dans les \u00e9tablissements hospitaliers. Les consultations et les hospitalisations non urgentes sont d\u00e9programm\u00e9es.<\/li>\n<li>La France a d\u00e9clench\u00e9 le <strong><a href=\"https:\/\/sante.journaldesfemmes.fr\/fiches-maladies\/2624771-plan-bleu-c-est-quoi-quelles-maisons-de-retraites-ehpad-coronavirus-jusqu-a-quand-exemple-assouplissement-visite\/\" target=\"_blank\" rel=\"noopener noreferrer\">plan bleu<\/a> dans les Ehpad<\/strong> (Etablissement H\u00e9bergeant des Personnes \u00c2g\u00e9es D\u00e9pendantes) le <strong>6\u00a0mars. <\/strong>Le principe est le m\u00eame que dans les h\u00f4pitaux\u00a0: le chef d&rsquo;\u00e9tablissement doit permettre \u00ab\u00a0<em>la mise en oeuvre rapide et coh\u00e9rente des moyens indispensables pour faire face efficacement \u00e0 une situation exceptionnelle<\/em>\u00ab\u00a0. Le plan bleu peut induire notamment\u00a0\u00ab\u00a0<em>le confinement des r\u00e9sidents, usagers et personnels ; l&rsquo;\u00e9vacuation des r\u00e9sidents, usagers et personnels<\/em>\u00ab\u00a0.<\/li>\n<li>La<strong> <a href=\"https:\/\/sante.journaldesfemmes.fr\/fiches-maladies\/2624921-reserve-sanitaire-coronavirus-s-inscrire-salaire-missions-france-reserviste\/\" target=\"_blank\" rel=\"noopener noreferrer\">r\u00e9serve sanitaire<\/a><\/strong>\u00a0et la r\u00e9serve civique (aide alimentaire d&rsquo;urgence, garde exceptionnelle d&rsquo;enfants, lien avec les personnes fragiles isol\u00e9es, solidarit\u00e9 de proximit\u00e9)\u00a0sont\u00a0aussi mobilis\u00e9es.\u00a0<\/li>\n<\/ul>\n<h3 data-link=\"getSelectedFicIndicLabel()\" style=\"text-align: center;\">Nombre quotidien de personnes nouvellement hospitalis\u00e9es pour covid-19<\/h3>\n<div style=\"text-align:center\">\n<figure class=\"image\" style=\"display:inline-block\"><a class=\"fancy\" href=\"https:\/\/img-3.journaldesfemmes.fr\/dOj5s3ueSqNzsmdkZYyDeksf674=\/1080x\/smart\/703ef101a54941de87fa886328b29b73\/ccmcms-jdf\/16637102.jpg\"><img decoding=\"async\" alt=\"Nombre quotidien de personnes nouvellement hospitalis\u00e9es pour covid-19\" src=\"https:\/\/img-3.journaldesfemmes.fr\/dOj5s3ueSqNzsmdkZYyDeksf674=\/1080x\/smart\/703ef101a54941de87fa886328b29b73\/ccmcms-jdf\/16637102.jpg\"\/><\/a><figcaption data-credit=\"Sant\u00e9 Publique France\" data-legend=\"Nombre quotidien de personnes nouvellement hospitalis\u00e9es pour covid-19\">Nombre quotidien de personnes nouvellement hospitalis\u00e9es pour covid-19 <small>\u00a9\u00a0Sant\u00e9 Publique France<\/small><\/figcaption><\/figure>\n<\/div>\n<p>Selon les <a href=\"https:\/\/www.gouvernement.fr\/info-coronavirus\/carte-et-donnees\">chiffres communiqu\u00e9s par le gouvernement<\/a>, consolid\u00e9s avec l&rsquo;Agence Sant\u00e9 Publique France et\u00a0les ARS (Agences r\u00e9gionales de Sant\u00e9), voici le nombre de personnes hospitalis\u00e9es en France par r\u00e9gion, celles en r\u00e9animation et celles qui sont gu\u00e9ries et ont pu rentrer chez elles. Pour l&rsquo;instant, Sant\u00e9 Publique France\u00a0ne publie plus le nombre de cas recens\u00e9s par r\u00e9gions.<\/p>\n<table border=\"1\" cellpadding=\"1\" cellspacing=\"1\" style=\"width:100%;\">\n<caption>Nombre d&rsquo;hospitalisations et de d\u00e9c\u00e8s \u00e0 l&rsquo;h\u00f4pital \u00e0 cause du coronavirus par r\u00e9gions de France (26 juin 2020)<\/caption>\n<thead>\n<tr>\n<th scope=\"col\" style=\"width: 210px;\">R\u00e9gions<\/th>\n<th scope=\"col\" style=\"width: 217px;\">Personnes hospitalis\u00e9es<\/th>\n<th scope=\"col\" style=\"width: 230px;\">R\u00e9animations<\/th>\n<th scope=\"col\" style=\"width: 236px;\">Retours \u00e0 domicile<\/th>\n<th scope=\"col\" style=\"width: 236px;\">D\u00e9c\u00e8s \u00e0 l&rsquo;h\u00f4pital<\/th>\n<\/tr>\n<\/thead>\n<tbody>\n<tr>\n<td style=\"width: 210px;\"><b>\u00cele-de-France<\/b><\/td>\n<td style=\"width: 217px;\">4 038<\/td>\n<td style=\"width: 230px;\">313<\/td>\n<td style=\"width: 236px;\">27 420<\/td>\n<td style=\"width: 236px;\">7 425<\/td>\n<\/tr>\n<tr>\n<td style=\"width: 210px;\"><strong>Grand Est<\/strong><\/td>\n<td style=\"width: 217px;\">1 177<\/td>\n<td style=\"width: 230px;\">56<\/td>\n<td style=\"width: 236px;\">12 039<\/td>\n<td style=\"width: 236px;\">3 556<\/td>\n<\/tr>\n<tr>\n<td style=\"width: 210px;\"><strong>Auvergne-Rh\u00f4ne-Alpes<\/strong><\/td>\n<td style=\"width: 217px;\">543<\/td>\n<td style=\"width: 230px;\">30<\/td>\n<td style=\"width: 236px;\">7 649<\/td>\n<td style=\"width: 236px;\">1 729<\/td>\n<\/tr>\n<tr>\n<td style=\"width: 210px;\"><strong>Hauts-de-France<\/strong><\/td>\n<td style=\"width: 217px;\">1 023<\/td>\n<td style=\"width: 230px;\">67<\/td>\n<td style=\"width: 236px;\">6 271<\/td>\n<td style=\"width: 236px;\">1 827<\/td>\n<\/tr>\n<tr>\n<td style=\"width: 210px;\"><strong>Bourgogne-Franche-Comt\u00e9<\/strong><\/td>\n<td style=\"width: 217px;\">158<\/td>\n<td style=\"width: 230px;\">12<\/td>\n<td style=\"width: 236px;\">3 821<\/td>\n<td style=\"width: 236px;\">1 037<\/td>\n<\/tr>\n<tr>\n<td style=\"width: 210px;\"><strong>Provence-Alpes-C\u00f4te d&rsquo;Azur<\/strong><\/td>\n<td style=\"width: 217px;\">568<\/td>\n<td style=\"width: 230px;\">33<\/td>\n<td style=\"width: 236px;\">5 335<\/td>\n<td style=\"width: 236px;\">943<\/td>\n<\/tr>\n<tr>\n<td style=\"width: 210px;\"><strong>Occitanie<\/strong><\/td>\n<td style=\"width: 217px;\">85<\/td>\n<td style=\"width: 230px;\">11<\/td>\n<td style=\"width: 236px;\">2 864<\/td>\n<td style=\"width: 236px;\">511<\/td>\n<\/tr>\n<tr>\n<td style=\"width: 210px;\"><strong>Bretagne<\/strong><\/td>\n<td style=\"width: 217px;\">97<\/td>\n<td style=\"width: 230px;\">3<\/td>\n<td style=\"width: 236px;\">1 260<\/td>\n<td style=\"width: 236px;\">259<\/td>\n<\/tr>\n<tr>\n<td style=\"width: 210px;\"><strong>Nouvelle-Aquitaine<\/strong><\/td>\n<td style=\"width: 217px;\">105<\/td>\n<td style=\"width: 230px;\">12<\/td>\n<td style=\"width: 236px;\">2 152<\/td>\n<td style=\"width: 236px;\">413<\/td>\n<\/tr>\n<tr>\n<td style=\"width: 210px;\"><strong><a href=\"http:\/\/www.affinite.fr\/index.php\/2024\/11\/21\/construire-votre-maison-en-normandie\/\">Normandie<\/a><\/strong><\/td>\n<td style=\"width: 217px;\">233<\/td>\n<td style=\"width: 230px;\">8<\/td>\n<td style=\"width: 236px;\">1 626<\/td>\n<td style=\"width: 236px;\">431<\/td>\n<\/tr>\n<tr>\n<td style=\"width: 210px;\"><strong>Centre Val-de-Loire<\/strong><\/td>\n<td style=\"width: 217px;\">426<\/td>\n<td style=\"width: 230px;\">18<\/td>\n<td style=\"width: 236px;\">1 939<\/td>\n<td style=\"width: 236px;\">545<\/td>\n<\/tr>\n<tr>\n<td style=\"width: 210px;\"><strong>Pays de la Loire<\/strong><\/td>\n<td style=\"width: 217px;\">164<\/td>\n<td style=\"width: 230px;\">5<\/td>\n<td style=\"width: 236px;\">2 054<\/td>\n<td style=\"width: 236px;\">467<\/td>\n<\/tr>\n<tr>\n<td style=\"width: 210px;\"><strong>Corse<\/strong><\/td>\n<td style=\"width: 217px;\">14<\/td>\n<td style=\"width: 230px;\">1<\/td>\n<td style=\"width: 236px;\">244<\/td>\n<td style=\"width: 236px;\">59<\/td>\n<\/tr>\n<tr>\n<td style=\"width: 210px;\"><strong>Martinique<\/strong><\/td>\n<td style=\"width: 217px;\">14<\/td>\n<td style=\"width: 230px;\">5<\/td>\n<td style=\"width: 236px;\">89<\/td>\n<td style=\"width: 236px;\">14<\/td>\n<\/tr>\n<tr>\n<td style=\"width: 210px;\"><strong>Guadeloupe<\/strong><\/td>\n<td style=\"width: 217px;\">8<\/td>\n<td style=\"width: 230px;\">2<\/td>\n<td style=\"width: 236px;\">80<\/td>\n<td style=\"width: 236px;\">15<\/td>\n<\/tr>\n<tr>\n<td style=\"width: 210px;\"><strong>La R\u00e9union<\/strong><\/td>\n<td style=\"width: 217px;\">21<\/td>\n<td style=\"width: 230px;\">3<\/td>\n<td style=\"width: 236px;\">136<\/td>\n<td style=\"width: 236px;\">1<\/td>\n<\/tr>\n<tr>\n<td style=\"width: 210px;\"><strong>Guyane<\/strong><\/td>\n<td style=\"width: 217px;\">128<\/td>\n<td style=\"width: 230px;\">21<\/td>\n<td style=\"width: 236px;\">311<\/td>\n<td style=\"width: 236px;\">11<\/td>\n<\/tr>\n<tr>\n<td style=\"width: 210px;\"><strong>Mayotte<\/strong><\/td>\n<td style=\"width: 217px;\">36<\/td>\n<td style=\"width: 230px;\">6<\/td>\n<td style=\"width: 236px;\">349<\/td>\n<td style=\"width: 236px;\">27<\/td>\n<\/tr>\n<tr>\n<td style=\"width: 210px;\"><strong>TOTAL<\/strong><\/td>\n<td style=\"width: 217px;\"><b>8 886<\/b><\/td>\n<td style=\"width: 230px;\"><b>634<\/b><\/td>\n<td style=\"width: 236px;\"><b>75 649<\/b><\/td>\n<td style=\"width: 236px;\"><strong>19 290<\/strong><\/td>\n<\/tr>\n<\/tbody>\n<\/table>\n<blockquote>\n<p style=\"text-align: right;\">\u00a0<\/p>\n<\/blockquote>\n<p>Les personnes \u00e2g\u00e9es sont plus \u00e0 risque de d\u00e9c\u00e8s face au coronavirus. Au 26\u00a0juin,\u00a0on compte toujours<strong>\u00a010 488\u00a0d\u00e9c\u00e8s <\/strong>dans les \u00e9tablissements sociaux et m\u00e9dico-sociaux et Ehpad (Etablissement d&rsquo;h\u00e9bergement pour personnes \u00e2g\u00e9es d\u00e9pendantes) sur 29 778 en France.\u00a0Les chiffres de mortalit\u00e9 relatifs aux \u00e9tablissements sociaux et m\u00e9dico-sociaux seront actualis\u00e9s par Sant\u00e9 publique France le 30\u00a0juin. La proportion de nouveaux cas confirm\u00e9s chez les r\u00e9sidents en EHPAD est rest\u00e9 faible sur les 14\u00a0derniers jours (semaines 22\u00a0et 23\u00a0: du 25\u00a0mai au 7\u00a0juin 2020, indique Sant\u00e9 Publique France dans son bilan du 11 juin. Et le nombre de d\u00e9c\u00e8s chez les r\u00e9sidents d\u00e9cro\u00eet depuis avril. Le chef de l&rsquo;Etat <strong>Emmanuel Macron a ainsi annonc\u00e9 le 14\u00a0juin que les visites des proches (sans rendez-vous) \u00e9taient de nouveau autoris\u00e9es.\u00a0<\/strong>Selon les <a href=\"https:\/\/www.gouvernement.fr\/info-coronavirus\/carte-et-donnees\" target=\"_blank\" rel=\"noopener noreferrer\">donn\u00e9es du gouvernement<\/a>, il y aurait <strong>74 898 cas <\/strong>dont<strong>\u00a037 995 cas\u00a0confirm\u00e9s<\/strong> par tests PCR dans plus de 7 000\u00a0\u00e9tablissements sociaux et m\u00e9dico-sociaux depuis le d\u00e9but de l&rsquo;\u00e9pid\u00e9mie.<\/p>\n<p>Le premier d\u00e9c\u00e8s du coronavirus est survenu \u00e0 Paris le 14\u00a0f\u00e9vrier, il s&rsquo;agissait d&rsquo;un\u00a0patient chinois de 80\u00a0ans.<strong>\u00a0<\/strong>Au 26\u00a0juin 2020,<strong>\u00a029 778\u00a0<\/strong><strong>d\u00e9c\u00e8s <\/strong>sont li\u00e9s au COVID 19\u00a0en France (26 en plus que la veille) :\u00a019 290 d\u00e9c\u00e8s dans les h\u00f4pitaux et\u00a010\u00a0488 d\u00e9c\u00e8s dans les \u00e9tablissements sociaux et m\u00e9dicosociaux (ESMS). 54% sont des hommes.<\/p>\n<p><iframe loading=\"lazy\" height=\"600\" src=\"https:\/\/geodes.santepubliquefrance.fr\/?view=map2&amp;indics=covid_hospit.dc&amp;serie=2020-04-28&amp;f1code=0&amp;lang=fr&amp;iframe=1\" width=\"600\"><\/iframe><\/p>\n<table border=\"1\" cellpadding=\"1\" cellspacing=\"1\" style=\"width:100%;\">\n<caption>Evolution du nombre de d\u00e9c\u00e8s par Covid-19 dans les h\u00f4pitaux en France (Source : G\u00e9odes Sant\u00e9 Publique France).<\/caption>\n<tbody>\n<tr>\n<td style=\"text-align: center; width: 256px;\"><strong>DATE<\/strong><\/td>\n<td style=\"text-align: center; width: 426px;\"><strong>Nombre de nouveaux d\u00e9c\u00e8s dans les h\u00f4pitaux sur la journ\u00e9e<\/strong><\/td>\n<td style=\"text-align: center; width: 316px;\"><strong>Nombre total de d\u00e9c\u00e8s<\/strong><\/td>\n<\/tr>\n<tr>\n<td style=\"width: 256px;\"><strong>15\u00a0mars<\/strong><\/td>\n<td style=\"text-align: center; width: 426px;\">36<\/td>\n<td style=\"text-align: center; width: 316px;\">101<\/td>\n<\/tr>\n<tr>\n<td style=\"width: 256px;\"><strong>16\u00a0mars<\/strong><\/td>\n<td style=\"text-align: center; width: 426px;\">21<\/td>\n<td style=\"text-align: center; width: 316px;\">122<\/td>\n<\/tr>\n<tr>\n<td style=\"width: 256px;\"><strong>17\u00a0mars<\/strong><\/td>\n<td style=\"text-align: center; width: 426px;\">27<\/td>\n<td style=\"text-align: center; width: 316px;\">149<\/td>\n<\/tr>\n<tr>\n<td style=\"width: 256px;\"><strong>18\u00a0mars<\/strong><\/td>\n<td style=\"text-align: center; width: 426px;\">69<\/td>\n<td style=\"text-align: center; width: 316px;\">218<\/td>\n<\/tr>\n<tr>\n<td style=\"width: 256px;\"><strong>19\u00a0mars<\/strong><\/td>\n<td style=\"text-align: center; width: 426px;\">109<\/td>\n<td style=\"text-align: center; width: 316px;\">327<\/td>\n<\/tr>\n<tr>\n<td style=\"width: 256px;\"><strong>20\u00a0mars\u00a0<\/strong><\/td>\n<td style=\"text-align: center; width: 426px;\">123<\/td>\n<td style=\"text-align: center; width: 316px;\">450<\/td>\n<\/tr>\n<tr>\n<td style=\"width: 256px;\"><strong>21\u00a0mars<\/strong><\/td>\n<td style=\"text-align: center; width: 426px;\">75<\/td>\n<td style=\"text-align: center; width: 316px;\">525<\/td>\n<\/tr>\n<tr>\n<td style=\"width: 256px;\"><strong>22\u00a0mars<\/strong><\/td>\n<td style=\"text-align: center; width: 426px;\">107<\/td>\n<td style=\"text-align: center; width: 316px;\">632<\/td>\n<\/tr>\n<tr>\n<td style=\"width: 256px;\"><strong>23\u00a0mars<\/strong><\/td>\n<td style=\"text-align: center; width: 426px;\">228<\/td>\n<td style=\"text-align: center; width: 316px;\">860<\/td>\n<\/tr>\n<tr>\n<td style=\"width: 256px;\"><strong>24\u00a0mars<\/strong><\/td>\n<td style=\"text-align: center; width: 426px;\">240<\/td>\n<td style=\"text-align: center; width: 316px;\">1100<\/td>\n<\/tr>\n<tr>\n<td style=\"width: 256px;\"><strong>25\u00a0mars<\/strong><\/td>\n<td style=\"text-align: center; width: 426px;\">288<\/td>\n<td style=\"text-align: center; width: 316px;\">1388<\/td>\n<\/tr>\n<tr>\n<td style=\"width: 256px;\"><strong>26\u00a0mars<\/strong><\/td>\n<td style=\"text-align: center; width: 426px;\">308<\/td>\n<td style=\"text-align: center; width: 316px;\">1696<\/td>\n<\/tr>\n<tr>\n<td style=\"width: 256px;\"><strong>27\u00a0mars<\/strong><\/td>\n<td style=\"text-align: center; width: 426px;\">299<\/td>\n<td style=\"text-align: center; width: 316px;\">1995<\/td>\n<\/tr>\n<tr>\n<td style=\"width: 256px;\"><strong>28\u00a0mars<\/strong><\/td>\n<td style=\"text-align: center; width: 426px;\">319<\/td>\n<td style=\"text-align: center; width: 316px;\">2314<\/td>\n<\/tr>\n<tr>\n<td style=\"width: 256px;\"><strong>29\u00a0mars<\/strong><\/td>\n<td style=\"text-align: center; width: 426px;\">292<\/td>\n<td style=\"text-align: center; width: 316px;\">2606<\/td>\n<\/tr>\n<tr>\n<td style=\"width: 256px;\"><strong>30\u00a0mars<\/strong><\/td>\n<td style=\"text-align: center; width: 426px;\">418<\/td>\n<td style=\"text-align: center; width: 316px;\">3024<\/td>\n<\/tr>\n<tr>\n<td style=\"width: 256px;\"><strong>31\u00a0mars<\/strong><\/td>\n<td style=\"text-align: center; width: 426px;\">499<\/td>\n<td style=\"text-align: center; width: 316px;\">3523<\/td>\n<\/tr>\n<tr>\n<td style=\"width: 256px;\"><strong>01 avril<\/strong><\/td>\n<td style=\"text-align: center; width: 426px;\">509<\/td>\n<td style=\"text-align: center; width: 316px;\">4032<\/td>\n<\/tr>\n<tr>\n<td style=\"width: 256px;\"><strong>02 avril<\/strong><\/td>\n<td style=\"text-align: center; width: 426px;\">471<\/td>\n<td style=\"text-align: center; width: 316px;\">4 503<\/td>\n<\/tr>\n<tr>\n<td style=\"width: 256px;\"><strong>03 avril<\/strong><\/td>\n<td style=\"text-align: center; width: 426px;\">588<\/td>\n<td style=\"text-align: center; width: 316px;\">5 091<\/td>\n<\/tr>\n<tr>\n<td style=\"width: 256px;\"><strong>04 avril<\/strong><\/td>\n<td style=\"text-align: center; width: 426px;\">441<\/td>\n<td style=\"text-align: center; width: 316px;\">5 532<\/td>\n<\/tr>\n<tr>\n<td style=\"width: 256px;\"><strong>05 avril<\/strong><\/td>\n<td style=\"text-align: center; width: 426px;\">357<\/td>\n<td style=\"text-align: center; width: 316px;\">5 889<\/td>\n<\/tr>\n<tr>\n<td style=\"width: 256px;\"><strong>06\u00a0avril<\/strong><\/td>\n<td style=\"text-align: center; width: 426px;\">605<\/td>\n<td style=\"text-align: center; width: 316px;\">6 494<\/td>\n<\/tr>\n<tr>\n<td style=\"width: 256px;\"><strong>07 avril<\/strong><\/td>\n<td style=\"text-align: center; width: 426px;\">597<\/td>\n<td style=\"text-align: center; width: 316px;\">7\u00a0091<\/td>\n<\/tr>\n<tr>\n<td style=\"width: 256px;\"><strong>08 avril<\/strong><\/td>\n<td style=\"text-align: center; width: 426px;\">541<\/td>\n<td style=\"text-align: center; width: 316px;\">7\u00a0632<\/td>\n<\/tr>\n<tr>\n<td style=\"width: 256px;\"><strong>09 avril<\/strong><\/td>\n<td style=\"text-align: center; width: 426px;\">412<\/td>\n<td style=\"text-align: center; width: 316px;\">8 044<\/td>\n<\/tr>\n<tr>\n<td style=\"width: 256px;\"><b>10 avril<\/b><\/td>\n<td style=\"text-align: center; width: 426px;\">554<\/td>\n<td style=\"text-align: center; width: 316px;\">8 698<\/td>\n<\/tr>\n<tr>\n<td style=\"width: 256px;\"><b>11 avril<\/b><\/td>\n<td style=\"text-align: center; width: 426px;\">345<\/td>\n<td style=\"text-align: center; width: 316px;\">8 943<\/td>\n<\/tr>\n<tr>\n<td style=\"width: 256px;\"><strong>12\u00a0avril<\/strong><\/td>\n<td style=\"text-align: center; width: 426px;\">310<\/td>\n<td style=\"text-align: center; width: 316px;\">9 253<\/td>\n<\/tr>\n<tr>\n<td style=\"width: 256px;\"><strong>13\u00a0avril<\/strong><\/td>\n<td style=\"text-align: center; width: 426px;\">335<\/td>\n<td style=\"text-align: center; width: 316px;\">9\u00a0588<\/td>\n<\/tr>\n<tr>\n<td style=\"width: 256px;\"><strong>14 avril<\/strong><\/td>\n<td style=\"text-align: center; width: 426px;\">541<\/td>\n<td style=\"text-align: center; width: 316px;\">10 129<\/td>\n<\/tr>\n<tr>\n<td style=\"width: 256px;\"><strong>15 avril<\/strong><\/td>\n<td style=\"text-align: center; width: 426px;\">514<\/td>\n<td style=\"text-align: center; width: 316px;\">10 643<\/td>\n<\/tr>\n<tr>\n<td style=\"width: 256px;\"><strong>16 avril<\/strong><\/td>\n<td style=\"text-align: center; width: 426px;\">417<\/td>\n<td style=\"text-align: center; width: 316px;\">11 060<\/td>\n<\/tr>\n<tr>\n<td style=\"width: 256px;\"><strong>17 avril<\/strong><\/td>\n<td style=\"text-align: center; width: 426px;\">418<\/td>\n<td style=\"text-align: center; width: 316px;\">11 478<\/td>\n<\/tr>\n<tr>\n<td style=\"width: 256px;\"><strong>18 avril<\/strong><\/td>\n<td style=\"text-align: center; width: 426px;\">364<\/td>\n<td style=\"text-align: center; width: 316px;\">11 842<\/td>\n<\/tr>\n<tr>\n<td style=\"width: 256px;\"><strong>19 avril<\/strong><\/td>\n<td style=\"text-align: center; width: 426px;\">227<\/td>\n<td style=\"text-align: center; width: 316px;\">12 069<\/td>\n<\/tr>\n<tr>\n<td style=\"width: 256px;\"><strong>20 avril<\/strong><\/td>\n<td style=\"text-align: center; width: 426px;\">444<\/td>\n<td style=\"text-align: center; width: 316px;\">12 513<\/td>\n<\/tr>\n<tr>\n<td style=\"width: 256px;\"><strong>21 avril<\/strong><\/td>\n<td style=\"text-align: center; width: 426px;\">387<\/td>\n<td style=\"text-align: center; width: 316px;\">12 900<\/td>\n<\/tr>\n<tr>\n<td style=\"width: 256px;\"><strong>22 avril<\/strong><\/td>\n<td style=\"text-align: center; width: 426px;\">336<\/td>\n<td style=\"text-align: center; width: 316px;\">13 236<\/td>\n<\/tr>\n<tr>\n<td style=\"width: 256px;\"><strong>23 avril<\/strong><\/td>\n<td style=\"text-align: center; width: 426px;\">311<\/td>\n<td style=\"text-align: center; width: 316px;\">13 547<\/td>\n<\/tr>\n<tr>\n<td style=\"width: 256px;\"><strong>24 avril<\/strong><\/td>\n<td style=\"text-align: center; width: 426px;\">305<\/td>\n<td style=\"text-align: center; width: 316px;\">13 852<\/td>\n<\/tr>\n<tr>\n<td style=\"width: 256px;\"><strong>25 avril<\/strong><\/td>\n<td style=\"text-align: center; width: 426px;\">198<\/td>\n<td style=\"text-align: center; width: 316px;\">14 050<\/td>\n<\/tr>\n<tr>\n<td style=\"width: 256px;\"><strong>26 avril<\/strong><\/td>\n<td style=\"text-align: center; width: 426px;\">152<\/td>\n<td style=\"text-align: center; width: 316px;\">14 202<\/td>\n<\/tr>\n<tr>\n<td style=\"width: 256px;\"><strong>27 avril<\/strong><\/td>\n<td style=\"text-align: center; width: 426px;\">295<\/td>\n<td style=\"text-align: center; width: 316px;\">14 497<\/td>\n<\/tr>\n<tr>\n<td style=\"width: 256px;\"><strong>28 avril<\/strong><\/td>\n<td style=\"text-align: center; width: 426px;\">313<\/td>\n<td style=\"text-align: center; width: 316px;\">14 810<\/td>\n<\/tr>\n<tr>\n<td style=\"width: 256px;\"><strong>29 avril<\/strong><\/td>\n<td style=\"text-align: center; width: 426px;\">243<\/td>\n<td style=\"text-align: center; width: 316px;\">15 053<\/td>\n<\/tr>\n<tr>\n<td style=\"width: 256px;\"><strong>30 avril<\/strong><\/td>\n<td style=\"text-align: center; width: 426px;\">191<\/td>\n<td style=\"text-align: center; width: 316px;\">15 244<\/td>\n<\/tr>\n<tr>\n<td style=\"width: 256px;\"><strong>1er mai<\/strong><\/td>\n<td style=\"text-align: center; width: 426px;\">125<\/td>\n<td style=\"text-align: center; width: 316px;\">15 369<\/td>\n<\/tr>\n<tr>\n<td style=\"width: 256px;\"><strong>2 mai<\/strong><\/td>\n<td style=\"text-align: center; width: 426px;\">118<\/td>\n<td style=\"text-align: center; width: 316px;\">15 487<\/td>\n<\/tr>\n<tr>\n<td style=\"width: 256px;\"><strong>3 mai<\/strong><\/td>\n<td style=\"text-align: center; width: 426px;\">96<\/td>\n<td style=\"text-align: center; width: 316px;\">15 583<\/td>\n<\/tr>\n<tr>\n<td style=\"width: 256px;\"><strong>4\u00a0<\/strong><strong>mai<\/strong><\/td>\n<td style=\"text-align: center; width: 426px;\">243<\/td>\n<td style=\"text-align: center; width: 316px;\">15\u00a0826<\/td>\n<\/tr>\n<tr>\n<td style=\"width: 256px;\"><strong>5\u00a0<\/strong><strong>mai<\/strong><\/td>\n<td style=\"text-align: center; width: 426px;\">234<\/td>\n<td style=\"text-align: center; width: 316px;\">16 060<\/td>\n<\/tr>\n<tr>\n<td style=\"width: 256px;\"><strong>6 mai<\/strong><\/td>\n<td style=\"text-align: center; width: 426px;\">177<\/td>\n<td style=\"text-align: center; width: 316px;\">16 237<\/td>\n<\/tr>\n<tr>\n<td style=\"width: 256px;\"><strong>7 mai<\/strong><\/td>\n<td style=\"text-align: center; width: 426px;\">149<\/td>\n<td style=\"text-align: center; width: 316px;\">16\u00a0386<\/td>\n<\/tr>\n<tr>\n<td style=\"width: 256px;\"><strong>8 mai<\/strong><\/td>\n<td style=\"text-align: center; width: 426px;\">118<\/td>\n<td style=\"text-align: center; width: 316px;\">16\u00a0497<\/td>\n<\/tr>\n<tr>\n<td style=\"width: 256px;\"><strong>9 mai<\/strong><\/td>\n<td style=\"text-align: center; width: 426px;\">76<\/td>\n<td style=\"text-align: center; width: 316px;\">16\u00a0573<\/td>\n<\/tr>\n<tr>\n<td style=\"width: 256px;\"><strong>10 mai<\/strong><\/td>\n<td style=\"text-align: center; width: 426px;\">70<\/td>\n<td style=\"text-align: center; width: 316px;\">16 642<\/td>\n<\/tr>\n<tr>\n<td style=\"width: 256px;\"><strong>11 mai<\/strong><\/td>\n<td style=\"text-align: center; width: 426px;\">178<\/td>\n<td style=\"text-align: center; width: 316px;\">16\u00a0820<\/td>\n<\/tr>\n<tr>\n<td style=\"width: 256px;\"><strong>12 mai<\/strong><\/td>\n<td style=\"text-align: center; width: 426px;\">183<\/td>\n<td style=\"text-align: center; width: 316px;\">17 003<\/td>\n<\/tr>\n<tr>\n<td style=\"width: 256px;\"><strong>13 mai<\/strong><\/td>\n<td style=\"text-align: center; width: 426px;\">98<\/td>\n<td style=\"text-align: center; width: 316px;\">17 101<\/td>\n<\/tr>\n<tr>\n<td style=\"width: 256px;\"><strong>14 mai<\/strong><\/td>\n<td style=\"text-align: center; width: 426px;\">123<\/td>\n<td style=\"text-align: center; width: 316px;\">17\u00a0224<\/td>\n<\/tr>\n<tr>\n<td style=\"width: 256px;\"><strong>15 mai<\/strong><\/td>\n<td style=\"text-align: center; width: 426px;\">104<\/td>\n<td style=\"text-align: center; width: 316px;\">17 342<\/td>\n<\/tr>\n<tr>\n<td style=\"width: 256px;\"><strong>16 mai<\/strong><\/td>\n<td style=\"text-align: center; width: 426px;\">96<\/td>\n<td style=\"text-align: center; width: 316px;\">17 412<\/td>\n<\/tr>\n<tr>\n<td style=\"width: 256px;\"><strong>17 mai<\/strong><\/td>\n<td style=\"text-align: center; width: 426px;\">54<\/td>\n<td style=\"text-align: center; width: 316px;\">17 466<\/td>\n<\/tr>\n<tr>\n<td style=\"width: 256px;\"><strong>18 mai<\/strong><\/td>\n<td style=\"text-align: center; width: 426px;\">123<\/td>\n<td style=\"text-align: center; width: 316px;\">17 589<\/td>\n<\/tr>\n<tr>\n<td style=\"width: 256px;\"><strong>19 mai<\/strong><\/td>\n<td style=\"text-align: center; width: 426px;\">125<\/td>\n<td style=\"text-align: center; width: 316px;\">17 714<\/td>\n<\/tr>\n<tr>\n<td style=\"width: 256px;\"><strong>20 mai<\/strong><\/td>\n<td style=\"text-align: center; width: 426px;\">98<\/td>\n<td style=\"text-align: center; width: 316px;\">17 812<\/td>\n<\/tr>\n<tr>\n<td style=\"width: 256px;\"><strong>21 mai<\/strong><\/td>\n<td style=\"text-align: center; width: 426px;\">58<\/td>\n<td style=\"text-align: center; width: 316px;\">17\u00a0870<\/td>\n<\/tr>\n<tr>\n<td style=\"width: 256px;\"><strong>22 mai<\/strong><\/td>\n<td style=\"text-align: center; width: 426px;\">74<\/td>\n<td style=\"text-align: center; width: 316px;\">17\u00a0944<\/td>\n<\/tr>\n<tr>\n<td style=\"width: 256px;\"><strong>23 mai<\/strong><\/td>\n<td style=\"text-align: center; width: 426px;\">43<\/td>\n<td style=\"text-align: center; width: 316px;\">17\u00a0987<\/td>\n<\/tr>\n<tr>\n<td style=\"width: 256px;\"><strong>24 mai<\/strong><\/td>\n<td style=\"text-align: center; width: 426px;\">35<\/td>\n<td style=\"text-align: center; width: 316px;\">18 022<\/td>\n<\/tr>\n<tr>\n<td style=\"width: 256px;\"><strong>25 mai<\/strong><\/td>\n<td style=\"text-align: center; width: 426px;\">90<\/td>\n<td style=\"text-align: center; width: 316px;\">18 112<\/td>\n<\/tr>\n<tr>\n<td style=\"width: 256px;\"><strong>26 mai<\/strong><\/td>\n<td style=\"text-align: center; width: 426px;\">83<\/td>\n<td style=\"text-align: center; width: 316px;\">18 195<\/td>\n<\/tr>\n<tr>\n<td style=\"width: 256px;\"><strong>27 mai<\/strong><\/td>\n<td style=\"text-align: center; width: 426px;\">65<\/td>\n<td style=\"text-align: center; width: 316px;\">18 260<\/td>\n<\/tr>\n<tr>\n<td style=\"width: 256px;\"><strong>28 mai<\/strong><\/td>\n<td style=\"text-align: center; width: 426px;\">66<\/td>\n<td style=\"text-align: center; width: 316px;\">18 326<\/td>\n<\/tr>\n<tr>\n<td style=\"width: 256px;\"><strong>29 mai<\/strong><\/td>\n<td style=\"text-align: center; width: 426px;\">61<\/td>\n<td style=\"text-align: center; width: 316px;\">18 387<\/td>\n<\/tr>\n<tr>\n<td style=\"width: 256px;\"><strong>30 mai<\/strong><\/td>\n<td style=\"text-align: center; width: 426px;\">57<\/td>\n<td style=\"text-align: center; width: 316px;\">18\u00a0444<\/td>\n<\/tr>\n<tr>\n<td style=\"width: 256px;\"><strong>31 mai<\/strong><\/td>\n<td style=\"text-align: center; width: 426px;\">31<\/td>\n<td style=\"text-align: center; width: 316px;\">18\u00a0475<\/td>\n<\/tr>\n<tr>\n<td style=\"width: 256px;\"><strong>1 juin<\/strong><\/td>\n<td style=\"text-align: center; width: 426px;\">31<\/td>\n<td style=\"text-align: center; width: 316px;\">18 506<\/td>\n<\/tr>\n<tr>\n<td style=\"width: 256px;\"><strong>2\u00a0juin<\/strong><\/td>\n<td style=\"text-align: center; width: 426px;\">84<\/td>\n<td style=\"text-align: center; width: 316px;\">18\u00a0590<\/td>\n<\/tr>\n<tr>\n<td style=\"width: 256px;\"><strong>3 juin<\/strong><\/td>\n<td style=\"text-align: center; width: 426px;\">81<\/td>\n<td style=\"text-align: center; width: 316px;\">18 671<\/td>\n<\/tr>\n<tr>\n<td style=\"width: 256px;\"><strong>4 juin<\/strong><\/td>\n<td style=\"text-align: center; width: 426px;\">44<\/td>\n<td style=\"text-align: center; width: 316px;\">18 715<\/td>\n<\/tr>\n<tr>\n<td style=\"width: 256px;\"><strong>5\u00a0juin<\/strong><\/td>\n<td style=\"text-align: center; width: 426px;\">46<\/td>\n<td style=\"text-align: center; width: 316px;\">18\u00a0761<\/td>\n<\/tr>\n<tr>\n<td style=\"width: 256px;\"><strong>6 juin<\/strong><\/td>\n<td style=\"text-align: center; width: 426px;\">31<\/td>\n<td style=\"text-align: center; width: 316px;\">18\u00a0792<\/td>\n<\/tr>\n<tr>\n<td style=\"width: 256px;\"><strong>7 juin<\/strong><\/td>\n<td style=\"text-align: center; width: 426px;\">13<\/td>\n<td style=\"text-align: center; width: 316px;\">18 805<\/td>\n<\/tr>\n<tr>\n<td style=\"width: 256px;\"><strong>8 juin<\/strong><\/td>\n<td style=\"text-align: center; width: 426px;\">54<\/td>\n<td style=\"text-align: center; width: 316px;\">18\u00a0859<\/td>\n<\/tr>\n<tr>\n<td style=\"width: 256px;\"><strong>9 juin<\/strong><\/td>\n<td style=\"text-align: center; width: 426px;\">53<\/td>\n<td style=\"text-align: center; width: 316px;\">18 912<\/td>\n<\/tr>\n<tr>\n<td style=\"width: 256px;\"><strong>10 juin<\/strong><\/td>\n<td style=\"text-align: center; width: 426px;\">23<\/td>\n<td style=\"text-align: center; width: 316px;\">18 935<\/td>\n<\/tr>\n<tr>\n<td style=\"width: 256px;\"><strong>11 juin<\/strong><\/td>\n<td style=\"text-align: center; width: 426px;\">27<\/td>\n<td style=\"text-align: center; width: 316px;\">18 962<\/td>\n<\/tr>\n<tr>\n<td style=\"width: 256px;\"><strong>12 juin<\/strong><\/td>\n<td style=\"text-align: center; width: 426px;\">28<\/td>\n<td style=\"text-align: center; width: 316px;\">18\u00a0990<\/td>\n<\/tr>\n<tr>\n<td style=\"width: 256px;\"><strong>13 juin<\/strong><\/td>\n<td style=\"text-align: center; width: 426px;\">24<\/td>\n<td style=\"text-align: center; width: 316px;\">19 014<\/td>\n<\/tr>\n<tr>\n<td style=\"width: 256px;\"><strong>14 juin<\/strong><\/td>\n<td style=\"text-align: center; width: 426px;\">9<\/td>\n<td style=\"text-align: center; width: 316px;\">19\u00a0023<\/td>\n<\/tr>\n<tr>\n<td style=\"width: 256px;\"><strong>15 juin<\/strong><\/td>\n<td style=\"text-align: center; width: 426px;\">29<\/td>\n<td style=\"text-align: center; width: 316px;\">19\u00a0052<\/td>\n<\/tr>\n<tr>\n<td style=\"width: 256px;\"><strong>16 juin<\/strong><\/td>\n<td style=\"text-align: center; width: 426px;\">38<\/td>\n<td style=\"text-align: center; width: 316px;\">19\u00a0090<\/td>\n<\/tr>\n<tr>\n<td style=\"width: 256px;\"><strong>17 juin<\/strong><\/td>\n<td style=\"text-align: center; width: 426px;\">28<\/td>\n<td style=\"text-align: center; width: 316px;\">19 118<\/td>\n<\/tr>\n<tr>\n<td style=\"width: 256px;\"><strong>18 juin<\/strong><\/td>\n<td style=\"text-align: center; width: 426px;\">28<\/td>\n<td style=\"text-align: center; width: 316px;\">19\u00a0146<\/td>\n<\/tr>\n<tr>\n<td style=\"width: 256px;\"><strong>19 juin<\/strong><\/td>\n<td style=\"text-align: center; width: 426px;\">14<\/td>\n<td style=\"text-align: center; width: 316px;\">19\u00a0160<\/td>\n<\/tr>\n<tr>\n<td style=\"width: 256px;\"><strong>20 juin<\/strong><\/td>\n<td style=\"text-align: center; width: 426px;\">16<\/td>\n<td style=\"text-align: center; width: 316px;\">19\u00a0176<\/td>\n<\/tr>\n<tr>\n<td style=\"width: 256px;\"><strong>21 juin<\/strong><\/td>\n<td style=\"text-align: center; width: 426px;\">7<\/td>\n<td style=\"text-align: center; width: 316px;\">19\u00a0183<\/td>\n<\/tr>\n<tr>\n<td style=\"width: 256px;\"><strong>22 juin<\/strong><\/td>\n<td style=\"text-align: center; width: 426px;\">23<\/td>\n<td style=\"text-align: center; width: 316px;\">19 206<\/td>\n<\/tr>\n<tr>\n<td style=\"width: 256px;\"><strong>23 juin<\/strong><\/td>\n<td style=\"text-align: center; width: 426px;\">26<\/td>\n<td style=\"text-align: center; width: 316px;\">19 232<\/td>\n<\/tr>\n<tr>\n<td style=\"width: 256px;\"><strong>24 juin<\/strong><\/td>\n<td style=\"text-align: center; width: 426px;\">11<\/td>\n<td style=\"text-align: center; width: 316px;\">19\u00a0243<\/td>\n<\/tr>\n<tr>\n<td style=\"width: 256px;\"><strong>25 juin<\/strong><\/td>\n<td style=\"text-align: center; width: 426px;\">21<\/td>\n<td style=\"text-align: center; width: 316px;\">19\u00a0264<\/td>\n<\/tr>\n<tr>\n<td style=\"width: 256px;\"><strong>26 juin<\/strong><\/td>\n<td style=\"text-align: center; width: 426px;\">26<\/td>\n<td style=\"text-align: center; width: 316px;\"><strong>19\u00a0290<\/strong><\/td>\n<\/tr>\n<\/tbody>\n<\/table>\n<p>La France est d\u00e9confin\u00e9e depuis le 11 mai 2020 (le confinement avait \u00e9t\u00e9 instaur\u00e9 le 17 mars en France). Apr\u00e8s une <strong>premi\u00e8re phase de confinement \u00e9tal\u00e9e jusqu&rsquo;au 2 juin <\/strong>bas\u00e9e sur un d\u00e9coupage de la France en\u00a0d\u00e9partements rouges et verts, le <strong>Pr\u00e9sident Emmanuel Macron annonce que tout le territoire passe en zone verte, d\u00e8s le 15\u00a0juin, sauf Mayotte et la Guyane. <\/strong>Le Premier ministre Edouard Philippe avait pr\u00e9sent\u00e9 la phase 2 du d\u00e9confinement le 28 mai. Cette phase a commenc\u00e9 le\u00a02 juin et pris\u00a0fin le 22 juin. La carte est d\u00e9sormais verte sauf\u00a0Mayotte et la Guyane qui sont orange puisque les indicateurs \u00e9pid\u00e9miques ne sont pas tous revenus au vert.\u00a0<\/p>\n<p><strong>\u2192 Dans toutes les zones, restent interdits jusqu&rsquo;au 21\u00a0juin\u00a0: <\/strong>les\u00a0rassemblements de plus de 10\u00a0personnes dans l&rsquo;espace public (sauf les manifestations), les sports de contact, les\u00a0discoth\u00e8ques, les stades et hippodromes. <em>\u00ab\u00a0Nous savons que<strong> le virus est particuli\u00e8rement virulent<\/strong> dans les grands rassemblements et les <strong>milieux ferm\u00e9s<\/strong>. Tout ceci justifie que nous restions tr\u00e8s vigilants\u00a0\u00bb <\/em>avait justifi\u00e9\u00a0Edouard Philippe.\u00a0<\/p>\n<p><strong>Quatre indicateurs sont d\u00e9sormais suivis :<\/strong><\/p>\n<ul>\n<li>l&rsquo;incidence (nombre de personnes infect\u00e9es sur une semaine sur 100\u00a0000\u00a0habitants),<\/li>\n<li>le <strong>taux de positivit\u00e9 des tests PCR<\/strong>,<\/li>\n<li><strong>le <a href=\"https:\/\/sante.journaldesfemmes.fr\/fiches-maladies\/2629823-r0-coronavirus-france-definition-pays-departement-juin-2020-ile-de-france-occitanie\/\" target=\"_blank\" rel=\"noopener noreferrer\">R0<\/a>\u00a0<\/strong>(il est aujourd&rsquo;hui \u00e0<strong> 0,92 en France<\/strong>)<\/li>\n<li>et le taux d&rsquo;occupation des r\u00e9animations (qui refl\u00e8te la saturation des h\u00f4pitaux).\u00a0<\/li>\n<\/ul>\n<p>Edouard Philippe a rappel\u00e9 sur <a href=\"https:\/\/twitter.com\/EPhilippePM\/status\/1274327286611836928\" target=\"_blank\" rel=\"noopener noreferrer\">Twitter<\/a>\u00a0que le lundi 22\u00a0juin marque<em> \u00ab\u00a0une \u00e9tape de plus du d\u00e9confinement. Continuons collectivement \u00e0 faire preuve de responsabilit\u00e9 en <strong>appliquant les gestes barri\u00e8res, la distanciation physique et le <a href=\"https:\/\/sante.journaldesfemmes.fr\/fiches-maladies\/2609189-masque-coronavirus-covid-port-obligatoire-ecole-train-coiffeur-tissu-afnor-chirurgical\/\" target=\"_blank\" rel=\"noopener noreferrer\">port du masque<\/a><\/strong> aussi souvent que n\u00e9cessaire\u00a0\u00bb<\/em>.<\/p>\n<p>Sur le <a href=\"https:\/\/www.gouvernement.fr\/partage\/11630-mesures-supplementaires-de-deconfinement-pour-la-periode-estivale\" target=\"_blank\" rel=\"noopener noreferrer\">site du gouvernement<\/a> est rappel\u00e9 qu&rsquo;<u><strong>\u00e0 partir du lundi 22\u00a0juin\u00a0:<\/strong><\/u><\/p>\n<p>\u00a0\u2192\u00a0L&rsquo;ouverture des cin\u00e9mas, des centres de vacances, des casinos et salles de jeux, dans le respect de r\u00e8gles sanitaires strictes.<\/p>\n<p>\u00a0\u2192\u00a0La reprise des activit\u00e9s de sports collectifs, avec des mesures de pr\u00e9vention adapt\u00e9es aux diff\u00e9rentes cat\u00e9gories d&rsquo;activit\u00e9s concern\u00e9es.<\/p>\n<p>\u00a0\u2192\u00a0L&rsquo;\u00e9cole redevient obligatoire.\u00a0La porte-parole du gouvernement Sibeth Ndiaye a appel\u00e9 ce dimanche les parents<em> \u00ab\u00a0\u00e0 avoir confiance dans l&rsquo;institution de l&rsquo;\u00c9ducation nationale. Tout est fait pour que leurs enfants soient accueillis en s\u00e9curit\u00e9\u00a0\u00bb<\/em>, a t-elle insist\u00e9 sur France 3.<\/p>\n<p>\u00a0\u2192\u00a0Les sports de combat restent interdits. Leur situation sera revue avant la rentr\u00e9e de septembre.<\/p>\n<p>\u00a0\u2192\u00a0S&rsquo;agissant des conditions de travail en entreprise, le minist\u00e8re du Travail et le minist\u00e8re des Solidarit\u00e9s et de la Sant\u00e9 ont engag\u00e9 l&rsquo;actualisation et la simplification du protocole national et des protocoles particuliers. Apr\u00e8s avis du Haut Conseil de la Sant\u00e9 Publique, les r\u00e9sultats de ces travaux seront pr\u00e9sent\u00e9s la semaine prochaine.<\/p>\n<p><strong><u>A partir du 11\u00a0juillet :<\/u>\u00a0fin de l&rsquo;\u00e9tat d&rsquo;urgence sanitaire sur le territoire m\u00e9tropolitain\u00a0:<\/strong>\u00a0les croisi\u00e8res fluviales seront de nouveau autoris\u00e9es ; les stades et hippodromes seront ouverts au public, avec une jauge maximale de 5\u00a0000\u00a0personnes. Comme pour les salles de spectacle, les activit\u00e9s rassemblant plus de 1\u00a0500\u00a0personnes devront donner lieu \u00e0 d\u00e9claration, afin que puissent \u00eatre garanties le respect des pr\u00e9cautions n\u00e9cessaires ; la<strong> jauge maximale de 5\u00a0000\u00a0personnes pour les grands \u00e9v\u00e8nements, les stades et les salles de spectacle est en principe en vigueur jusqu&rsquo;au 1er septembre<\/strong>. Un nouvel examen de la situation \u00e9pid\u00e9miologique nationale sera r\u00e9alis\u00e9 mi-juillet pour d\u00e9cider si un assouplissement est possible pour la deuxi\u00e8me partie du mois d&rsquo;ao\u00fbt.<\/p>\n<p><strong><u>A partir du mois de septembre 2020 :<\/u><\/strong>\u00a0sous r\u00e9serve d&rsquo;une nouvelle \u00e9valuation de la situation \u00e9pid\u00e9miologique, la rentr\u00e9e pourra \u00eatre marqu\u00e9e par de nouveaux assouplissements\u00a0:<strong>\u00a0<\/strong>ouverture des \u00e9tablissements accueillants des foires, expositions et salons,\u00a0ouverture des discoth\u00e8ques<strong> <\/strong>et des croisi\u00e8res maritimes internationales.<\/p>\n<p>Comme il n&rsquo;y a ni vaccin, ni m\u00e9dicament efficace contre le coronavirus, <a href=\"https:\/\/sante.journaldesfemmes.fr\/fiches-maladies\/2619739-gestes-barrieres-protocole-sanitaire-covid-19-entreprise-teletravail-affiche-ecole-distanciation\/\" target=\"_blank\" rel=\"noopener noreferrer\">le meilleur moyen de s&rsquo;en prot\u00e9ger<\/a>\u00a0&#8211; surtout depuis le d\u00e9confinement- est l&rsquo;application de mesures barri\u00e8re :\u00a0respect de la distanciation physique minimale d&rsquo;un m\u00e8tre,\u00a0r\u00e9duction du nombre de nos contacts doivent \u00eatre respect\u00e9s par tous. Les <strong>personnes \u00e2g\u00e9es ou atteintes de pathologies chroniques (atteintes respiratoire, cardiaque, ob\u00e9sit\u00e9, diab\u00e8te\u2026) <\/strong>consid\u00e9r\u00e9es comme des facteurs de risque de d\u00e9velopper une forme grave de la maladie sont appel\u00e9es \u00e0 la plus<strong> grande prudence <\/strong>tant que le virus circule.<\/p>\n<p>Si au d\u00e9but, on ne parlait que de fi\u00e8vre, toux s\u00e8che, rhume, \u00e9tat grippal et de fatigue, les sympt\u00f4mes de l&rsquo;infection par le coronavirus ont \u00e9volu\u00e9. On sait d\u00e9sormais que le virus peut avoir des effets sur la peau, la sph\u00e8re digestive et m\u00eame le cerveau. <strong>D\u00e8s les premiers signes \u00e9vocateurs de la maladie COVID-19,<\/strong> consultez votre <strong>m\u00e9decin <\/strong>traitant ou un m\u00e9decin de permanence afin qu&rsquo;il puisse vous prescrire un <a href=\"https:\/\/sante.journaldesfemmes.fr\/fiches-maladies\/2623965-coronavirus-test-france-serologique-nez-pcr-rapide-pharmacie-sans-ordonnance-gratuit-prix\/\" target=\"_blank\" rel=\"noopener noreferrer\">test de recherche du virus<\/a> (PCR) et <strong>respectez scrupuleusement l&rsquo;isolement<\/strong>.<em>\u00a0\u00ab\u00a0Les capacit\u00e9s de tests virologiques pour rechercher le virus de la maladie COVID-19\u00a0sont disponibles sur tout le territoire.\u00a0Tout est fait pour tester rapidement, tracer les personnes contacts, isoler les porteurs du virus et <strong>mettre en quatorzaine leurs personnes contacts<\/strong>, prendre en charge de fa\u00e7on optimale les personnes malades\u00a0\u00bb <\/em>rappelle le minist\u00e8re de la Sant\u00e9 dans le <a href=\"https:\/\/solidarites-sante.gouv.fr\/actualites\/presse\/communiques-de-presse\/article\/communique-de-presse-du-11-mai-2020-429447\" target=\"_blank\" rel=\"noopener noreferrer\">communiqu\u00e9 du 11 mai<\/a>.<\/p>\n<ul>\n<li><strong>Si vous pr\u00e9sentez des\u00a0sympt\u00f4mes (toux, fi\u00e8vre, mal de t\u00eate) : <\/strong>\u00e9viter les contacts, rester \u00e0 domicile, prenez du parac\u00e9tamol si besoin, appeler un m\u00e9decin pour prendre rendez-vous dans l&rsquo;\u00e9ventualit\u00e9 qu&rsquo;il vous fasse passer un test de d\u00e9pistage.\u00a0<\/li>\n<li><strong>Appeler le\u00a015 en cas de\u00a0difficult\u00e9s respiratoires : \u00ab\u00a0<\/strong><em>Si cette toux et cette fi\u00e8vre s&rsquo;accompagnent d&rsquo;une g\u00eane respiratoire qui devient permanente avec souffle court, difficult\u00e9 \u00e0 inspirer et \u00e0 expirer, d&rsquo;une aggravation importante de la toux, cela peut signifier une \u00e9volution de la maladie sous la forme d&rsquo;une pneumopathie. Il s&rsquo;agit alors d&rsquo;une urgence respiratoire potentielle et comme dans tous les cas d&rsquo;urgence, il faut alors appeler le 15\u00a0qui prendra les meilleures dispositions pour r\u00e9pondre \u00e0 la situation\u00a0\u00bb, <\/em>pr\u00e9vient le Dr\u00a0Patrick Aub\u00e9, m\u00e9decin g\u00e9n\u00e9raliste.<\/li>\n<\/ul>\n<p>Le coronavirus Sars-CoV-2 fait encore de nombreuses victimes\u00a0dans le monde. La pand\u00e9mie a infect\u00e9 plus\u00a0de<strong>\u00a09,9\u00a0millions de personnes<\/strong>\u00a0(selon\u00a0l&rsquo;Universit\u00e9 CSSE Johns Hopkins)\u00a0et fait<strong> 498.895\u00a0morts<\/strong>. <strong>188\u00a0pays et territoires sont touch\u00e9s<\/strong> (sur les 198 pays comptabilis\u00e9s dans le monde). Le <strong>pays le plus impact\u00e9<\/strong>\u00a0en nombre de cas est les <strong>Etats-Unis\u00a0<\/strong>(2,5\u00a0millions de cas et 125 539 morts), suivis par\u00a0<strong>le Br\u00e9sil <\/strong>(1,3\u00a0million de\u00a0cas &#8211; 57 070\u00a0morts),<strong>\u00a0<\/strong>\u00a0<strong>la Russie<\/strong> (626 779\u00a0cas &#8211; 8 958 morts),<strong>\u00a0l&rsquo;Inde <\/strong>(528 859\u00a0cas &#8211; 16 095\u00a0morts),\u00a0<strong>le\u00a0Royaume-Uni <\/strong>(311 727\u00a0cas-43 598 morts)<strong>,<\/strong><strong>\u00a0<\/strong>le <strong>P\u00e9rou<\/strong>\u00a0(275 989\u00a0cas-9135\u00a0morts),<strong> et<\/strong>\u00a0<strong>le Chili <\/strong>(267 766\u00a0cas &#8211; 5347\u00a0morts).<\/p>\n<h3>Courbe du nombre de nouveaux cas de Covid-19 par jour dans le monde entre le 22\u00a0janvier et le 23 juin 2020.<\/h3>\n<div style=\"text-align:center\">\n<figure class=\"image\" style=\"display:inline-block\"><a class=\"fancy\" href=\"https:\/\/img-3.journaldesfemmes.fr\/vgELDcVUqNiYr-4-MxcDoeMPGWk=\/1080x\/smart\/471a6718d87d48168ddc0e3240c76c42\/ccmcms-jdf\/16636996.jpg\"><img decoding=\"async\" alt=\"courbe nombre nouveaux cas covid-19 monde\" src=\"https:\/\/img-3.journaldesfemmes.fr\/vgELDcVUqNiYr-4-MxcDoeMPGWk=\/1080x\/smart\/471a6718d87d48168ddc0e3240c76c42\/ccmcms-jdf\/16636996.jpg\"\/><\/a><figcaption data-credit=\"Universit\u00e9 John  Hopkins\" data-legend=\"Courbe du nombre de nouveaux cas de Covid-19 dans le monde du 22 janvier au 23 juin 2020\">Courbe du nombre de nouveaux cas de Covid-19 dans le monde du 22 janvier au 23 juin 2020 <small>\u00a9\u00a0Universit\u00e9 John Hopkins<\/small><\/figcaption><\/figure>\n<\/div>\n<p>Une <strong>carte interactive<\/strong> montrant l&rsquo;\u00e9volution de l&rsquo;\u00e9pid\u00e9mie de coronavirus dans le monde<strong> en temps r\u00e9el<\/strong> a \u00e9t\u00e9 mise au point par l&rsquo;\u00e9diteur de cartographie en ligne\u00a0HERE Technologies. Bas\u00e9e sur des donn\u00e9es du Center for Systems Science and Engineering (CSSE) de l&rsquo;Universit\u00e9 Johns Hopkins et de DXY, cette carte permet de suivre<strong> la progression du nombre de personnes infect\u00e9es<\/strong>\u00a0rapport\u00e9es par les agences gouvernementales, ainsi que <strong>le nombre de d\u00e9c\u00e8s<\/strong>.<\/p>\n<p><iframe loading=\"lazy\" frameborder=\"0\" height=\"600\" src=\"https:\/\/developer.here.com\/coronavirus\/\" title=\"Suivi du coronavirus COVID-19\" width=\"780\"><\/iframe><\/p>\n<h3><a id=\"mort-coronavirus-monde-chiffres-tableau\" name=\"mort-coronavirus-monde-chiffres-tableau\">Combien de d\u00e9c\u00e8s \u00e0 cause du coronavirus dans le monde ?<\/a><\/h3>\n<table border=\"1\" cellpadding=\"1\" cellspacing=\"1\" style=\"width:80%;\">\n<caption>\n<p style=\"text-align: center;\">NOMBRE DE MORTS DU CORONAVIRUS DANS LES 30\u00a0PAYS LES PLUS TOUCHES. Dimanche 28\u00a0juin \u00e0 10h00<\/p>\n<\/caption>\n<thead>\n<tr>\n<th scope=\"col\" style=\"width: 470px;\">PAYS<\/th>\n<th scope=\"col\" style=\"width: 326px;\">NOMBRE DE MORTS<\/th>\n<\/tr>\n<\/thead>\n<tbody>\n<tr>\n<td style=\"width: 470px;\"><b>Etats-Unis<\/b><\/td>\n<td style=\"width: 326px;\">125 539<\/td>\n<\/tr>\n<tr>\n<td style=\"width: 470px;\"><strong>Br\u00e9sil<\/strong><\/td>\n<td style=\"width: 326px;\">57 070<\/td>\n<\/tr>\n<tr>\n<td style=\"width: 470px;\"><strong>Royaume-Uni <\/strong><\/td>\n<td style=\"width: 326px;\">43 598<\/td>\n<\/tr>\n<tr>\n<td style=\"width: 470px;\"><strong>Italie <\/strong><\/td>\n<td style=\"width: 326px;\">34 716<\/td>\n<\/tr>\n<tr>\n<td style=\"width: 470px;\"><strong>France<\/strong><\/td>\n<td style=\"width: 326px;\">29 781<\/td>\n<\/tr>\n<tr>\n<td style=\"width: 470px;\"><strong>Espagne<\/strong><\/td>\n<td style=\"width: 326px;\">28 341<\/td>\n<\/tr>\n<tr>\n<td style=\"width: 470px;\"><strong>Mexique<\/strong><\/td>\n<td style=\"width: 326px;\">26 381<\/td>\n<\/tr>\n<tr>\n<td style=\"width: 470px;\"><strong>Inde<\/strong><\/td>\n<td style=\"width: 326px;\">16 095<\/td>\n<\/tr>\n<tr>\n<td style=\"width: 470px;\"><strong>Iran<\/strong><\/td>\n<td style=\"width: 326px;\">10 364<\/td>\n<\/tr>\n<tr>\n<td style=\"width: 470px;\"><strong>Belgique<\/strong><\/td>\n<td style=\"width: 326px;\">9 732<\/td>\n<\/tr>\n<tr>\n<td style=\"width: 470px;\"><strong>Allemagne<\/strong><\/td>\n<td style=\"width: 326px;\">8 968<\/td>\n<\/tr>\n<tr>\n<td style=\"width: 470px;\"><strong>Russie<\/strong><\/td>\n<td style=\"width: 326px;\">8 958<\/td>\n<\/tr>\n<tr>\n<td style=\"width: 470px;\"><strong>P\u00e9rou<\/strong><\/td>\n<td style=\"width: 326px;\">9 135<\/td>\n<\/tr>\n<tr>\n<td style=\"width: 470px;\"><strong>Canada<\/strong><\/td>\n<td style=\"width: 326px;\">8\u00a0576<\/td>\n<\/tr>\n<tr>\n<td style=\"width: 470px;\"><strong>Pays-Bas<\/strong><\/td>\n<td style=\"width: 326px;\">6 124<\/td>\n<\/tr>\n<tr>\n<td style=\"width: 470px;\"><strong>Su\u00e8de<\/strong><\/td>\n<td style=\"width: 326px;\">5 280<\/td>\n<\/tr>\n<tr>\n<td style=\"width: 470px;\"><strong>Turquie<\/strong><\/td>\n<td style=\"width: 326px;\">5\u00a0082<\/td>\n<\/tr>\n<tr>\n<td style=\"width: 470px;\"><strong>Chili<\/strong><\/td>\n<td style=\"width: 326px;\">5 347<\/td>\n<\/tr>\n<tr>\n<td style=\"width: 470px;\"><strong>Chine<\/strong><\/td>\n<td style=\"width: 326px;\">4\u00a0641<\/td>\n<\/tr>\n<tr>\n<td style=\"width: 470px;\"><b>Equateur<\/b><\/td>\n<td style=\"width: 326px;\">4 424<\/td>\n<\/tr>\n<tr>\n<td style=\"width: 470px;\"><strong>Pakistan<\/strong><\/td>\n<td style=\"width: 326px;\">4 118<\/td>\n<\/tr>\n<tr>\n<td style=\"width: 470px;\"><strong>Indon\u00e9sie<\/strong><\/td>\n<td style=\"width: 326px;\">2 720<\/td>\n<\/tr>\n<tr>\n<td style=\"width: 470px;\"><strong>Colombie<\/strong><\/td>\n<td style=\"width: 326px;\">3 076<\/td>\n<\/tr>\n<tr>\n<td style=\"width: 470px;\"><strong>Egypte<\/strong><\/td>\n<td style=\"width: 326px;\">2 708<\/td>\n<\/tr>\n<tr>\n<td style=\"width: 470px;\"><strong>Afrique du Sud<\/strong><\/td>\n<td style=\"width: 326px;\">2 413<\/td>\n<\/tr>\n<tr>\n<td style=\"width: 470px;\"><strong>Suisse<\/strong><\/td>\n<td style=\"width: 326px;\">1\u00a0962<\/td>\n<\/tr>\n<tr>\n<td style=\"width: 470px;\"><strong>Irlande<\/strong><\/td>\n<td style=\"width: 326px;\">1\u00a0734<\/td>\n<\/tr>\n<tr>\n<td style=\"width: 470px;\"><strong>Bangladesh<\/strong><\/td>\n<td style=\"width: 326px;\">1 695<\/td>\n<\/tr>\n<tr>\n<td style=\"width: 470px;\"><strong>Roumanie<\/strong><\/td>\n<td style=\"width: 326px;\">1\u00a0589<\/td>\n<\/tr>\n<tr>\n<td style=\"width: 470px;\"><strong>Portugal<\/strong><\/td>\n<td style=\"width: 326px;\">1 561<\/td>\n<\/tr>\n<tr>\n<td style=\"width: 470px;\"><strong>Autres<\/strong><\/td>\n<td style=\"width: 326px;\">35 103<\/td>\n<\/tr>\n<tr>\n<td style=\"width: 470px;\"><strong><u>TOTAL<\/u><\/strong><\/td>\n<td style=\"width: 326px;\"><strong>498 895<\/strong><\/td>\n<\/tr>\n<\/tbody>\n<\/table>\n<p><em>\u00a0Sources : <a href=\"https:\/\/gisanddata.maps.arcgis.com\/apps\/opsdashboard\/index.html#\/bda7594740fd40299423467b48e9ecf6\" target=\"_blank\" rel=\"noopener noreferrer\">Universit\u00e9 John Hopkins<\/a>,\u00a0<a href=\"https:\/\/www.who.int\/emergencies\/diseases\/novel-coronavirus-2019\/situation-reports\" target=\"_blank\" rel=\"noopener noreferrer\">WHO<\/a>,\u00a0<a href=\"https:\/\/www.cdc.gov\/coronavirus\/2019-ncov\/index.html\" target=\"_blank\" rel=\"noopener noreferrer\">CDC<\/a>,\u00a0<a href=\"https:\/\/www.ecdc.europa.eu\/en\/geographical-distribution-2019-ncov-cases\" target=\"_blank\" rel=\"noopener noreferrer\">ECDC<\/a>,\u00a0<a href=\"http:\/\/www.nhc.gov.cn\/xcs\/yqtb\/list_gzbd.shtml\" target=\"_blank\" rel=\"noopener noreferrer\">NHC\u00a0<\/a>and\u00a0<a href=\"https:\/\/3g.dxy.cn\/newh5\/view\/pneumonia?scene=2&amp;clicktime=1579582238&amp;enterid=1579582238&amp;from=singlemessage&amp;isappinstalled=0\" target=\"_blank\" rel=\"noopener noreferrer\">DXY<\/a>.<\/em><\/p>\n<h3><a id=\"cas-coronavirus-monde-chiffres-tableau\" name=\"cas-coronavirus-monde-chiffres-tableau\">Combien de cas de coronavirus dans le monde ?<\/a><\/h3>\n<table border=\"1\" cellpadding=\"1\" cellspacing=\"1\" style=\"width:80%;\">\n<caption>\n<p style=\"text-align: center;\">NOMBRE DE CAS CONFIRM\u00c9S ET PR\u00c9SUM\u00c9S POSITIFS AU\u00a0CORONAVIRUS DANS LES 20 PAYS LES PLUS TOUCH\u00c9S. Dimanche 28\u00a0juin \u00e0 10h05<\/p>\n<\/caption>\n<thead>\n<tr>\n<th scope=\"col\" style=\"text-align: center;\">PAYS<\/th>\n<th scope=\"col\" style=\"text-align: center;\">CAS CONFIRMES DE CORONAVIRUS<\/th>\n<th scope=\"col\" style=\"text-align: center;\">NOMBRE D&rsquo;HABITANTS DANS LE PAYS (en millions)<\/th>\n<\/tr>\n<\/thead>\n<tbody>\n<tr>\n<td style=\"text-align: center; width: 231px;\"><strong>\u00a0Etats-Unis <\/strong><\/td>\n<td style=\"text-align: center;\">\n<h5><strong>2 510 323<\/strong><\/h5>\n<\/td>\n<td style=\"text-align: center;\">327,2\u00a0<\/td>\n<\/tr>\n<tr>\n<td style=\"text-align: center; width: 231px;\"><strong>Br\u00e9sil<\/strong><\/td>\n<td style=\"text-align: center;\">\n<h5><strong>1 313 667<\/strong><\/h5>\n<\/td>\n<td style=\"text-align: center;\">211.7<\/td>\n<\/tr>\n<tr>\n<td style=\"text-align: center; width: 231px;\"><strong>Russie<\/strong><\/td>\n<td style=\"text-align: center;\">\n<h5><strong>626 779<\/strong><\/h5>\n<\/td>\n<td style=\"text-align: center;\">144.5<\/td>\n<\/tr>\n<tr>\n<td style=\"text-align: center; width: 231px;\"><strong>Inde<\/strong><\/td>\n<td style=\"text-align: center;\">\n<h5>528 859<\/h5>\n<\/td>\n<td style=\"text-align: center;\">1\u00a0353<\/td>\n<\/tr>\n<tr>\n<td style=\"text-align: center; width: 231px;\"><strong>Royaume-Uni<\/strong><\/td>\n<td style=\"text-align: center;\">\n<h5><strong>311 727<\/strong><\/h5>\n<\/td>\n<td style=\"text-align: center;\">66<\/td>\n<\/tr>\n<tr>\n<td style=\"text-align: center; width: 231px;\"><strong>P\u00e9rou<\/strong><\/td>\n<td style=\"text-align: center;\">\n<h5><strong>275 989<\/strong><\/h5>\n<\/td>\n<td style=\"text-align: center;\">31.9<\/td>\n<\/tr>\n<tr>\n<td style=\"text-align: center; width: 231px;\"><strong>Chili<\/strong><\/td>\n<td style=\"text-align: center;\">\n<h5><strong>267 766<\/strong><\/h5>\n<\/td>\n<td style=\"text-align: center;\">18.73<\/td>\n<\/tr>\n<tr>\n<td style=\"text-align: center; width: 231px;\"><strong>Espagne<\/strong><\/td>\n<td style=\"text-align: center;\">\n<h5><strong>248 469<\/strong><\/h5>\n<\/td>\n<td style=\"text-align: center;\">47<\/td>\n<\/tr>\n<tr>\n<td style=\"text-align: center; width: 231px;\"><strong>Italie<\/strong><\/td>\n<td style=\"text-align: center;\">\n<h5><strong>240 136<\/strong><\/h5>\n<\/td>\n<td style=\"text-align: center;\">60,5<\/td>\n<\/tr>\n<tr>\n<td style=\"text-align: center; width: 231px;\"><strong>Iran<\/strong><\/td>\n<td style=\"text-align: center;\">\n<h5><strong>220 180<\/strong><\/h5>\n<\/td>\n<td style=\"text-align: center;\">81<\/td>\n<\/tr>\n<tr>\n<td style=\"text-align: center; width: 231px;\"><strong>Mexique<\/strong><\/td>\n<td style=\"text-align: center;\">\n<h5><strong>212 802<\/strong><\/h5>\n<\/td>\n<td style=\"text-align: center;\">126,2<\/td>\n<\/tr>\n<tr>\n<td style=\"text-align: center; width: 231px;\"><strong>France<\/strong><\/td>\n<td style=\"text-align: center;\">\n<h5><strong>199 473<\/strong><\/h5>\n<\/td>\n<td style=\"text-align: center;\">67<\/td>\n<\/tr>\n<tr>\n<td style=\"text-align: center; width: 231px;\"><strong>Pakistan<\/strong><\/td>\n<td style=\"text-align: center;\">\n<h5>202 955<\/h5>\n<\/td>\n<td style=\"text-align: center;\">212.2<\/td>\n<\/tr>\n<tr>\n<td style=\"text-align: center; width: 231px;\"><strong>Allemagne<\/strong><\/td>\n<td style=\"text-align: center;\">\n<h5><strong>194 458<\/strong><\/h5>\n<\/td>\n<td style=\"text-align: center;\">83<\/td>\n<\/tr>\n<tr>\n<td style=\"text-align: center; width: 231px;\"><strong>Turquie<\/strong><\/td>\n<td style=\"text-align: center;\">\n<h5><strong>194 883<\/strong><\/h5>\n<\/td>\n<td style=\"text-align: center;\">83<\/td>\n<\/tr>\n<tr>\n<td style=\"text-align: center; width: 231px;\"><strong>Arabie Saoudite<\/strong><\/td>\n<td style=\"text-align: center;\">\n<h5><strong>178 504<\/strong><\/h5>\n<\/td>\n<td style=\"text-align: center;\">33.7<\/td>\n<\/tr>\n<tr>\n<td style=\"text-align: center; width: 231px;\"><strong>Bangladesh<\/strong><\/td>\n<td style=\"text-align: center;\">\n<h5><strong>133 978<\/strong><\/h5>\n<\/td>\n<td style=\"text-align: center;\">161,4<\/td>\n<\/tr>\n<tr>\n<td style=\"text-align: center; width: 231px;\"><strong>Afrique du Sud<\/strong><\/td>\n<td style=\"text-align: center;\">\n<h5><strong>131 800<\/strong><\/h5>\n<\/td>\n<td style=\"text-align: center;\">57.8<\/td>\n<\/tr>\n<tr>\n<td style=\"text-align: center; width: 231px;\"><strong>Canada<\/strong><\/td>\n<td style=\"text-align: center;\">\n<h5><strong>104 878<\/strong><\/h5>\n<\/td>\n<td style=\"text-align: center;\">37.5<\/td>\n<\/tr>\n<tr>\n<td style=\"text-align: center; width: 231px;\"><strong>Qatar<\/strong><\/td>\n<td style=\"text-align: center;\">\n<h5>93 663<\/h5>\n<\/td>\n<td style=\"text-align: center;\">2.7<\/td>\n<\/tr>\n<tr>\n<td style=\"text-align: center; width: 231px;\"><strong>Autres pays<\/strong><\/td>\n<td style=\"text-align: center;\">2 021 994<\/td>\n<td style=\"text-align: center;\">\u00a0<\/td>\n<\/tr>\n<tr>\n<td style=\"text-align: center; width: 231px;\"><u><strong>TOTAL<\/strong><\/u><\/td>\n<td style=\"text-align: center;\"><strong>9 985 425<\/strong><\/td>\n<td style=\"text-align: center;\">\u00a0<\/td>\n<\/tr>\n<\/tbody>\n<\/table>\n<blockquote>\n<p style=\"text-align: right;\">\u00a0<\/p>\n<\/blockquote>\n<p>&gt; <strong><a href=\"https:\/\/gisanddata.maps.arcgis.com\/apps\/opsdashboard\/index.html#\/bda7594740fd40299423467b48e9ecf6\" target=\"_blank\" rel=\"noopener noreferrer\">Voir le nombre de cas dans d&rsquo;autres pays\u00a0<\/a><\/strong><\/p>\n<p><em>Sources\u00a0:\u00a0<a href=\"https:\/\/gisanddata.maps.arcgis.com\/apps\/opsdashboard\/index.html#\/bda7594740fd40299423467b48e9ecf6\" target=\"_blank\" rel=\"noopener noreferrer\">Universit\u00e9 John Hopkins<\/a>,\u00a0<a href=\"https:\/\/www.who.int\/emergencies\/diseases\/novel-coronavirus-2019\/situation-reports\" target=\"_blank\" rel=\"noopener noreferrer\">WHO<\/a>,\u00a0<a href=\"https:\/\/www.cdc.gov\/coronavirus\/2019-ncov\/index.html\" target=\"_blank\" rel=\"noopener noreferrer\">CDC<\/a>,\u00a0<a href=\"https:\/\/www.ecdc.europa.eu\/en\/geographical-distribution-2019-ncov-cases\" target=\"_blank\" rel=\"noopener noreferrer\">ECDC<\/a>,\u00a0<a href=\"http:\/\/www.nhc.gov.cn\/xcs\/yqtb\/list_gzbd.shtml\" target=\"_blank\" rel=\"noopener noreferrer\">NHC\u00a0<\/a>and\u00a0<a href=\"https:\/\/3g.dxy.cn\/newh5\/view\/pneumonia?scene=2&amp;clicktime=1579582238&amp;enterid=1579582238&amp;from=singlemessage&amp;isappinstalled=0\" target=\"_blank\" rel=\"noopener noreferrer\">DXY<\/a>.<\/em><\/p>\n<p>Dans une allocution prononc\u00e9e le 14 juin, le pr\u00e9sident de la R\u00e9publique Emmanuel Macron a annonc\u00e9\u00a0la possibilit\u00e9\u00a0de se d\u00e9placer entre les pays europ\u00e9ens depuis le 15 juin, et <strong>\u00e0 partir du 1er juillet de se rendre dans les Etats hors d&rsquo;Europe<\/strong>, o\u00f9 l&rsquo;\u00e9pid\u00e9mie sera ma\u00eetris\u00e9e, Jusqu&rsquo;au 15\u00a0juin, les fronti\u00e8res de l&rsquo;Europe restaient ferm\u00e9es. La Belgique avait pris les devant, en annon\u00e7ant\u00a0rouvrir ses fronti\u00e8res avec ses voisins europ\u00e9ens le 15\u00a0juin, tandis que l&rsquo;Italie a rouvert ses fronti\u00e8res ce 3 juin. <strong>L&rsquo;Espagne avance au 21 juin la r\u00e9ouverture de ses fronti\u00e8res avec les pays de l&rsquo;Union Europ\u00e9enne (<\/strong>dont la France) sauf avec le Portugal qui rouvrira le 1er juillet. Quant \u00e0 la France, elle a ouvert ses fronti\u00e8res \u00e0 compter du 15\u00a0juin <em>\u00ab\u00a0sans quatorzaine pour les voyageurs en provenance de pays europ\u00e9ens\u00a0\u00bb<\/em>. Par ailleurs, la fin de l&rsquo;interdiction des 100\u00a0km en France \u00ab\u00a0<em>ne doit pas signifier un rel\u00e2chement de la tension, vous pouvez vous d\u00e9placer mais dans toute\u00a0la mesure du possible, si vous pouvez diff\u00e9rer un d\u00e9placement lointain\u00a0c&rsquo;est probablement plus raisonnable\u00a0\u00bb<\/em> a insist\u00e9 Edouard Philippe.\u00a0Pour rappel, le pr\u00e9sident de la R\u00e9publique avait annonc\u00e9 le 16 mars la <strong>fermeture des fronti\u00e8res de l&rsquo;Europe et de l&rsquo;espace Schengen.\u00a0<\/strong><\/p>\n<p><strong>21 cas suppl\u00e9mentaires de contamination au coronavirus <\/strong>ont \u00e9t\u00e9 enregistr\u00e9s en Chine continentale au cours des derni\u00e8res 24 heures, et 12 nouveaux cas asymptomatiques, ont rapport\u00e9 vendredi les autorit\u00e9s sanitaires chinoises. Parmi les cas d&rsquo;infection confirm\u00e9e, 17 sont\u00a0\u00e0 P\u00e9kin.\u00a0Au 26\u00a0juin minuit,\u00a0les autorit\u00e9s sanitaires chinoises confirment\u00a0<strong>83 483\u00a0cas de coronavirus <\/strong>depuis le d\u00e9but de l&rsquo;\u00e9pid\u00e9mie et 4 634 d\u00e9c\u00e8s dans 31\u00a0r\u00e9gions provinciales du continent chinois. Pour enrayer la <strong>propagation de l&rsquo;\u00e9pid\u00e9mie qui a repris \u00e0 P\u00e9kin ces derni\u00e8res semaines,<\/strong> un laboratoire mobile et gonflable pour effectuer des tests COVID-19\u00a0a \u00e9t\u00e9 officiellement mis en service le 23\u00a0juin dans un centre sportif du district de Daxing \u00e0 P\u00e9kin. Il peut faire\u00a030\u00a0000\u00a0tests d&rsquo;acide nucl\u00e9ique par jour, rapporte la Commission nationale chinoise dans un <a href=\"http:\/\/en.nhc.gov.cn\/2020-06\/24\/c_80895.htm\" target=\"_blank\" rel=\"noopener noreferrer\">communiqu\u00e9<\/a>. Concernant les voyages en Chine,<strong> e<\/strong><strong style=\"font-size: 1rem;\"><strong>n raison de la <\/strong>suspension de la d\u00e9livrance des visas par les autorit\u00e9s chinoises et de la rar\u00e9faction des vols, il est actuellement tr\u00e8s difficile de se rendre dans le pays.\u00a0<\/strong><span style=\"font-size: 1rem;\">Les fronti\u00e8res sont toujours ferm\u00e9es. <\/span>Tout arriv\u00e9e en provenance de l&rsquo;\u00e9tranger fait l&rsquo;objet d&rsquo;une <strong>mise en quarantaine pour une p\u00e9riode de 14\u00a0jours dans un lieu d\u00e9sign\u00e9 par les autorit\u00e9s locales.<\/strong> Les autorit\u00e9s chinoises recommandent fortement la <strong>r\u00e9alisation d&rsquo;un test au Covid-19\u00a0dans le pays de d\u00e9part avant tout embarquement. Toute personne souhaitant quitter P\u00e9kin doit pr\u00e9senter un certificat n\u00e9gatif de test PCR Covid-19<\/strong>. Le gouvernement chinois <strong>impose le port du masque dans tous les lieux publics<\/strong>.\u00a0Tout refus de se soumettre aux dispositions sanitaires l\u00e9gales chinoises (prise de temp\u00e9rature, test, quarantaine, soins hospitaliers) de la part des ressortissants \u00e9trangers peut entra\u00eener l&rsquo;<strong>expulsion du territoire chinois <\/strong>accompagn\u00e9e d&rsquo;une interdiction d&rsquo;entr\u00e9e en Chine de 5\u00a0\u00e0 10\u00a0ans, rappelle le minist\u00e8re des Affaires \u00e9trang\u00e8res dans un <a href=\"https:\/\/cn.ambafrance.org\/Circonscription-de-Pekin-mesures-locales-Covid-19\" target=\"_blank\" rel=\"noopener noreferrer\">communiqu\u00e9<\/a>\u00a0mis \u00e0 jour le 23 juin.<\/p>\n<p>En Italie,\u00a0samedi 27\u00a0juin, <strong>8\u00a0<\/strong><b><strong>n<\/strong>ouveaux d\u00e9c\u00e8s<\/b>\u00a0sont enregistr\u00e9s au cours de\u00a0ces derni\u00e8res 24\u00a0heures. Le bilan dans le pays est de<strong>\u00a034.716\u00a0morts\u00a0<\/strong>au total\u00a0depuis le d\u00e9but de l&rsquo;\u00e9pid\u00e9mie (plus que la France). Le nombre total de cas recens\u00e9s est de\u00a0240 136. L&rsquo;arm\u00e9e a \u00e9t\u00e9 envoy\u00e9e le 25\u00a0juin pour s\u00e9curiser et verrouiller une \u00ab\u00a0zone rouge\u00a0\u00bb pr\u00e8s de Naples\u00a0o\u00f9 une <strong>cinquantaine de r\u00e9sidents \u00e9trangers contamin\u00e9s par le coronavirus ont tent\u00e9 de fuir leur confinement forc\u00e9<\/strong>. Pr\u00e8s de 700\u00a0personnes, pour la plupart des ressortissants bulgares, vivant \u00e0 Mondragone au nord de Naples, avaient re\u00e7u lundi 22\u00a0juin l&rsquo;ordre de se\u00a0<strong>confiner sur leur lieu de r\u00e9sidence<\/strong>, des HLM de la municipalit\u00e9 apr\u00e8s une campagne de d\u00e9pistage pour le\u00a0coronavirus.\u00a0<\/p>\n<p>L&rsquo;Italie a rouvert ses fronti\u00e8res le 3\u00a0juin et accueille d\u00e9sormais les touristes europ\u00e9ens sans mise en quarantaine obligatoire et sans attestation. De nombreuses liaisons a\u00e9riennes vers et au d\u00e9part de l&rsquo;Italie ont \u00e9t\u00e9 suspendues, mais \u00e0 ce stade les <strong>compagnies Alitalia et Air France op\u00e8rent<\/strong> entre la France et l&rsquo;Italie au d\u00e9part de Rome Fiumicino. Des vols int\u00e9rieurs sont aussi assur\u00e9s. Il est conseill\u00e9 de consulter directement le site de l&rsquo;a\u00e9roport de Fiumicino.\u00a0Le<strong> trafic ferroviaire a \u00e9galement repris entre Paris-Turin-Milan <\/strong>et Marseille-Nice-Milan et des TER circulent entre Vintimille et Menton.\u00a0Des mesures de distanciation physique doivent toutefois \u00eatre respect\u00e9es \u00e0 bord des gondoles notamment.\u00a0Il est autoris\u00e9 de circuler entre les r\u00e9gions mais les <strong>grands rassemblements sont toujours interdits.\u00a0Les \u00e9tablissements scolaires rouvriront le 14 septembre<\/strong>,\u00a0avec \u00a0une s\u00e9rie de mesures de\u00a0distanciation sociale et une \u00ab\u00a0s\u00e9curit\u00e9 maximale\u00a0\u00bb, a indiqu\u00e9 \u00a0le Premier ministre Giuseppe Conte, le 26 juin.\u00a0<strong>Rappelons que le pays avait \u00e9t\u00e9 confin\u00e9\u00a0le lundi 9\u00a0mars.<\/strong>\u00a0<strong>Le pic de l&rsquo;\u00e9pid\u00e9mie aurait \u00e9t\u00e9 atteint le 5\u00a0avril.<\/strong><\/p>\n<p>Au 27\u00a0juin, l&rsquo;Espagne enregistre 3\u00a0nouveaux\u00a0d\u00e9c\u00e8s des suites du\u00a0coronavirus portant le bilan total des d\u00e9c\u00e8s dans le pays \u00e0 28\u00a0341, un peu moins que la France.\u00a0564 nouveaux cas de contamination au coronavirus sont recens\u00e9s le 27\u00a0juin, contre 419\u00a0la veille, portant le bilan total \u00e0 248.469\u00a0cas, selon les donn\u00e9es publi\u00e9es par\u00a0l&rsquo;h\u00f4pital am\u00e9ricain de r\u00e9f\u00e9rence Johns-Hopkins. Les autorit\u00e9s sanitaires surveillent <strong>trois clusters<\/strong> de pr\u00e8s : e<span style=\"font-size: 1rem;\">n <strong>Aragon<\/strong>, dans le nord-est,\u00a0<\/span><q style=\"font-size: 1rem;\">250\u00a0cas ont \u00e9t\u00e9 d\u00e9tect\u00e9s<\/q><span style=\"font-size: 1rem;\">, parmi des travailleurs saisonniers pr\u00e9sents pour la r\u00e9colte des <a href=\"http:\/\/www.affinite.fr\/index.php\/2023\/07\/29\/valoriser-ses-invendus-une-demarche-ecologique-et-rentable-pour-les-marchands-de-fruits\/\">fruits<\/a>. \u00c0 <strong>Malaga<\/strong>, 89\u00a0cas ont \u00e9t\u00e9 d\u00e9couverts dans un centre d&rsquo;accueil de la Croix-Rouge. Le troisi\u00e8me foyer, moins important, se trouve dans la r\u00e9gion de <strong>Cantabrie<\/strong>, sur l&rsquo;Atlantique.<\/span><\/p>\n<p><strong>Depuis le 21\u00a0juin : aucune limitation \u00e0 l&rsquo;entr\u00e9e sur le territoire espagnol ni mise en quarantaine n&rsquo;est en vigueur. <\/strong>Cependant,\u00a0le port du masque est <strong>obligatoire pour toute personne de plus de 6\u00a0ans, dans les espaces publics ou dans les lieux recevant du public<\/strong>, y compris les h\u00f4tels et les commerces, lorsqu&rsquo;une distance d&rsquo;un m\u00e8tre cinquante ne peut \u00eatre respect\u00e9e entre deux personnes\u00a0;\u00a0le port du masque est obligatoire dans les v\u00e9hicules, si les passagers ne r\u00e9sident pas dans le m\u00eame foyer. Les contrevenants qui ne respectent pas cette r\u00e8gle pourront se voir d\u00e9livrer une amende de <strong>100 euros<\/strong>. A noter que les<strong> \u00e9coles sont ferm\u00e9es jusqu&rsquo;en septembre.<\/strong><\/p>\n<p><u><strong>Autres actualit\u00e9s li\u00e9es au coronavirus\u00a0:\u00a0<\/strong><\/u><\/p>\n<table border=\"1\" cellpadding=\"1\" cellspacing=\"1\" style=\"width:100%;\">\n<thead>\n<tr>\n<th scope=\"col\" style=\"text-align: center;\"><strong>DATES CL\u00c9S DE L&rsquo;\u00c9PID\u00c9MIE<\/strong><\/th>\n<\/tr>\n<\/thead>\n<tbody>\n<tr>\n<td>\n<ul>\n<li><strong>Le 31\u00a0d\u00e9cembre 2019,<\/strong> l&rsquo;Organisation mondiale de la Sant\u00e9 en Chine est inform\u00e9e de plusieurs cas de pneumonies dans la ville de Wuhan. 44\u00a0personnes sont infect\u00e9es entre cette date et le 3\u00a0janvier 2020.<\/li>\n<li><strong>Le 7\u00a0janvier 2020, <\/strong>les autorit\u00e9s chinoises identifient un \u00ab\u00a0nouveau type de coronavirus\u00a0\u00bb.<\/li>\n<li><strong>Le 13\u00a0janvier, <\/strong>un cas import\u00e9 est recens\u00e9 en Tha\u00eflande.<\/li>\n<li><strong>Le 15\u00a0janvier<\/strong>, le virus cause\u00a0la mort d&rsquo;<strong>une premi\u00e8re\u00a0personne \u00e0 Wuhan<\/strong>, un homme de 69\u00a0ans.\u00a0<\/li>\n<li><strong>Le 23\u00a0janvier,<\/strong> trois villes chinoises dont Wuhan sont plac\u00e9es en quarantaine.<\/li>\n<li><strong>Le 25\u00a0janvier, trois personnes\u00a0contamin\u00e9es sont recens\u00e9es en France<\/strong>, deux \u00e0 Paris et une Bordeaux. Ce sont les premiers cas enregistr\u00e9s sur le continent europ\u00e9en.<\/li>\n<li><strong>Le 30\u00a0janvier, <\/strong>l&rsquo;Organisation mondiale de la Sant\u00e9 <strong>d\u00e9cr\u00e8te\u00a0l&rsquo;<a href=\"https:\/\/sante.journaldesfemmes.fr\/fiches-maladies\/2608035-urgence-de-sante-publique-de-portee-internationale-definition-oms-coronavirus\/\" target=\"_blank\" rel=\"noopener noreferrer\">urgence de sant\u00e9 mondiale<\/a><\/strong>.\u00a0Cette mesure n&rsquo;avait \u00e9t\u00e9 d\u00e9cr\u00e9t\u00e9e que 5\u00a0fois depuis sa cr\u00e9ation (pour Ebola (deux fois), la grippe H1N1, Zika et la poliomy\u00e9lite).\u00a0<\/li>\n<li><strong>Le 23 f\u00e9vrier, <\/strong>la France d\u00e9clenche le <a href=\"https:\/\/sante.journaldesfemmes.fr\/fiches-maladies\/2622449-plan-orsan-reb-definition-signification-qui-declenche-coronavirus-definition-duree\/\" target=\"_blank\" rel=\"noopener noreferrer\">plan ORSAN<\/a>, un dispositif exceptionnel d&rsquo;organisation des soins.<\/li>\n<li><strong>Le 28 f\u00e9vrier,<\/strong> la France passe en stade 2 de l&rsquo;\u00e9pid\u00e9mie.<\/li>\n<li><strong>Le 11 mars, <\/strong>l&rsquo;OMS classifie de <strong>pand\u00e9mie <\/strong>la diffusion de la maladie \u00e0 coronavirus Covid-19 dans le monde.<\/li>\n<li><strong>Le 12\u00a0mars<\/strong>, le pr\u00e9sident de la R\u00e9publique Emmanuel Macron annonce la fermeture nationale des cr\u00e8ches et \u00e9tablissements scolaires de France \u00e0 compter du 16\u00a0mars et \u00ab\u00a0jusqu&rsquo;\u00e0 nouvel ordre\u00a0\u00bb.<\/li>\n<li><strong>Le 13 mars<\/strong>, l&rsquo;OMS d\u00e9signe d\u00e9sormais l&rsquo;Europe comme \u00e9picentre.<\/li>\n<li><strong>Le 14 mars<\/strong>, la France passe au <a href=\"https:\/\/sante.journaldesfemmes.fr\/fiches-maladies\/2625289-coronavirus-stade-3-duree-mesure-france-stade-4-c-est-quoi\/\" target=\"_blank\" rel=\"noopener noreferrer\"><strong>stade 3 <\/strong><\/a>de l&rsquo;\u00e9pid\u00e9mie.<\/li>\n<li><strong>Le 16 mars, <\/strong>l&rsquo;Europe <a href=\"http:\/\/www.affinite.fr\/index.php\/2022\/10\/22\/la-creme-glacee-la-nouvelle-culture-commerciale\/\">ferme<\/a> ses fronti\u00e8res ainsi que celles de l&rsquo;espace Schengen. La France met en place un dispositif de confinement interdisant les d\u00e9placements.<\/li>\n<li><strong>Le\u00a018\u00a0mars<\/strong> le premier transfert de patients Covid-19 en France est r\u00e9alis\u00e9\u00a0gr\u00e2ce \u00e0 l&rsquo;Arm\u00e9e, par voie terrestre et a\u00e9rienne.\u00a0<\/li>\n<li><strong>Le 20 mars<\/strong>, plusieurs villes fran\u00e7aises, dont Nice, Montpellier, Perpignan, Arras&#8230; imposent un <strong>couvre-feu<\/strong> le soir et la nuit.<\/li>\n<li><strong>Le 26 mars<\/strong>, un premier cas jeune meurt en France, une adolescente de 16 ans, en Ile-de-France originaire de Morsang-sur-Orge.<\/li>\n<li><strong>Le 27 mars,<\/strong> le confinement de la population fran\u00e7aise est renouvel\u00e9 jusqu&rsquo;au 15 avril.<\/li>\n<li><strong>Le 2 avril,<\/strong>\u00a0le <strong>million de cas<\/strong> de coronavirus dans le monde est d\u00e9pass\u00e9, et plus de 51.000\u00a0morts, selon le d\u00e9compte de l&rsquo;h\u00f4pital am\u00e9ricain de r\u00e9f\u00e9rence Johns-Hopkins.<\/li>\n<li><strong>Le 13 avril,<\/strong> Emmanuel Macron annonce le prolongement du confinement jusqu&rsquo;au 11 mai.<\/li>\n<li><strong>Le 15 avril,<\/strong> le cap des <strong>2 millions de cas<\/strong>\u00a0de coronavirus dans le monde est franchi, et pr\u00e8s de 129 000 d\u00e9c\u00e8s, selon les chiffres donn\u00e9es par\u00a0l&rsquo;h\u00f4pital am\u00e9ricain de r\u00e9f\u00e9rence Johns-Hopkins.<\/li>\n<li><strong>Le 27 avril,<\/strong> <strong>3\u00a0millions de cas<\/strong>\u00a0de coronavirus sont r\u00e9pertori\u00e9s dans le monde, et plus de 208\u00a0000\u00a0d\u00e9c\u00e8s, selon les chiffres donn\u00e9es par\u00a0l&rsquo;h\u00f4pital am\u00e9ricain de r\u00e9f\u00e9rence Johns-Hopkins.<\/li>\n<li><strong>Le 28 avril,<\/strong> le gouvernement fran\u00e7ais pr\u00e9sente son plan de d\u00e9confinement valable \u00e0 partir du 11 mai.<\/li>\n<li><strong>Le 11 mai, <\/strong>la France commence son d\u00e9confinement.<\/li>\n<li><strong>Le 21 mai,\u00a05\u00a0millions de cas<\/strong>\u00a0de coronavirus sont r\u00e9pertori\u00e9s dans le monde, et plus de 329 800\u00a0d\u00e9c\u00e8s, selon les chiffres donn\u00e9es par\u00a0l&rsquo;h\u00f4pital am\u00e9ricain de r\u00e9f\u00e9rence Johns-Hopkins.<\/li>\n<li><strong>Le 28 mai, <\/strong>le Premier ministre Edouard Philippe annonce les mesures de la phase 2 du d\u00e9confinement en France en vigueur du 2 au 22 juin.<\/li>\n<li><strong>Le 31 mai, 6\u00a0millions de cas<\/strong>\u00a0de coronavirus sont r\u00e9pertori\u00e9s dans le monde, et plus de 369 244\u00a0d\u00e9c\u00e8s, selon les chiffres donn\u00e9es par\u00a0l&rsquo;h\u00f4pital am\u00e9ricain de r\u00e9f\u00e9rence Johns-Hopkins.<\/li>\n<li><strong>Le 7 juin, le cap des 400 000 morts<\/strong> est franchi (400 792) dans le monde et pr\u00e8s de 7 millions de cas (6 944 916),\u00a0selon les chiffres donn\u00e9es par\u00a0l&rsquo;h\u00f4pital am\u00e9ricain de r\u00e9f\u00e9rence Johns-Hopkins.<\/li>\n<li><strong>Le 15 juin<\/strong>, toute la France passe en zone verte, sauf Mayotte et la Guyane. A Paris, les restaurants et bars peuvent rouvrir compl\u00e8tement.<\/li>\n<li><strong>Le 22 juin, <\/strong>les \u00e9coles sont de nouveaux obligatoires en France pour tous les \u00e9l\u00e8ves. Les cin\u00e9mas, salles de jeux, casinos rouvrent. Les sports collectifs peuvent \u00eatre autoris\u00e9s tout en respectant certaines conditions sanitaires.<\/li>\n<li><strong>Le 22 juin,<\/strong> le cap des <strong>9\u00a0millions de cas <\/strong>de coronavirus est franchi\u00a0dans le monde, et plus de 469 120\u00a0d\u00e9c\u00e8s, selon les chiffres donn\u00e9es par l&rsquo;h\u00f4pital am\u00e9ricain de r\u00e9f\u00e9rence Johns-Hopkins.<\/li>\n<\/ul>\n<\/td>\n<\/tr>\n<\/tbody>\n<\/table>\n<p><em>Cet article est mis \u00e0 jour quotidiennement par <a href=\"https:\/\/www.journaldesfemmes.fr\/account\/ablaize-11409696\" target=\"_blank\" rel=\"noopener noreferrer\">Aur\u00e9lie Blaize<\/a>, <a href=\"https:\/\/www.journaldesfemmes.fr\/account\/anaisthiebaux-10573564\" target=\"_blank\" rel=\"noopener noreferrer\">Ana\u00efs Thi\u00e9baux<\/a> et <a href=\"https:\/\/www.journaldesfemmes.fr\/account\/samanthapages-11598093\" target=\"_blank\" rel=\"noopener noreferrer\">Samantha Pag\u00e8s<\/a>.\u00a0<\/em><\/p>\n<\/div>\n<p><script async src=\"http:\/\/platform.twitter.com\/widgets.js\" charset=\"utf-8\"><\/script><br \/>\n<br \/>[ad_2]<br \/>\n<br \/><a href=\"https:\/\/sante.journaldesfemmes.fr\/maladies\/2605417-coronavirus-france-direct-etats-unis-grand-est-carte-chiffre-cluster-monde-nombre-morts-bars-reconfinement-actus-ameriques\/\">Source link <\/a><\/p>\n","protected":false},"excerpt":{"rendered":"<p>[ad_1] [Mise \u00e0 jour le dimanche 28\u00a0juin 2020 \u00e0 10h19]\u00a0La pand\u00e9mie de coronavirus menace encore de nombreux pays. Plus de\u00a09,9\u00a0millions &hellip; <a href=\"http:\/\/www.affinite.fr\/index.php\/2020\/06\/28\/leurope-indecise-a-qui-rouvrir-ses-frontieres\/\" class=\"more-link\">Plus <span class=\"screen-reader-text\">l&rsquo;Europe ind\u00e9cise, \u00e0 qui rouvrir ses fronti\u00e8res\u00a0?<\/span> <span class=\"meta-nav\">&rarr;<\/span><\/a><\/p>\n","protected":false},"author":1,"featured_media":4546,"comment_status":"open","ping_status":"open","sticky":false,"template":"","format":"standard","meta":{"_sitemap_exclude":false,"_sitemap_priority":"","_sitemap_frequency":"","footnotes":""},"categories":[1],"tags":[],"class_list":["post-4545","post","type-post","status-publish","format-standard","has-post-thumbnail","hentry","category-tous"],"_links":{"self":[{"href":"http:\/\/www.affinite.fr\/index.php\/wp-json\/wp\/v2\/posts\/4545"}],"collection":[{"href":"http:\/\/www.affinite.fr\/index.php\/wp-json\/wp\/v2\/posts"}],"about":[{"href":"http:\/\/www.affinite.fr\/index.php\/wp-json\/wp\/v2\/types\/post"}],"author":[{"embeddable":true,"href":"http:\/\/www.affinite.fr\/index.php\/wp-json\/wp\/v2\/users\/1"}],"replies":[{"embeddable":true,"href":"http:\/\/www.affinite.fr\/index.php\/wp-json\/wp\/v2\/comments?post=4545"}],"version-history":[{"count":0,"href":"http:\/\/www.affinite.fr\/index.php\/wp-json\/wp\/v2\/posts\/4545\/revisions"}],"wp:featuredmedia":[{"embeddable":true,"href":"http:\/\/www.affinite.fr\/index.php\/wp-json\/wp\/v2\/media\/4546"}],"wp:attachment":[{"href":"http:\/\/www.affinite.fr\/index.php\/wp-json\/wp\/v2\/media?parent=4545"}],"wp:term":[{"taxonomy":"category","embeddable":true,"href":"http:\/\/www.affinite.fr\/index.php\/wp-json\/wp\/v2\/categories?post=4545"},{"taxonomy":"post_tag","embeddable":true,"href":"http:\/\/www.affinite.fr\/index.php\/wp-json\/wp\/v2\/tags?post=4545"}],"curies":[{"name":"wp","href":"https:\/\/api.w.org\/{rel}","templated":true}]}}