{"id":454,"date":"2020-03-10T07:01:07","date_gmt":"2020-03-10T07:01:07","guid":{"rendered":"https:\/\/www.affinite.fr\/index.php\/2020\/03\/10\/meilleur-sac-a-langer-pour-le-confort-des-parents-et-des-bebes\/"},"modified":"2020-03-10T07:01:07","modified_gmt":"2020-03-10T07:01:07","slug":"meilleur-sac-a-langer-pour-le-confort-des-parents-et-des-bebes","status":"publish","type":"post","link":"http:\/\/www.affinite.fr\/index.php\/2020\/03\/10\/meilleur-sac-a-langer-pour-le-confort-des-parents-et-des-bebes\/","title":{"rendered":"Meilleur sac \u00e0 langer pour le confort des parents et des b\u00e9b\u00e9s"},"content":{"rendered":"<p> [ad_1]<br \/>\n<\/p>\n<p>\n                                <a title=\"\u00a0\u00a9\u00a0Orchestra\" href=\"https:\/\/img-3.journaldesfemmes.fr\/xQUZcBnXX0imbvQ7O_y7vl20I2s=\/1240x\/smart\/afb541a87a754f9db43cb6997c059a2b\/ccmcms-jdf\/12061230.jpg\" class=\"fancy\"><br \/>\n                    <img decoding=\"async\" src=\"https:\/\/img-3.journaldesfemmes.fr\/h8QlrYNoBJnqazsNlrVtIQEDtdY=\/540x\/smart\/afb541a87a754f9db43cb6997c059a2b\/ccmcms-jdf\/12061230.jpg\" alt=\"Meilleur sac \u00e0 langer pour le confort des parents et des b\u00e9b\u00e9s\"\/><\/a><br \/>\n                Pour changer votre b\u00e9b\u00e9 quelque soit le lieu o\u00f9 vous vous d\u00e9placez, nous avons s\u00e9lectionn\u00e9 des mod\u00e8les tout confort et pratiques \u00e0 manipuler, qui peuvent convenir aussi bien aux hommes qu&rsquo;aux femmes. Notre s\u00e9lection par style, colori et capacit\u00e9s de rangement.            <\/p>\n<div>\n<div>\n<aside class=\"ccmcss_cms_summary ccmcss_cms_summary--right\" id=\"bloc-sommaire\">\n<h2 class=\"ccmcss_cms_summary__title\">Notre s\u00e9lection<\/h2>\n<\/aside>\n<p><input type=\"checkbox\" class=\"read-more-state\" id=\"post-1\"\/><\/p>\n<p>Durant les deux premi\u00e8res ann\u00e9es de votre enfant, il vous faut emmener un tas d&rsquo;accessoires indispensables d\u00e8s la moindre sortie. Acqu\u00e9rir un\u00a0sac \u00e0 langer pour transporter tout cela est indispensable ! Qu\u2019allez-vous ranger dans votre sac \u00e0 langer ? Des objets aussi divers que des v\u00eatements de rechange, des couches, des produits de toilette, des biberons ou un go\u00fbter, une t\u00e9tine\u2026 Bref, le choix de votre sac \u00e0 langer est important car il s\u2019agit de pouvoir retrouver chacun de ces accessoires rapidement sans que tout ne soit m\u00e9lang\u00e9.<\/p>\n<div class=\"read-more-target\">\n<p>Votre sac \u00e0 langer doit \u00eatre certes joli, mais surtout pratique ! Privil\u00e9giez un sac comprenant de nombreux compartiments et poches afin de ne pas m\u00e9langer des objets qui ne doivent pas l\u2019\u00eatre, comme les couches et la nourriture. Certains sacs ont des parties qui se d\u00e9tachent, des poches isothermes ou des petites pochettes sp\u00e9ciales pour la t\u00e9tine, par exemple. Si votre sac permet un bon ordonnancement des affaires de votre enfant, vous ne perdrez pas de temps \u00e0 chercher chaque objet indispensable. Ensuite, si vous utilisez une poussette, pensez \u00e0 v\u00e9rifier que vous pouvez attacher votre sac sur les poign\u00e9es ou le glisser sous le si\u00e8ge. Si vous utilisez une \u00e9charpe de portage, choisissez plut\u00f4t\u00a0un sac avec des bretelles pour l\u2019enfiler sur le dos. Enfin, si vous pouvez \u00e9galement y glisser vos propres affaires, cela vous \u00e9vitera de porter en plus votre sac \u00e0 main ! Une fois votre sac \u00e0 langer choisi, vous serez par\u00e9e pour de belles promenades avec votre b\u00e9b\u00e9.\u00a0<\/p>\n<\/div>\n<p><label for=\"post-1\" class=\"read-more-trigger app_edito_btn\">\u00a0<\/label><\/div>\n<aside class=\"ads--insertor-avoid app_article_content\"><a id=\"meilleur-sac-a-langer\" name=\"meilleur-sac-a-langer\"\/><\/p>\n<h2 class=\"main_title\">meilleur sac \u00e0 langer<\/h2>\n<figure>\n<div class=\"product_picture\"><a rel=\"nofollow pass noopener noreferrer\" class=\"jBlockAmazon\" target=\"_blank\" href=\"https:\/\/www.amazon.fr\/capacit%C3%A9-isothermes-Poign%C3%A9es-poussettes-EU5279gris\/dp\/B0798NHTYP?psc=1&amp;SubscriptionId=AKIAIS57BPYS2ZYMZEDA&amp;tag=journaldesfemmes-21&amp;linkCode=xm2&amp;camp=2025&amp;creative=165953&amp;creativeASIN=B0798NHTYP&amp;ascsubtag=2101892f1fi\"><img decoding=\"async\" src=\"https:\/\/images-eu.ssl-images-amazon.com\/images\/I\/51IiIAdMTiL.jpg\" alt=\"meilleur sac \u00e0 langer\"\/><\/a><\/p>\n<p><span>Meilleur<\/span>Choix<\/p>\n<\/div><figcaption>\n<h3 class=\"item_name\">Sac \u00e0 dos \u00e0 langer b\u00e9b\u00e9 \u00e9tanche Hap Tim<\/h3>\n<p><span style=\"color:black !important;font-size:14px !important;text-decoration:line-through !important;\">59,99 \u20ac<\/span><span class=\"item_price\">35,99 \u20ac<\/span><a rel=\"nofollow pass noopener noreferrer\" class=\"item_cta_bottom jBlockAmazon\" name=\"btn_see_1\" target=\"_blank\" href=\"https:\/\/www.amazon.fr\/capacit%C3%A9-isothermes-Poign%C3%A9es-poussettes-EU5279gris\/dp\/B0798NHTYP?psc=1&amp;SubscriptionId=AKIAIS57BPYS2ZYMZEDA&amp;tag=journaldesfemmes-21&amp;linkCode=xm2&amp;camp=2025&amp;creative=165953&amp;creativeASIN=B0798NHTYP&amp;ascsubtag=2101892f1fb\">VOIR LE PRODUIT<\/a><span class=\"partner_sign\">sur\u00a0Amazon<\/span><\/figcaption><\/figure>\n<p>Avec sa tr\u00e8s grande capacit\u00e9, ce sac \u00e0 langer Hap Tim est vraiment tr\u00e8s pratique tout en restant l\u00e9ger. Unisexe, il plaira aussi bien aux femmes qu&rsquo;aux hommes. Equip\u00e9 de bretelles, ce sac \u00e0 langer se porte comme un sac \u00e0 dos et permet d&rsquo;avoir les mains libres en promenade. Avec ses nombreuses poches, toutes les affaires de b\u00e9b\u00e9 peuvent \u00eatre rang\u00e9es, ainsi que celles des parents. Parmi ces poches, plusieurs sont isothermes, ce qui permet de garder le biberon au chaud, ou au froid. Petit plus : ce sac \u00e0 langer est \u00e9tanche.\u00a0<\/p>\n<p>&#13;<br \/>\n&#13;<\/p>\n<ul>\n<li>Grande capacit\u00e9 : 55 litres<\/li>\n<p>&#13;<\/p>\n<li>Convient \u00e0 tous car unisexe<\/li>\n<p>&#13;<\/p>\n<li>Poss\u00e8de 13 poches et un matelas \u00e0 langer<\/li>\n<p>&#13;\n<\/ul>\n<p><a rel=\"nofollow pass noopener noreferrer\" target=\"_blank\" class=\"item_cta_bottom jBlockAmazon\" name=\"btn_see_2\" href=\"https:\/\/www.amazon.fr\/capacit%C3%A9-isothermes-Poign%C3%A9es-poussettes-EU5279gris\/dp\/B0798NHTYP?psc=1&amp;SubscriptionId=AKIAIS57BPYS2ZYMZEDA&amp;tag=journaldesfemmes-21&amp;linkCode=xm2&amp;camp=2025&amp;creative=165953&amp;creativeASIN=B0798NHTYP&amp;ascsubtag=2101892f1fp\">VOIR LE PRODUIT<\/a><\/aside>\n<aside class=\"ads--insertor-avoid app_article_content\"><a id=\"sac-a-langer-lassig\" name=\"sac-a-langer-lassig\"\/><\/p>\n<h2 class=\"main_title\">Sac \u00e0 langer L\u00e4ssig<\/h2>\n<figure>\n<div class=\"product_picture\"><a rel=\"nofollow pass noopener noreferrer\" class=\"jBlockAmazon\" target=\"_blank\" href=\"https:\/\/www.amazon.fr\/Durable-Accessoires-Rechange-Compris-%C3%A9tiquette\/dp\/B006G794E4?psc=1&amp;SubscriptionId=AKIAIS57BPYS2ZYMZEDA&amp;tag=journaldesfemmes-21&amp;linkCode=xm2&amp;camp=2025&amp;creative=165953&amp;creativeASIN=B006G794E4&amp;ascsubtag=2101892f2fi\"><img decoding=\"async\" src=\"https:\/\/images-eu.ssl-images-amazon.com\/images\/I\/51i9NLbgFVL.jpg\" alt=\"Sac \u00e0 langer L\u00e4ssig\"\/><\/a><\/div><figcaption>\n<h3 class=\"item_name\">Sac green label neckline bag, L\u00e4ssig<\/h3>\n<p><span style=\"color:black !important;font-size:14px !important;text-decoration:line-through !important;\">129,95 \u20ac<\/span><span class=\"item_price\">118,40 \u20ac<\/span><a rel=\"nofollow pass noopener noreferrer\" class=\"item_cta_bottom jBlockAmazon\" name=\"btn_see_1\" target=\"_blank\" href=\"https:\/\/www.amazon.fr\/Durable-Accessoires-Rechange-Compris-%C3%A9tiquette\/dp\/B006G794E4?psc=1&amp;SubscriptionId=AKIAIS57BPYS2ZYMZEDA&amp;tag=journaldesfemmes-21&amp;linkCode=xm2&amp;camp=2025&amp;creative=165953&amp;creativeASIN=B006G794E4&amp;ascsubtag=2101892f2fb\">VOIR LE PRODUIT<\/a><span class=\"partner_sign\">sur\u00a0Amazon<\/span><\/figcaption><\/figure>\n<p>\u00a0Avec sa forme qui ne passe pas inaper\u00e7ue, ce sac \u00e0 langer apporte la preuve qu\u2019une production durable peut aussi fournir des sacs modernes et chics. Ainsi, le Neckline Bag est disponible dans diff\u00e9rentes couleurs avec applications et bandouli\u00e8re en similicuir fin. A l\u2019int\u00e9rieur, on retrouve le confort habituel: matelas \u00e0 langer, porte-biberon isotherme, compartiment pour couches mouill\u00e9es et housse amovible pour petits pots. Le sac peut s&rsquo;attacher \u00e0 la poussette ou se porter sur l&rsquo;\u00e9paule, comme un sac \u00e0 main.<\/p>\n<p>&#13;<br \/>\n<a rel=\"nofollow pass noopener noreferrer\" target=\"_blank\" class=\"item_cta_bottom jBlockAmazon\" name=\"btn_see_2\" href=\"https:\/\/www.amazon.fr\/Durable-Accessoires-Rechange-Compris-%C3%A9tiquette\/dp\/B006G794E4?psc=1&amp;SubscriptionId=AKIAIS57BPYS2ZYMZEDA&amp;tag=journaldesfemmes-21&amp;linkCode=xm2&amp;camp=2025&amp;creative=165953&amp;creativeASIN=B006G794E4&amp;ascsubtag=2101892f2fp\">VOIR LE PRODUIT<\/a><\/aside>\n<aside class=\"ads--insertor-avoid app_article_content\"><a id=\"sac-a-langer-vertbaudet\" name=\"sac-a-langer-vertbaudet\"\/><\/p>\n<h2 class=\"main_title\">Sac \u00e0 langer Vertbaudet<\/h2>\n<figure>\n<div class=\"product_picture\"><a rel=\"nofollow pass noopener noreferrer\" class=\"jBlockAmazon\" target=\"_blank\" href=\"https:\/\/www.amazon.fr\/VERTBAUDET-langer-Plume-imprim%C3%A9-fleurs\/dp\/B0857H4XMP?psc=1&amp;SubscriptionId=AKIAIS57BPYS2ZYMZEDA&amp;tag=journaldesfemmes-21&amp;linkCode=xm2&amp;camp=2025&amp;creative=165953&amp;creativeASIN=B0857H4XMP&amp;ascsubtag=2101892f3fi\"><img decoding=\"async\" src=\"https:\/\/images-eu.ssl-images-amazon.com\/images\/I\/51VV2GhlCFL.jpg\" alt=\"Sac \u00e0 langer Vertbaudet\"\/><\/a><\/div><figcaption>\n<h3 class=\"item_name\">Sac \u00e0 langer Plume, Vertbaudet<\/h3>\n<p><span class=\"item_price\">41,99 \u20ac<\/span><a rel=\"nofollow pass noopener noreferrer\" class=\"item_cta_bottom jBlockAmazon\" name=\"btn_see_1\" target=\"_blank\" href=\"https:\/\/www.amazon.fr\/VERTBAUDET-langer-Plume-imprim%C3%A9-fleurs\/dp\/B0857H4XMP?psc=1&amp;SubscriptionId=AKIAIS57BPYS2ZYMZEDA&amp;tag=journaldesfemmes-21&amp;linkCode=xm2&amp;camp=2025&amp;creative=165953&amp;creativeASIN=B0857H4XMP&amp;ascsubtag=2101892f3fb\">VOIR LE PRODUIT<\/a><span class=\"partner_sign\">sur\u00a0Amazon<\/span><\/figcaption><\/figure>\n<p>On craque pour ce joli sac \u00e0 langer Vertbaudet, qui se porte par bandouli\u00e8re ou par les deux anses. Sa grande ouverture zipp\u00e9e permet de ranger tout le n\u00e9cessaire de b\u00e9b\u00e9.<\/p>\n<p>&#13;<br \/>\n&#13;<\/p>\n<ul>\n<li>1 poche plaqu\u00e9e devant + 1 poche zipp\u00e9e \u00e0 l&rsquo;arri\u00e8re.<\/li>\n<p>&#13;<\/p>\n<li>A l&rsquo;int\u00e9rieur : 2 poches plaqu\u00e9es.<\/li>\n<p>&#13;<\/p>\n<li>Largeur 52 cm x hauteur 35 cm x profondeur 12 cm (largeur 38 cm \u00e0 la base)<\/li>\n<p>&#13;\n<\/ul>\n<p><a rel=\"nofollow pass noopener noreferrer\" target=\"_blank\" class=\"item_cta_bottom jBlockAmazon\" name=\"btn_see_2\" href=\"https:\/\/www.amazon.fr\/VERTBAUDET-langer-Plume-imprim%C3%A9-fleurs\/dp\/B0857H4XMP?psc=1&amp;SubscriptionId=AKIAIS57BPYS2ZYMZEDA&amp;tag=journaldesfemmes-21&amp;linkCode=xm2&amp;camp=2025&amp;creative=165953&amp;creativeASIN=B0857H4XMP&amp;ascsubtag=2101892f3fp\">VOIR LE PRODUIT<\/a><\/aside>\n<aside class=\"ads--insertor-avoid app_article_content\"><a id=\"sac-a-langer-a-dos\" name=\"sac-a-langer-a-dos\"\/><\/p>\n<h2 class=\"main_title\">sac \u00e0 langer \u00e0 dos<\/h2>\n<figure>\n<div class=\"product_picture\"><a rel=\"nofollow pass noopener noreferrer\" class=\"jBlockAmazon\" target=\"_blank\" href=\"https:\/\/www.amazon.fr\/Lekebaby-Langer-Imperm%C3%A9able-Capacit%C3%A9-Conception\/dp\/B07B7H6L9T?psc=1&amp;SubscriptionId=AKIAIS57BPYS2ZYMZEDA&amp;tag=journaldesfemmes-21&amp;linkCode=xm2&amp;camp=2025&amp;creative=165953&amp;creativeASIN=B07B7H6L9T&amp;ascsubtag=2101892f4fi\"><img decoding=\"async\" src=\"https:\/\/images-eu.ssl-images-amazon.com\/images\/I\/51krPlZFG5L.jpg\" alt=\"sac \u00e0 langer \u00e0 dos\"\/><\/a><\/div><figcaption>\n<h3 class=\"item_name\">Sac \u00e0 dos \u00e0 langer Lekebaby<\/h3>\n<p><span class=\"item_price\">39,99 \u20ac<\/span><a rel=\"nofollow pass noopener noreferrer\" class=\"item_cta_bottom jBlockAmazon\" name=\"btn_see_1\" target=\"_blank\" href=\"https:\/\/www.amazon.fr\/Lekebaby-Langer-Imperm%C3%A9able-Capacit%C3%A9-Conception\/dp\/B07B7H6L9T?psc=1&amp;SubscriptionId=AKIAIS57BPYS2ZYMZEDA&amp;tag=journaldesfemmes-21&amp;linkCode=xm2&amp;camp=2025&amp;creative=165953&amp;creativeASIN=B07B7H6L9T&amp;ascsubtag=2101892f4fb\">VOIR LE PRODUIT<\/a><span class=\"partner_sign\">sur\u00a0Amazon<\/span><\/figcaption><\/figure>\n<p>Ce sac \u00e0 langer au look sobre est \u00e9quip\u00e9 de bretelles qui lui permettent d&rsquo;\u00eatre port\u00e9 sur le dos. Il peut \u00e9galement \u00eatre fix\u00e9 sur les poign\u00e9es de la poussette. Avec ses 19 poches, il dispose d&rsquo;une grande capacit\u00e9 de contenance (dont un matelas \u00e0 langer, fourni). Parmi ces poches, vous en trouverez deux isothermes sur le devant du sac, afin d&rsquo;atteindre rapidement les biberons et la nourriture. Gr\u00e2ce \u00e0 son ouverture compl\u00e8te, il est possible d&rsquo;acc\u00e9der au contenu du sac \u00e0 langer par le haut ou par le bas, ce qui facilite l&rsquo;acc\u00e8s au fond du sac.\u00a0<\/p>\n<p>&#13;<br \/>\n&#13;<\/p>\n<ul>\n<li>Ouverture compl\u00e8te du sac, par le haut ou par le bas<\/li>\n<p>&#13;<\/p>\n<li>Sac \u00e9tanche<\/li>\n<p>&#13;<\/p>\n<li>19 poches dont deux poches isothermes<\/li>\n<p>&#13;\n<\/ul>\n<p><a rel=\"nofollow pass noopener noreferrer\" target=\"_blank\" class=\"item_cta_bottom jBlockAmazon\" name=\"btn_see_2\" href=\"https:\/\/www.amazon.fr\/Lekebaby-Langer-Imperm%C3%A9able-Capacit%C3%A9-Conception\/dp\/B07B7H6L9T?psc=1&amp;SubscriptionId=AKIAIS57BPYS2ZYMZEDA&amp;tag=journaldesfemmes-21&amp;linkCode=xm2&amp;camp=2025&amp;creative=165953&amp;creativeASIN=B07B7H6L9T&amp;ascsubtag=2101892f4fp\">VOIR LE PRODUIT<\/a><\/aside>\n<aside class=\"ads--insertor-avoid app_article_content\"><a id=\"sac-a-langer-babymoov\" name=\"sac-a-langer-babymoov\"\/><\/p>\n<h2 class=\"main_title\">sac \u00e0 langer babymoov<\/h2>\n<figure>\n<div class=\"product_picture\"><a rel=\"nofollow pass noopener noreferrer\" class=\"jBlockAmazon\" target=\"_blank\" href=\"https:\/\/www.amazon.fr\/Babymoov-Essential-Quotidien-Complet-Bandouili%C3%A8re\/dp\/B00NQ9C4QU?psc=1&amp;SubscriptionId=AKIAIS57BPYS2ZYMZEDA&amp;tag=journaldesfemmes-21&amp;linkCode=xm2&amp;camp=2025&amp;creative=165953&amp;creativeASIN=B00NQ9C4QU&amp;ascsubtag=2101892f5fi\"><img decoding=\"async\" src=\"https:\/\/images-eu.ssl-images-amazon.com\/images\/I\/51nH1yt5DeL.jpg\" alt=\"sac \u00e0 langer babymoov\"\/><\/a><\/div><figcaption>\n<h3 class=\"item_name\">Sac \u00e0 langer essential bag avec bandouli\u00e8re Babymoov<\/h3>\n<p><span style=\"color:black !important;font-size:14px !important;text-decoration:line-through !important;\">84,90 \u20ac<\/span><span class=\"item_price\">59,90 \u20ac<\/span><a rel=\"nofollow pass noopener noreferrer\" class=\"item_cta_bottom jBlockAmazon\" name=\"btn_see_1\" target=\"_blank\" href=\"https:\/\/www.amazon.fr\/Babymoov-Essential-Quotidien-Complet-Bandouili%C3%A8re\/dp\/B00NQ9C4QU?psc=1&amp;SubscriptionId=AKIAIS57BPYS2ZYMZEDA&amp;tag=journaldesfemmes-21&amp;linkCode=xm2&amp;camp=2025&amp;creative=165953&amp;creativeASIN=B00NQ9C4QU&amp;ascsubtag=2101892f5fb\">VOIR LE PRODUIT<\/a><span class=\"partner_sign\">sur\u00a0Amazon<\/span><\/figcaption><\/figure>\n<p>Le grand format de\u00a0ce sac \u00e0 langer Babymoov est son principal atout. Ses grandes dimensions permettent d&#8217;emporter avec soi les affaires de b\u00e9b\u00e9 mais aussi les v\u00f4tres. Solide, il dispose de renforts lat\u00e9raux.\u00a0Avec sa large ouverture, il est facile de chercher un objet dans ce sac, surtout qu&rsquo;il est \u00e9quip\u00e9 de plusieurs pochettes facilitant le rangement. Il dispose \u00e9galement d&rsquo;un tapis \u00e0 langer. Enfin, il peut \u00eatre port\u00e9 de deux mani\u00e8res : en bandouli\u00e8re, ou \u00e0 l&rsquo;\u00e9paule.\u00a0<\/p>\n<p>&#13;<br \/>\n&#13;<\/p>\n<ul>\n<li>Contient de nombreux accessoires comme une pochette pour t\u00e9tine, une pochette plastifi\u00e9e, une poche isotherme&#8230;<\/li>\n<p>&#13;<\/p>\n<li>Possibilit\u00e9 d&rsquo;attacher le sac sur la poussette.<\/li>\n<p>&#13;<\/p>\n<li>Grande capacit\u00e9.\u00a0<\/li>\n<p>&#13;\n<\/ul>\n<p><a rel=\"nofollow pass noopener noreferrer\" target=\"_blank\" class=\"item_cta_bottom jBlockAmazon\" name=\"btn_see_2\" href=\"https:\/\/www.amazon.fr\/Babymoov-Essential-Quotidien-Complet-Bandouili%C3%A8re\/dp\/B00NQ9C4QU?psc=1&amp;SubscriptionId=AKIAIS57BPYS2ZYMZEDA&amp;tag=journaldesfemmes-21&amp;linkCode=xm2&amp;camp=2025&amp;creative=165953&amp;creativeASIN=B00NQ9C4QU&amp;ascsubtag=2101892f5fp\">VOIR LE PRODUIT<\/a><\/aside>\n<aside class=\"ads--insertor-avoid app_article_content\"><a id=\"sac-a-langer-beaba\" name=\"sac-a-langer-beaba\"\/><\/p>\n<h2 class=\"main_title\">sac \u00e0 langer beaba<\/h2>\n<figure>\n<div class=\"product_picture\"><a rel=\"nofollow pass noopener noreferrer\" class=\"jBlockAmazon\" target=\"_blank\" href=\"https:\/\/www.awin1.com\/cread.php?awinmid=6948&amp;awinaffid=540299&amp;clickref=2101892f6fi&amp;p=https%3A%2F%2Fwww.cdiscount.com%2Fpret-a-porter%2Fbebe-puericulture%2Fbeaba-sac-a-langer-geneve-ii-play-print-marsala%2Ff-113173509-bea49402006.html\"><img decoding=\"async\" src=\"https:\/\/www.cdiscount.com\/pdt2\/0\/0\/6\/1\/700x700\/BEA49402006.jpg\" alt=\"sac \u00e0 langer beaba\"\/><\/a><\/div><figcaption>\n<h3 class=\"item_name\">Sac \u00e0 langer gen\u00e8ve II B\u00e9aba<\/h3>\n<p><span style=\"color:black !important;font-size:14px !important;text-decoration:line-through !important;\">77,06 \u20ac<\/span><span class=\"item_price\">51,84 \u20ac<\/span><a rel=\"nofollow pass noopener noreferrer\" class=\"item_cta_bottom jBlockAmazon\" name=\"btn_see_1\" target=\"_blank\" href=\"https:\/\/www.awin1.com\/cread.php?awinmid=6948&amp;awinaffid=540299&amp;clickref=2101892f6fb&amp;p=https%3A%2F%2Fwww.cdiscount.com%2Fpret-a-porter%2Fbebe-puericulture%2Fbeaba-sac-a-langer-geneve-ii-play-print-marsala%2Ff-113173509-bea49402006.html\">VOIR LE PRODUIT<\/a><span class=\"partner_sign\">sur\u00a0Cdiscount<\/span><\/figcaption><\/figure>\n<p>Avec son joli design, ce sac \u00e0 langer de la marque B\u00e9aba a une allure r\u00e9solument moderne. Tr\u00e8s pratique, il poss\u00e8de une pochette sur le devant qu&rsquo;il est possible de retirer. D&rsquo;une contenance appr\u00e9ciable de 23 litres, ce\u00a0sac \u00e0 langer permet d&#8217;emporter avec vous tout le n\u00e9cessaire de votre b\u00e9b\u00e9. Equip\u00e9 de multiples rangements et accessoires (pochette \u00e0 t\u00e9tine avec mousqueton, tapis \u00e0 langer confort, poche isotherme), ce sac \u00e0 langer peut s&rsquo;accrocher \u00e0 la poussette gr\u00e2ce \u00e0 un syst\u00e8me d&rsquo;attache int\u00e9gr\u00e9.\u00a0<\/p>\n<p>&#13;<br \/>\n&#13;<\/p>\n<ul>\n<li>Grande contenance (23 litres)<\/li>\n<p>&#13;<\/p>\n<li>Sac modulable, avec sa pochette frontale amovible<\/li>\n<p>&#13;<\/p>\n<li>Poche isotherme pour garder les repas au chaud ou au froid<\/li>\n<p>&#13;\n<\/ul>\n<p><a rel=\"nofollow pass noopener noreferrer\" target=\"_blank\" class=\"item_cta_bottom jBlockAmazon\" name=\"btn_see_2\" href=\"https:\/\/www.awin1.com\/cread.php?awinmid=6948&amp;awinaffid=540299&amp;clickref=2101892f6fp&amp;p=https%3A%2F%2Fwww.cdiscount.com%2Fpret-a-porter%2Fbebe-puericulture%2Fbeaba-sac-a-langer-geneve-ii-play-print-marsala%2Ff-113173509-bea49402006.html\">VOIR LE PRODUIT<\/a><\/aside>\n<aside class=\"ads--insertor-avoid app_article_content\"><a id=\"sac-a-langer-grande-capacite\" name=\"sac-a-langer-grande-capacite\"\/><\/p>\n<h2 class=\"main_title\">sac \u00e0 langer grande capacit\u00e9<\/h2>\n<figure>\n<div class=\"product_picture\"><a rel=\"nofollow pass noopener noreferrer\" class=\"jBlockAmazon\" target=\"_blank\" href=\"https:\/\/www.amazon.fr\/Langer-Bandouli%C3%A8re-Maternit%C3%A9-Oxford-Gar%C3%A7on\/dp\/B07B2RJRXT?psc=1&amp;SubscriptionId=AKIAIS57BPYS2ZYMZEDA&amp;tag=journaldesfemmes-21&amp;linkCode=xm2&amp;camp=2025&amp;creative=165953&amp;creativeASIN=B07B2RJRXT&amp;ascsubtag=2101892f7fi\"><img decoding=\"async\" src=\"https:\/\/images-eu.ssl-images-amazon.com\/images\/I\/51x%2BC4XVQsL.jpg\" alt=\"sac \u00e0 langer grande capacit\u00e9\"\/><\/a><\/div><figcaption>\n<h3 class=\"item_name\">Sac \u00e0 langer grande capacit\u00e9 Pomelo Best<\/h3>\n<p><span class=\"item_price\">39,99 \u20ac<\/span><a rel=\"nofollow pass noopener noreferrer\" class=\"item_cta_bottom jBlockAmazon\" name=\"btn_see_1\" target=\"_blank\" href=\"https:\/\/www.amazon.fr\/Langer-Bandouli%C3%A8re-Maternit%C3%A9-Oxford-Gar%C3%A7on\/dp\/B07B2RJRXT?psc=1&amp;SubscriptionId=AKIAIS57BPYS2ZYMZEDA&amp;tag=journaldesfemmes-21&amp;linkCode=xm2&amp;camp=2025&amp;creative=165953&amp;creativeASIN=B07B2RJRXT&amp;ascsubtag=2101892f7fb\">VOIR LE PRODUIT<\/a><span class=\"partner_sign\">sur\u00a0Amazon<\/span><\/figcaption><\/figure>\n<p>L&rsquo;atout principal de ce sac \u00e0 langer Pomelo Best, c&rsquo;est sa grande capacit\u00e9. Avec ses 50 litres de contenance, il est extr\u00eamement bien agenc\u00e9 et poss\u00e8de des rangements multiples pour toute votre logistique : pour les biberons, v\u00eatements, chaussures, mouchoirs, et m\u00eame pour le parapluie et la tablette des parents ! Le fond est rigide, et l&rsquo;ouverture bien large, pour faciliter l&rsquo;ordonnancement des accessoires.\u00a0\u00a0Ce sac \u00e0 langer a une allure \u00e9l\u00e9gante et classique, qui pourrait le faire passer pour un petit sac de voyage.\u00a0<\/p>\n<p>&#13;<br \/>\n&#13;<\/p>\n<ul>\n<li>Grande capacit\u00e9 de 50 litres<\/li>\n<p>&#13;<\/p>\n<li>Poches isothermes pour garder les aliments chauds ou froids<\/li>\n<p>&#13;<\/p>\n<li>A porter en bandouli\u00e8re, au bras ou \u00e0 la main<\/li>\n<p>&#13;\n<\/ul>\n<p><a rel=\"nofollow pass noopener noreferrer\" target=\"_blank\" class=\"item_cta_bottom jBlockAmazon\" name=\"btn_see_2\" href=\"https:\/\/www.amazon.fr\/Langer-Bandouli%C3%A8re-Maternit%C3%A9-Oxford-Gar%C3%A7on\/dp\/B07B2RJRXT?psc=1&amp;SubscriptionId=AKIAIS57BPYS2ZYMZEDA&amp;tag=journaldesfemmes-21&amp;linkCode=xm2&amp;camp=2025&amp;creative=165953&amp;creativeASIN=B07B2RJRXT&amp;ascsubtag=2101892f7fp\">VOIR LE PRODUIT<\/a><\/aside>\n<aside class=\"ads--insertor-avoid app_article_content\"><a id=\"sac-a-langer-badabulle\" name=\"sac-a-langer-badabulle\"\/><\/p>\n<h2 class=\"main_title\">sac \u00e0 langer badabulle<\/h2>\n<figure>\n<div class=\"product_picture\"><a rel=\"nofollow pass noopener noreferrer\" class=\"jBlockAmazon\" target=\"_blank\" href=\"https:\/\/www.amazon.fr\/Badabulle-Sac-%C3%A0-Langer-Noir\/dp\/B00NXZKGYE?SubscriptionId=AKIAIS57BPYS2ZYMZEDA&amp;tag=journaldesfemmes-21&amp;linkCode=xm2&amp;camp=2025&amp;creative=165953&amp;creativeASIN=B00NXZKGYE&amp;ascsubtag=2101892f8fi\"><img decoding=\"async\" src=\"https:\/\/images-eu.ssl-images-amazon.com\/images\/I\/413uWuf-wyL.jpg\" alt=\"sac \u00e0 langer badabulle\"\/><\/a><\/div><figcaption>\n<h3 class=\"item_name\">Sac \u00e0 Langer Badabulle<\/h3>\n<p><span class=\"item_price\">48,73 \u20ac<\/span><a rel=\"nofollow pass noopener noreferrer\" class=\"item_cta_bottom jBlockAmazon\" name=\"btn_see_1\" target=\"_blank\" href=\"https:\/\/www.amazon.fr\/Badabulle-Sac-%C3%A0-Langer-Noir\/dp\/B00NXZKGYE?SubscriptionId=AKIAIS57BPYS2ZYMZEDA&amp;tag=journaldesfemmes-21&amp;linkCode=xm2&amp;camp=2025&amp;creative=165953&amp;creativeASIN=B00NXZKGYE&amp;ascsubtag=2101892f8fb\">VOIR LE PRODUIT<\/a><span class=\"partner_sign\">sur\u00a0Amazon<\/span><\/figcaption><\/figure>\n<p>Ce sac tendance ressemble \u00e0 un sac \u00e0 mains chic, avec\u00a0sa forme bowling. Il contient de nombreuses poches int\u00e9rieures, une poche isotherme, int\u00e9gr\u00e9e, avec acc\u00e8s ext\u00e9rieur, ainsi qu&rsquo;une housse isotherme pour tous types de biberons ou bouteille 50 cl.<\/p>\n<p>&#13;<br \/>\n&#13;<\/p>\n<ul>\n<li>Matelas \u00e0 langer confort et facile \u00e0 nettoyer<\/li>\n<p>&#13;<\/p>\n<li>Pochette plastique<\/li>\n<p>&#13;<\/p>\n<li>Id\u00e9al pour les promenades ou les voyages<\/li>\n<p>&#13;\n<\/ul>\n<p><a rel=\"nofollow pass noopener noreferrer\" target=\"_blank\" class=\"item_cta_bottom jBlockAmazon\" name=\"btn_see_2\" href=\"https:\/\/www.amazon.fr\/Badabulle-Sac-%C3%A0-Langer-Noir\/dp\/B00NXZKGYE?SubscriptionId=AKIAIS57BPYS2ZYMZEDA&amp;tag=journaldesfemmes-21&amp;linkCode=xm2&amp;camp=2025&amp;creative=165953&amp;creativeASIN=B00NXZKGYE&amp;ascsubtag=2101892f8fp\">VOIR LE PRODUIT<\/a><\/aside>\n<aside class=\"ads--insertor-avoid app_article_content\"><a id=\"sac-a-langer-pas-cher\" name=\"sac-a-langer-pas-cher\"\/><\/p>\n<h2 class=\"main_title\">sac \u00e0 langer pas cher<\/h2>\n<figure>\n<div class=\"product_picture\"><a rel=\"nofollow pass noopener noreferrer\" class=\"jBlockAmazon\" target=\"_blank\" href=\"https:\/\/www.awin1.com\/cread.php?awinmid=6948&amp;awinaffid=540299&amp;clickref=2101892f10fi&amp;p=https%3A%2F%2Fwww.cdiscount.com%2Fpret-a-porter%2Fbebe-puericulture%2Fbadabulle-sac-a-langer-boho-noir%2Ff-113173509-auc3661276149496.html\"><img decoding=\"async\" src=\"https:\/\/www.cdiscount.com\/pdt2\/4\/9\/6\/1\/700x700\/AUC3661276149496.jpg\" alt=\"sac \u00e0 langer pas cher\"\/><\/a><\/div><figcaption>\n<h3 class=\"item_name\">Sac \u00e0 langer boho Badabulle <\/h3>\n<p><span style=\"color:black !important;font-size:14px !important;text-decoration:line-through !important;\">34,90 \u20ac<\/span><span class=\"item_price\">23,99 \u20ac<\/span><a rel=\"nofollow pass noopener noreferrer\" class=\"item_cta_bottom jBlockAmazon\" name=\"btn_see_1\" target=\"_blank\" href=\"https:\/\/www.awin1.com\/cread.php?awinmid=6948&amp;awinaffid=540299&amp;clickref=2101892f10fb&amp;p=https%3A%2F%2Fwww.cdiscount.com%2Fpret-a-porter%2Fbebe-puericulture%2Fbadabulle-sac-a-langer-boho-noir%2Ff-113173509-auc3661276149496.html\">VOIR LE PRODUIT<\/a><span class=\"partner_sign\">sur\u00a0Cdiscount<\/span><\/figcaption><\/figure>\n<p>On remarque ce sac \u00e0 langer de la marque Badabulle \u00e0 son allure moderne et surtout \u00e0 son petit prix. Equip\u00e9 d&rsquo;un double zip qui peut s&rsquo;ouvrir d&rsquo;une seule main, ce sac contient de nombreux rangements pour emporter avec vous toutes les affaires de b\u00e9b\u00e9. Parmi ses petits plus, une housse isotherme qui peut contenir un biberon ou une bouteille de 50 cl, ainsi qu&rsquo;un matelas \u00e0 langer. Gr\u00e2ce \u00e0 sa double anse, il peut \u00eatre port\u00e9 \u00e0 la main, ou bien \u00e0 l&rsquo;\u00e9paule par sa bandouli\u00e8re.<\/p>\n<p>&#13;<br \/>\n&#13;<\/p>\n<ul>\n<li>Petit prix\u00a0<\/li>\n<p>&#13;<\/p>\n<li>Double fermeture-\u00e9clair pour une grande ouverture<\/li>\n<p>&#13;\n<\/ul>\n<p><a rel=\"nofollow pass noopener noreferrer\" target=\"_blank\" class=\"item_cta_bottom jBlockAmazon\" name=\"btn_see_2\" href=\"https:\/\/www.awin1.com\/cread.php?awinmid=6948&amp;awinaffid=540299&amp;clickref=2101892f10fp&amp;p=https%3A%2F%2Fwww.cdiscount.com%2Fpret-a-porter%2Fbebe-puericulture%2Fbadabulle-sac-a-langer-boho-noir%2Ff-113173509-auc3661276149496.html\">VOIR LE PRODUIT<\/a><\/aside>\n<\/div>\n<p>[ad_2]<br \/>\n<br \/><a href=\"https:\/\/www.journaldesfemmes.fr\/maman\/guide-bebe\/2101892-meilleur-sac-a-langer\/\">Source link <\/a><\/p>\n","protected":false},"excerpt":{"rendered":"<p>[ad_1] Pour changer votre b\u00e9b\u00e9 quelque soit le lieu o\u00f9 vous vous d\u00e9placez, nous avons s\u00e9lectionn\u00e9 des mod\u00e8les tout confort &hellip; <a href=\"http:\/\/www.affinite.fr\/index.php\/2020\/03\/10\/meilleur-sac-a-langer-pour-le-confort-des-parents-et-des-bebes\/\" class=\"more-link\">Plus <span class=\"screen-reader-text\">Meilleur sac \u00e0 langer pour le confort des parents et des b\u00e9b\u00e9s<\/span> <span class=\"meta-nav\">&rarr;<\/span><\/a><\/p>\n","protected":false},"author":1,"featured_media":455,"comment_status":"open","ping_status":"open","sticky":false,"template":"","format":"standard","meta":{"_sitemap_exclude":false,"_sitemap_priority":"","_sitemap_frequency":"","footnotes":""},"categories":[1],"tags":[],"class_list":["post-454","post","type-post","status-publish","format-standard","has-post-thumbnail","hentry","category-tous"],"_links":{"self":[{"href":"http:\/\/www.affinite.fr\/index.php\/wp-json\/wp\/v2\/posts\/454"}],"collection":[{"href":"http:\/\/www.affinite.fr\/index.php\/wp-json\/wp\/v2\/posts"}],"about":[{"href":"http:\/\/www.affinite.fr\/index.php\/wp-json\/wp\/v2\/types\/post"}],"author":[{"embeddable":true,"href":"http:\/\/www.affinite.fr\/index.php\/wp-json\/wp\/v2\/users\/1"}],"replies":[{"embeddable":true,"href":"http:\/\/www.affinite.fr\/index.php\/wp-json\/wp\/v2\/comments?post=454"}],"version-history":[{"count":0,"href":"http:\/\/www.affinite.fr\/index.php\/wp-json\/wp\/v2\/posts\/454\/revisions"}],"wp:featuredmedia":[{"embeddable":true,"href":"http:\/\/www.affinite.fr\/index.php\/wp-json\/wp\/v2\/media\/455"}],"wp:attachment":[{"href":"http:\/\/www.affinite.fr\/index.php\/wp-json\/wp\/v2\/media?parent=454"}],"wp:term":[{"taxonomy":"category","embeddable":true,"href":"http:\/\/www.affinite.fr\/index.php\/wp-json\/wp\/v2\/categories?post=454"},{"taxonomy":"post_tag","embeddable":true,"href":"http:\/\/www.affinite.fr\/index.php\/wp-json\/wp\/v2\/tags?post=454"}],"curies":[{"name":"wp","href":"https:\/\/api.w.org\/{rel}","templated":true}]}}