{"id":4521,"date":"2020-06-26T19:43:03","date_gmt":"2020-06-26T19:43:03","guid":{"rendered":"https:\/\/www.affinite.fr\/index.php\/2020\/06\/26\/vers-un-clavier-a-touches-retractables-pour-reduire-un-peu-plus-lepaisseur-des-macbook\/"},"modified":"2020-06-26T19:43:03","modified_gmt":"2020-06-26T19:43:03","slug":"vers-un-clavier-a-touches-retractables-pour-reduire-un-peu-plus-lepaisseur-des-macbook","status":"publish","type":"post","link":"http:\/\/www.affinite.fr\/index.php\/2020\/06\/26\/vers-un-clavier-a-touches-retractables-pour-reduire-un-peu-plus-lepaisseur-des-macbook\/","title":{"rendered":"vers un clavier \u00e0 touches r\u00e9tractables pour r\u00e9duire (un peu plus) l&rsquo;\u00e9paisseur des MacBook"},"content":{"rendered":"<p> [ad_1]<br \/>\n<\/p>\n<div itemprop=\"articleBody\">\n<p>Des touches r\u00e9tractables. D&rsquo;apr\u00e8s l&rsquo;un des brevets d\u00e9pos\u00e9s par Apple pr\u00e8s l&rsquo;USPTO (Bureau des Brevets am\u00e9ricain) en 2019 et d\u00e9couvert par le site <em>Patently Apple<\/em>, Cupertino travaillerait \u00e0 un clavier assez&#8230; magique (facile, on sait). Il s&rsquo;agi(rai)t d&rsquo;un p\u00e9riph\u00e9rique de saisie qui serait capable de <a href=\"https:\/\/www.01net.com\/actualites\/apple-devrait-abandonner-le-clavier-papillon-sur-tous-ses-macbook-des-cette-annee-1873643.html\" target=\"_blank\" rel=\"noopener noreferrer\">faire oublier les quelques d\u00e9convenues<\/a> rencontr\u00e9es par les utilisateurs du mod\u00e8le \u00ab Papillon\u00a0\u00bb ces derniers ann\u00e9es ? Possible.<\/p>\n<p>Si nous interpr\u00e9tons correctement le brevet et les descriptifs techniques, les touches de ce potentiel clavier reposent sur un plateau, lui-m\u00eame mont\u00e9 sur un m\u00e9canisme. Gr\u00e2ce \u00e0 lui, les touches se l\u00e8veraient \u00e0 l&rsquo;ouverture de l&rsquo;\u00e9cran. Et s&rsquo;abaisseraient d\u00e8s que la dalle serait rabattue.<br \/>Le tout pourrait \u00eatre anim\u00e9 par le magn\u00e9tisme de petits aimants : ils attraperaient ou rel\u00e2cheraient le plateau suivant la position de la dalle. Le but ? Raboter un peu plus l&rsquo;\u00e9paisseur de la machine et proposer des <a href=\"https:\/\/www.01net.com\/tests\/test-du-macbook-pro-13-2020-l-ultraportable-pro-d-apple-gagne-une-belle-autonomie-et-un-nouveau-clavier-6453.html\" target=\"_blank\" rel=\"noopener noreferrer\">MacBook<\/a> (Pro et <a href=\"https:\/\/www.01net.com\/tests\/test-du-macbook-air-2020-l-ultraportable-d-apple-retrouve-enfin-de-sa-superbe-6435.html\" target=\"_blank\" rel=\"noopener noreferrer\">Air<\/a>) encore plus fins.<\/p>\n<blockquote>\n<p><strong>\u00c0 lire aussi : <\/strong><a href=\"https:\/\/www.01net.com\/actualites\/wwdc-2020-suivez-toutes-les-annonces-de-la-conference-d-apple-en-direct-des-19h-1937215.html\" target=\"_blank\" rel=\"noopener noreferrer\">iOS 14, macOS Big Sur, transition d&rsquo;Intel vers ARM&#8230; Toutes les annonces de la WWDC d&rsquo;Apple<\/a><\/p>\n<\/blockquote>\n<figure class=\"figure text-center\"><img decoding=\"async\" class=\"article-img img-responsive-l\" src=\"https:\/\/img.bfmtv.com\/c\/0\/708\/7c0f8b\/ea056f1f620f239a825cc54f66.jpg\" alt=\"\"\/><figcaption class=\"figure-caption figcaption color-txt-0 title-xs hidden-xs\">\n                                    PatentlyApple<br \/>\n                                                    &#8211;<br \/>\n                            <\/figcaption><\/figure>\n<h3 style=\"color:#333;font-family:arial,helvetica,sans-serif;font-size:23px;font-weight:700;\">Occuper l&rsquo;espace autrement<\/h3>\n<p>Cette d\u00e9couverte est tr\u00e8s int\u00e9ressante. D&rsquo;autant qu&rsquo;Apple a pr\u00e9vu de passer <a href=\"https:\/\/www.01net.com\/actualites\/apple-annonce-la-transition-vers-ses-puces-apple-silicon-le-futur-des-mac-1937334.html\" target=\"_blank\" rel=\"noopener noreferrer\">ses ordinateurs sous ARM<\/a>. Ce sont des plates-formes de faible encombrement et qui ne demandent pas, normalement, des syst\u00e8mes de dissipation trop importants pour \u00eatre refroidis. Cupertino va donc pouvoir gagner des millim\u00e8tres dans son bo\u00eetier. Tout d&rsquo;abord en hauteur\u00a0 &#8211; mais pas seulement, ce qui le pousse \u00e0 r\u00e9duire aussi la sur\u00e9l\u00e9vation des touches du clavier. Pari d&rsquo;autant plus difficile qu&rsquo;il ne doit pas compromettre le confort du clavier.<\/p>\n<p>Cr\u00e9er une cavit\u00e9 dans laquelle les touches pourraient s&rsquo;affaisser lorsqu&rsquo;on <a href=\"http:\/\/www.affinite.fr\/index.php\/2022\/10\/22\/la-creme-glacee-la-nouvelle-culture-commerciale\/\">ferme<\/a> le MacBook ne devrait pas poser beaucoup de probl\u00e8mes d&rsquo;agencement interne, du moins sur le papier. Et m\u00eame en pla\u00e7ant une importante batterie dans la machine, il y aura toujours de la place vu que les cartes m\u00e8res ARM sont aussi &#8211; voire plus &#8211; petites que celles des futures <a href=\"https:\/\/www.01net.com\/actualites\/tiger-lake-intel-devoile-ce-que-son-futur-processeur-pour-ultraportables-aura-dans-le-ventre-1841715.html\" target=\"_blank\" rel=\"noopener noreferrer\">machines sous Intel Tiger Lake<\/a>. \u00ab <em>La nature n&rsquo;aime pas le vide<\/em> \u00bb, la tech, non plus, tout espace libre est bon \u00e0 combler.<\/p>\n<aside class=\"bg-color-0 padding-inside-all-s bloc border-s\">\n<h4 class=\"box-txt-normal\">\n<p><strong>\u00c0 d\u00e9couvrir aussi en vid\u00e9o :<\/strong><\/p>\n<\/h4>\n<\/aside>\n<h3 style=\"color:#333; font-family:arial,helvetica,sans-serif; font-size:23px; font-weight:700\">Mini portrait robot d&rsquo;un futur MacBook<\/h3>\n<p>Par exemple et en th\u00e9orie, il suffirait de disposer la carte m\u00e8re, en longueur, sur la partie haute du plateau int\u00e9rieur, l\u00e0 o\u00f9 la charni\u00e8re de l&rsquo;\u00e9cran (Retina, 13 pouces bien s\u00fbr) se trouve. On ferait des trous sur toute cette facette -cach\u00e9e- du bo\u00eetier pour dissiper la chaleur, en toute discr\u00e9tion, passivement ou activement mais avec de petits ventilateurs tr\u00e8s plats et fins.<\/p>\n<p>Apple a d\u00e9j\u00e0 d\u00e9montr\u00e9 qu&rsquo;il savait cr\u00e9er des batteries ultraplates en \u00ab L \u00bb <a href=\"https:\/\/www.01net.com\/actualites\/iphone-xs-et-xs-max-ifixit-les-a-demontes-et-a-fait-quelques-decouvertes-surprenantes-1529479.html\" target=\"_blank\" rel=\"noopener noreferrer\">pour ses smartphones<\/a>. Et des batteries \u00e0 plusieurs morceaux pour <a href=\"https:\/\/www.01net.com\/actualites\/macbook-pro-16-pouces-ifixit-confirme-que-son-clavier-est-un-bon-retour-en-arriere-1808081.html\" target=\"_blank\" rel=\"noopener noreferrer\">ses MacBook<\/a>. Rien ne l&#8217;emp\u00eacherait d&rsquo;en positionner deux face-\u00e0-face, pour former un \u00ab U\u00a0\u00bb et qui occuperait tout l&rsquo;espace restant. Autonomie, l\u00e9g\u00e8ret\u00e9, finesse et puissance&#8230; sans oublier un clavier compl\u00e8tement fou : voil\u00e0 un hypoth\u00e9tique MacBook qui \u00e9veille notre int\u00e9r\u00eat et notre curiosit\u00e9.<\/p>\n<p><strong>Source :<\/strong> <a href=\"https:\/\/www.patentlyapple.com\/patently-apple\/2020\/06\/to-make-future-macbooks-even-thinner-apple-has-invented-the-retractable-keyboard.html\" target=\"_blank\" rel=\"noopener noreferrer\">Patently Apple<\/a><\/p>\n<\/p><\/div>\n<p><script>\n         !function(f,b,e,v,n,t,s){if(f.fbq)return;n=f.fbq=function()\n         {n.callMethod? n.callMethod.apply(n,arguments):n.queue.push(arguments)}\n         ;if(!f._fbq)f._fbq=n;\n             n.push=n;n.loaded=!0;n.version='2.0';n.queue=[];t=b.createElement(e);t.async=!0;\n             t.src=v;s=b.getElementsByTagName(e)[0];s.parentNode.insertBefore(t,s)}(window,\n                 document,'script','https:\/\/connect.facebook.net\/en_US\/fbevents.js');\n         fbq('init', '1065890633454496');\n         fbq('track', 'PageView');\n     <\/script><br \/>\n<br \/>[ad_2]<br \/>\n<br \/><a href=\"https:\/\/www.01net.com\/actualites\/apple-vers-un-clavier-a-touches-retractables-pour-reduire-un-peu-plus-l-epaisseur-des-macbook-1939188.html\">Source link <\/a><\/p>\n","protected":false},"excerpt":{"rendered":"<p>[ad_1] Des touches r\u00e9tractables. D&rsquo;apr\u00e8s l&rsquo;un des brevets d\u00e9pos\u00e9s par Apple pr\u00e8s l&rsquo;USPTO (Bureau des Brevets am\u00e9ricain) en 2019 et &hellip; <a href=\"http:\/\/www.affinite.fr\/index.php\/2020\/06\/26\/vers-un-clavier-a-touches-retractables-pour-reduire-un-peu-plus-lepaisseur-des-macbook\/\" class=\"more-link\">Plus <span class=\"screen-reader-text\">vers un clavier \u00e0 touches r\u00e9tractables pour r\u00e9duire (un peu plus) l&rsquo;\u00e9paisseur des MacBook<\/span> <span class=\"meta-nav\">&rarr;<\/span><\/a><\/p>\n","protected":false},"author":1,"featured_media":4522,"comment_status":"open","ping_status":"open","sticky":false,"template":"","format":"standard","meta":{"_sitemap_exclude":false,"_sitemap_priority":"","_sitemap_frequency":"","footnotes":""},"categories":[1],"tags":[],"class_list":["post-4521","post","type-post","status-publish","format-standard","has-post-thumbnail","hentry","category-tous"],"_links":{"self":[{"href":"http:\/\/www.affinite.fr\/index.php\/wp-json\/wp\/v2\/posts\/4521"}],"collection":[{"href":"http:\/\/www.affinite.fr\/index.php\/wp-json\/wp\/v2\/posts"}],"about":[{"href":"http:\/\/www.affinite.fr\/index.php\/wp-json\/wp\/v2\/types\/post"}],"author":[{"embeddable":true,"href":"http:\/\/www.affinite.fr\/index.php\/wp-json\/wp\/v2\/users\/1"}],"replies":[{"embeddable":true,"href":"http:\/\/www.affinite.fr\/index.php\/wp-json\/wp\/v2\/comments?post=4521"}],"version-history":[{"count":0,"href":"http:\/\/www.affinite.fr\/index.php\/wp-json\/wp\/v2\/posts\/4521\/revisions"}],"wp:featuredmedia":[{"embeddable":true,"href":"http:\/\/www.affinite.fr\/index.php\/wp-json\/wp\/v2\/media\/4522"}],"wp:attachment":[{"href":"http:\/\/www.affinite.fr\/index.php\/wp-json\/wp\/v2\/media?parent=4521"}],"wp:term":[{"taxonomy":"category","embeddable":true,"href":"http:\/\/www.affinite.fr\/index.php\/wp-json\/wp\/v2\/categories?post=4521"},{"taxonomy":"post_tag","embeddable":true,"href":"http:\/\/www.affinite.fr\/index.php\/wp-json\/wp\/v2\/tags?post=4521"}],"curies":[{"name":"wp","href":"https:\/\/api.w.org\/{rel}","templated":true}]}}