{"id":452,"date":"2020-03-10T06:51:23","date_gmt":"2020-03-10T06:51:23","guid":{"rendered":"https:\/\/www.affinite.fr\/index.php\/2020\/03\/10\/festival-de-la-ceramique-de-paris-11eme\/"},"modified":"2020-03-10T06:51:23","modified_gmt":"2020-03-10T06:51:23","slug":"festival-de-la-ceramique-de-paris-11eme","status":"publish","type":"post","link":"http:\/\/www.affinite.fr\/index.php\/2020\/03\/10\/festival-de-la-ceramique-de-paris-11eme\/","title":{"rendered":"Festival de la c\u00e9ramique de Paris 11\u00e8me"},"content":{"rendered":"<p> [ad_1]<br \/>\n<br \/><img decoding=\"async\" src=\"https:\/\/maison3.advcdn.net\/images\/medias\/000\/054\/000054295\/200.jpg\" \/><\/p>\n<div itemprop=\"articleBody\">\n<p>\n  <span style=\"font-size: 16px; line-height: 22px; font-family: Arial;\">Partager un caf\u00e9, un th\u00e9, <strong>modeler l\u2019argile<\/strong>, s\u2019\u00e9merveiller devant ce<strong>t art mill\u00e9naire<\/strong> et <strong>contemporain<\/strong> \u00e0 la fois, regarder un film, admirer des dessins, rencontrer l\u2019univers de c\u00e9ramistes \u2026 Voici l\u2019exp\u00e9rience qe le <strong>Festival de la C\u00e9ramique<\/strong> vous propose de vivre pendant 3 jours\u00a0!<\/span>\n<\/p>\n<p>\n  <span style=\"caret-color: rgb(0, 0, 0); font-family: Arial; font-size: 16px; font-style: normal; font-variant-caps: normal; font-weight: normal; letter-spacing: normal; text-align: left; text-indent: 0px; text-transform: none; white-space: normal; word-spacing: 0px; text-size-adjust: auto; -webkit-text-stroke-width: 0px; background-color: rgb(255, 255, 255); text-decoration: none; float: none; display: inline !important;\">L\u2019\u00e9dition 2020 du <strong>Festival de la C\u00e9ramique<\/strong> \u2026offre la vedette \u00e0 la <strong>diversit\u00e9 de l\u2019expression c\u00e9ramique.<\/strong> Qu\u2019elle soit emplie d\u2019humour color\u00e9 par les quatre mains d<strong>e Marie et Simon Bellego<\/strong>, les teintes fauves des sigill\u00e9es de\u00a0<strong>Mathieu Casseau<\/strong>, les d\u00e9licats \u00e9maux de <strong>Charles Hair<\/strong> ou encore foisonnant de d\u00e9tails, tels les graals et autres sculptures de porcelaine de <strong>Nolwen Bruneau.<\/strong><\/span>\n<\/p>\n<p class=\"text-build-content\" style=\"display: block; margin: 10px 0px; caret-color: rgb(0, 0, 0); color: rgb(0, 0, 0); font-family: Arial, sans-serif; font-size: 16px; font-style: normal; font-variant-caps: normal; font-weight: normal; letter-spacing: normal; orphans: auto; text-align: left; text-indent: 0px; text-transform: none; white-space: normal; widows: auto; word-spacing: 0px; -webkit-text-size-adjust: auto; -webkit-text-stroke-width: 0px; text-decoration: none;\">\n  <b>A<\/b> <span style=\"font-family: Arial; font-size: 16px; font-weight: bold\">propos du Festival de C\u00e9ramique du 11\u00e8me<\/span>\n<\/p>\n<p class=\"text-build-content\" style=\"display: block; margin: 10px 0px; caret-color: rgb(0, 0, 0); color: rgb(0, 0, 0); font-family: Arial, sans-serif; font-size: 16px; font-style: normal; font-variant-caps: normal; font-weight: normal; letter-spacing: normal; orphans: auto; text-align: left; text-indent: 0px; text-transform: none; white-space: normal; widows: auto; word-spacing: 0px; -webkit-text-size-adjust: auto; -webkit-text-stroke-width: 0px; text-decoration: none;\">\n  <span style=\"font-size: 16px; font-family: Arial;\"><strong>Le Festival de C\u00e9ramique du 11\u00e8me<\/strong> a vu le jour en 2007, organis\u00e9 par le collectif de <strong>c\u00e9ramistes Terramicales<\/strong>, il est devenu au fil des ans un moment d&rsquo;exception, un salon qui rassemble des artistes de talents dans une ambiance conviviale, que je ne rate jamais.<\/span>\n<\/p>\n<p class=\"text-build-content\" style=\"display: block; margin: 10px 0px; caret-color: rgb(0, 0, 0); color: rgb(0, 0, 0); font-family: Arial, sans-serif; font-size: 16px; font-style: normal; font-variant-caps: normal; font-weight: normal; letter-spacing: normal; orphans: auto; text-align: left; text-indent: 0px; text-transform: none; white-space: normal; widows: auto; word-spacing: 0px; -webkit-text-size-adjust: auto; -webkit-text-stroke-width: 0px; text-decoration: none;\">\n  <span style=\"font-size: 16px; font-family: Arial;\">Invit\u00e9, <strong>David Whitehead<\/strong> investira l&rsquo;espace central du festival, des pots et vases en gr\u00e8s \u00e0 peau color\u00e9e, r\u00e9v\u00e9l\u00e9e par la flamme, sauvages et libres ronds et anguleux qui s&rsquo;offrent comme sculptures.<\/span>\n<\/p>\n<p class=\"text-build-content\" style=\"display: block; margin: 10px 0px; caret-color: rgb(0, 0, 0); color: rgb(0, 0, 0); font-family: Arial, sans-serif; font-size: 16px; font-style: normal; font-variant-caps: normal; font-weight: normal; letter-spacing: normal; orphans: auto; text-align: left; text-indent: 0px; text-transform: none; white-space: normal; widows: auto; word-spacing: 0px; -webkit-text-size-adjust: auto; -webkit-text-stroke-width: 0px; text-decoration: none;\">\n  <span style=\"font-size: 16px; font-family: Arial;\">L&rsquo;occasion sera donn\u00e9e de d\u00e9couvrir de jeunes ateliers, les c\u00e9ramiques g\u00e9om\u00e9triques de <strong>Jeanne Morin<\/strong>, les froiss\u00e9s color\u00e9s de <strong>Victor Alar\u00e7on<\/strong>, l&rsquo;abstraction des c\u00e9ramiques de <strong>Val\u00e9rie Gutton.<\/strong><\/span>\n<\/p>\n<p class=\"text-build-content\" style=\"display: block; margin: 10px 0px; caret-color: rgb(0, 0, 0); color: rgb(0, 0, 0); font-family: Arial, sans-serif; font-size: 16px; font-style: normal; font-variant-caps: normal; font-weight: normal; letter-spacing: normal; orphans: auto; text-align: left; text-indent: 0px; text-transform: none; white-space: normal; widows: auto; word-spacing: 0px; -webkit-text-size-adjust: auto; -webkit-text-stroke-width: 0px; text-decoration: none;\">\n  <span style=\"font-size: 16px; font-family: Arial;\">D\u00e9couverte de l&rsquo;exposition r\u00e9alis\u00e9e avec les enfants de <strong>l&rsquo;\u00e9cole primaire de la rue Godefroy Cavaignac \u00e0 Paris 11\u00e8me<\/strong>, et comme chaque ann\u00e9e une animation modelage sera offerte aux enfants des visiteurs samedi et dimanche apr\u00e8s-midi, par <strong>l&rsquo;association Terramicales.<\/strong><\/span>\n<\/p>\n<p class=\"text-build-content\" style=\"display: block; margin: 10px 0px; caret-color: rgb(0, 0, 0); color: rgb(0, 0, 0); font-family: Arial, sans-serif; font-size: 16px; font-style: normal; font-variant-caps: normal; font-weight: normal; letter-spacing: normal; orphans: auto; text-align: left; text-indent: 0px; text-transform: none; white-space: normal; widows: auto; word-spacing: 0px; -webkit-text-size-adjust: auto; -webkit-text-stroke-width: 0px; text-decoration: none;\">\n  <span style=\"font-size: 16px; font-family: Arial;\">Se poser et d\u00e9couvrir le <strong>Caf\u00e9 terramicales<\/strong> autour d&rsquo; un th\u00e9 ou d&rsquo;un caf\u00e9 dans des c\u00e9ramiques propos\u00e9es sur le salon sera offert comme chaque ann\u00e9e aux visiteurs, un moment de convivialit\u00e9.<\/span>\n<\/p>\n<p class=\"text-build-content\" style=\"display: block; margin: 10px 0px; caret-color: rgb(0, 0, 0); color: rgb(0, 0, 0); font-family: Arial, sans-serif; font-size: 14px; font-style: normal; font-variant-caps: normal; font-weight: normal; letter-spacing: normal; orphans: auto; text-indent: 0px; text-transform: none; white-space: normal; widows: auto; word-spacing: 0px; -webkit-text-size-adjust: auto; -webkit-text-stroke-width: 0px; text-decoration: none; text-align: justify;\">\n  <span style=\"font-family: Arial; font-size: 16px; font-weight: bold; line-height: 22px;\">\u00c9galement au programme de l\u2019\u00e9dition 2020\u00a0:<\/span>\n<\/p>\n<ul>\n<li>\n    <span style=\"font-size: 16px; line-height: 22px; font-family: Arial;\">Une exposition des dessins de la collection <strong style=\"font-style: italic\">Traces Habiles<\/strong><\/span>\n  <\/li>\n<li>\n    <span style=\"font-size: 16px; line-height: 22px; font-family: Arial;\">Une performance autour du proc\u00e9d\u00e9 cr\u00e9atif<\/span>\n  <\/li>\n<li>\n    <span style=\"font-size: 16px; line-height: 22px; font-family: Arial;\">La d\u00e9couverte de <strong>5 jeunes ateliers c\u00e9ramiques<\/strong><\/span>\n  <\/li>\n<li>\n    <span style=\"font-size: 16px; line-height: 22px; font-family: Arial;\">Des ateliers de modelage pour les plus petits<\/span>\n  <\/li>\n<li>\n    <span style=\"font-size: 16px; line-height: 22px; font-family: Arial;\">Le caf\u00e9 <strong style=\"font-style: italic\">Terramicales<\/strong> pour les plus grands.<\/span>\n  <\/li>\n<\/ul>\n<p class=\"text-build-content\" style=\"display: block; margin: 10px 0px; caret-color: rgb(0, 0, 0); color: rgb(0, 0, 0); font-family: Arial, sans-serif; font-size: 16px; font-style: normal; font-variant-caps: normal; font-weight: normal; letter-spacing: normal; orphans: auto; text-align: left; text-indent: 0px; text-transform: none; white-space: normal; widows: auto; word-spacing: 0px; -webkit-text-size-adjust: auto; -webkit-text-stroke-width: 0px; text-decoration: none;\">\n  <span style=\"font-size: 16px; line-height: 22px; font-family: Arial;\">Y aller : Salle Olympe de Gouges &#8211; 15, rue Merlin Paris 11e<\/span>\n<\/p>\n<p class=\"text-build-content\" style=\"display: block; margin: 10px 0px; caret-color: rgb(0, 0, 0); color: rgb(0, 0, 0); font-family: Arial, sans-serif; font-size: 16px; font-style: normal; font-variant-caps: normal; font-weight: normal; letter-spacing: normal; orphans: auto; text-align: left; text-indent: 0px; text-transform: none; white-space: normal; widows: auto; word-spacing: 0px; -webkit-text-size-adjust: auto; -webkit-text-stroke-width: 0px; text-decoration: none;\">\n  <span style=\"font-size: 16px; line-height: 22px; font-family: Arial;\">M\u00b0 Voltaire, ligne 9\u00a0 Entr\u00e9e libre<\/span>\n<\/p>\n<p class=\"text-build-content\" style=\"display: block; margin: 10px 0px; caret-color: rgb(0, 0, 0); color: rgb(0, 0, 0); font-family: Arial, sans-serif; font-size: 16px; font-style: normal; font-variant-caps: normal; font-weight: normal; letter-spacing: normal; orphans: auto; text-align: left; text-indent: 0px; text-transform: none; white-space: normal; widows: auto; word-spacing: 0px; -webkit-text-size-adjust: auto; -webkit-text-stroke-width: 0px; text-decoration: none;\">\n  <span style=\"font-size: 16px; font-family: Arial;\">Le Festival est soutenu par la <strong>Mairie du 11\u00e8me,<\/strong> <strong>la Mairie de Paris et Ateliers d\u2019Art de France.<\/strong><\/span>\n<\/p>\n<p class=\"text-build-content\" style=\"display: block; margin: 10px 0px; caret-color: rgb(0, 0, 0); color: rgb(0, 0, 0); font-family: Arial, sans-serif; font-size: 16px; font-style: normal; font-variant-caps: normal; font-weight: normal; letter-spacing: normal; orphans: auto; text-align: left; text-indent: 0px; text-transform: none; white-space: normal; widows: auto; word-spacing: 0px; -webkit-text-size-adjust: auto; -webkit-text-stroke-width: 0px; text-decoration: none;\">\n  <a href=\"www.festivaldeceramique.com\" target=\"_blank\" rel=\"noopener noreferrer\"><span style=\"font-size: 16px; font-family: Arial;\">www.festivaldeceramique.com<\/span><\/a>\n<\/p>\n<\/p><\/div>\n<p><script async defer crossorigin=\"anonymous\" src=\"https:\/\/connect.facebook.net\/fr_FR\/sdk.js#xfbml=1&#038;version=v6.0&#038;appId=252025098257546&#038;autoLogAppEvents=1\"><\/script><br \/>\n<br \/>[ad_2]<br \/>\n<br \/><a href=\"http:\/\/feedproxy.google.com\/~r\/maison-actus\/~3\/hJZiR075vPQ\/\">Source link <\/a><\/p>\n","protected":false},"excerpt":{"rendered":"<p>[ad_1] Partager un caf\u00e9, un th\u00e9, modeler l\u2019argile, s\u2019\u00e9merveiller devant cet art mill\u00e9naire et contemporain \u00e0 la fois, regarder un &hellip; <a href=\"http:\/\/www.affinite.fr\/index.php\/2020\/03\/10\/festival-de-la-ceramique-de-paris-11eme\/\" class=\"more-link\">Plus <span class=\"screen-reader-text\">Festival de la c\u00e9ramique de Paris 11\u00e8me<\/span> <span class=\"meta-nav\">&rarr;<\/span><\/a><\/p>\n","protected":false},"author":1,"featured_media":453,"comment_status":"open","ping_status":"open","sticky":false,"template":"","format":"standard","meta":{"_sitemap_exclude":false,"_sitemap_priority":"","_sitemap_frequency":"","footnotes":""},"categories":[1],"tags":[],"class_list":["post-452","post","type-post","status-publish","format-standard","has-post-thumbnail","hentry","category-tous"],"_links":{"self":[{"href":"http:\/\/www.affinite.fr\/index.php\/wp-json\/wp\/v2\/posts\/452"}],"collection":[{"href":"http:\/\/www.affinite.fr\/index.php\/wp-json\/wp\/v2\/posts"}],"about":[{"href":"http:\/\/www.affinite.fr\/index.php\/wp-json\/wp\/v2\/types\/post"}],"author":[{"embeddable":true,"href":"http:\/\/www.affinite.fr\/index.php\/wp-json\/wp\/v2\/users\/1"}],"replies":[{"embeddable":true,"href":"http:\/\/www.affinite.fr\/index.php\/wp-json\/wp\/v2\/comments?post=452"}],"version-history":[{"count":0,"href":"http:\/\/www.affinite.fr\/index.php\/wp-json\/wp\/v2\/posts\/452\/revisions"}],"wp:featuredmedia":[{"embeddable":true,"href":"http:\/\/www.affinite.fr\/index.php\/wp-json\/wp\/v2\/media\/453"}],"wp:attachment":[{"href":"http:\/\/www.affinite.fr\/index.php\/wp-json\/wp\/v2\/media?parent=452"}],"wp:term":[{"taxonomy":"category","embeddable":true,"href":"http:\/\/www.affinite.fr\/index.php\/wp-json\/wp\/v2\/categories?post=452"},{"taxonomy":"post_tag","embeddable":true,"href":"http:\/\/www.affinite.fr\/index.php\/wp-json\/wp\/v2\/tags?post=452"}],"curies":[{"name":"wp","href":"https:\/\/api.w.org\/{rel}","templated":true}]}}