{"id":4501,"date":"2020-06-26T10:29:46","date_gmt":"2020-06-26T10:29:46","guid":{"rendered":"https:\/\/www.affinite.fr\/index.php\/2020\/06\/26\/facebook-vous-alerte-desormais-lorsque-vous-partagez-un-vieil-article\/"},"modified":"2020-06-26T10:29:46","modified_gmt":"2020-06-26T10:29:46","slug":"facebook-vous-alerte-desormais-lorsque-vous-partagez-un-vieil-article","status":"publish","type":"post","link":"http:\/\/www.affinite.fr\/index.php\/2020\/06\/26\/facebook-vous-alerte-desormais-lorsque-vous-partagez-un-vieil-article\/","title":{"rendered":"Facebook vous alerte d\u00e9sormais lorsque vous partagez un vieil article"},"content":{"rendered":"<p> [ad_1]<br \/>\n<br \/><img decoding=\"async\" src=\"https:\/\/img.bfmtv.com\/i\/0\/0\/40948\/1ea6f5edc24468a6b4741d7d629.jpg\" \/><\/p>\n<div itemprop=\"articleBody\">\n<p class=\"MsoNormal\">Facebook continue son combat contre la d\u00e9sinformation. Le r\u00e9seau social vient d\u2019annoncer qu\u2019il \u00e9tait en train de d\u00e9ployer une nouvelle fonctionnalit\u00e9 pour tous ses utilisateurs pour leur permettre de mieux contextualiser les articles qu\u2019ils partagent sur leur fil d\u2019actualit\u00e9. Ils verront appara\u00eetre automatiquement une notification d\u00e8s lors qu\u2019ils tenteront de partager un article vieux de plus de 90 jours.<\/p>\n<h3 class=\"MsoNormal\" style=\"color:#333;font-family:arial,helvetica,sans-serif;font-size:23px;font-weight:700;\"><strong>Inciter les gens \u00e0 r\u00e9fl\u00e9chir et \u00e0 v\u00e9rifier avant de partager<\/strong><\/h3>\n<p class=\"MsoNormal\">L\u2019introduction de ce nouveau mode de fonctionnement vise \u00e0 pousser les utilisateurs du r\u00e9seau social \u00e0 mieux contextualiser les informations qu\u2019ils partagent. Une actualit\u00e9 vieille de trois mois n\u2019aura parfois plus lieu d\u2019\u00eatre si le contexte du sujet trait\u00e9 a \u00e9volu\u00e9 dans les semaines qui suivent. Malgr\u00e9 l\u2019affichage de cette notification, l\u2019utilisateur pourra toujours choisir de partager son article s\u2019il le souhaite.<\/p>\n<p class=\"MsoNormal\">Au cours des derniers mois, Facebook explique avoir fait des recherches qui ont montr\u00e9 que l\u2019anciennet\u00e9 d\u2019un article \u00e9tait un \u00e9l\u00e9ment de contexte important pour aider les gens \u00e0 d\u00e9cider s\u2019ils doivent ou non partager un article et faire confiance \u00e0 l\u2019information qui y est trait\u00e9e.<\/p>\n<p class=\"MsoNormal\">Le r\u00e9seau social indique par ailleurs que de nombreux \u00e9diteurs de contenus ont exprim\u00e9 leur inqui\u00e9tude face la recrudescence d\u2019histoires anciennes partag\u00e9es comme \u00e9tant des informations r\u00e9centes sur le r\u00e9seau social.<\/p>\n<aside class=\"bg-color-0 padding-inside-all-s bloc border-s\">\n<h4 class=\"box-txt-normal\">\n<p><strong>\u00c0 d\u00e9couvrir aussi en vid\u00e9o :<\/strong><\/p>\n<\/h4>\n<\/aside>\n<p class=\"MsoNormal\">Dans les prochains mois, Facebook compte \u00e9galement utiliser ce syst\u00e8me de notifications dans d\u2019autres domaines. La plate-forme entend les mettre en place pour les publications en rapport avec la Covid-19, afin de donner des indications sur la source du lien, et de rediriger l\u2019utilisateur vers le centre d\u2019informations d\u00e9di\u00e9.<\/p>\n<p class=\"MsoNormal\">Source\u00a0: <a href=\"https:\/\/about.fb.com\/news\/2020\/06\/more-context-for-news-articles-and-other-content\/\" target=\"_blank\" rel=\"noopener noreferrer\">Facebook <\/a><\/p>\n<\/p><\/div>\n<p><script>\n         !function(f,b,e,v,n,t,s){if(f.fbq)return;n=f.fbq=function()\n         {n.callMethod? n.callMethod.apply(n,arguments):n.queue.push(arguments)}\n         ;if(!f._fbq)f._fbq=n;\n             n.push=n;n.loaded=!0;n.version='2.0';n.queue=[];t=b.createElement(e);t.async=!0;\n             t.src=v;s=b.getElementsByTagName(e)[0];s.parentNode.insertBefore(t,s)}(window,\n                 document,'script','https:\/\/connect.facebook.net\/en_US\/fbevents.js');\n         fbq('init', '1065890633454496');\n         fbq('track', 'PageView');\n     <\/script><br \/>\n<br \/>[ad_2]<br \/>\n<br \/><a href=\"https:\/\/www.01net.com\/actualites\/facebook-vous-alerte-desormais-lorsque-vous-partagez-un-vieil-article-1939153.html\">Source link <\/a><\/p>\n","protected":false},"excerpt":{"rendered":"<p>[ad_1] Facebook continue son combat contre la d\u00e9sinformation. Le r\u00e9seau social vient d\u2019annoncer qu\u2019il \u00e9tait en train de d\u00e9ployer une &hellip; <a href=\"http:\/\/www.affinite.fr\/index.php\/2020\/06\/26\/facebook-vous-alerte-desormais-lorsque-vous-partagez-un-vieil-article\/\" class=\"more-link\">Plus <span class=\"screen-reader-text\">Facebook vous alerte d\u00e9sormais lorsque vous partagez un vieil article<\/span> <span class=\"meta-nav\">&rarr;<\/span><\/a><\/p>\n","protected":false},"author":1,"featured_media":4502,"comment_status":"open","ping_status":"open","sticky":false,"template":"","format":"standard","meta":{"_sitemap_exclude":false,"_sitemap_priority":"","_sitemap_frequency":"","footnotes":""},"categories":[1],"tags":[],"class_list":["post-4501","post","type-post","status-publish","format-standard","has-post-thumbnail","hentry","category-tous"],"_links":{"self":[{"href":"http:\/\/www.affinite.fr\/index.php\/wp-json\/wp\/v2\/posts\/4501"}],"collection":[{"href":"http:\/\/www.affinite.fr\/index.php\/wp-json\/wp\/v2\/posts"}],"about":[{"href":"http:\/\/www.affinite.fr\/index.php\/wp-json\/wp\/v2\/types\/post"}],"author":[{"embeddable":true,"href":"http:\/\/www.affinite.fr\/index.php\/wp-json\/wp\/v2\/users\/1"}],"replies":[{"embeddable":true,"href":"http:\/\/www.affinite.fr\/index.php\/wp-json\/wp\/v2\/comments?post=4501"}],"version-history":[{"count":0,"href":"http:\/\/www.affinite.fr\/index.php\/wp-json\/wp\/v2\/posts\/4501\/revisions"}],"wp:featuredmedia":[{"embeddable":true,"href":"http:\/\/www.affinite.fr\/index.php\/wp-json\/wp\/v2\/media\/4502"}],"wp:attachment":[{"href":"http:\/\/www.affinite.fr\/index.php\/wp-json\/wp\/v2\/media?parent=4501"}],"wp:term":[{"taxonomy":"category","embeddable":true,"href":"http:\/\/www.affinite.fr\/index.php\/wp-json\/wp\/v2\/categories?post=4501"},{"taxonomy":"post_tag","embeddable":true,"href":"http:\/\/www.affinite.fr\/index.php\/wp-json\/wp\/v2\/tags?post=4501"}],"curies":[{"name":"wp","href":"https:\/\/api.w.org\/{rel}","templated":true}]}}