{"id":4483,"date":"2020-06-26T01:14:41","date_gmt":"2020-06-26T01:14:41","guid":{"rendered":"https:\/\/www.affinite.fr\/index.php\/2020\/06\/26\/comment-bien-demarrer-avec-reels-les-videos-courtes-dinstagram\/"},"modified":"2020-06-26T01:14:41","modified_gmt":"2020-06-26T01:14:41","slug":"comment-bien-demarrer-avec-reels-les-videos-courtes-dinstagram","status":"publish","type":"post","link":"http:\/\/www.affinite.fr\/index.php\/2020\/06\/26\/comment-bien-demarrer-avec-reels-les-videos-courtes-dinstagram\/","title":{"rendered":"Comment bien d\u00e9marrer avec Reels, les vid\u00e9os courtes d\u2019Instagram ?"},"content":{"rendered":"<p> [ad_1]<br \/>\n<\/p>\n<div itemprop=\"articleBody\">\n<p>En lan\u00e7ant <a href=\"https:\/\/www.01net.com\/actualites\/instagram-lance-reels-un-format-de-videos-courtes-pour-concurrencer-tiktok-1938189.html\" target=\"_blank\" rel=\"noopener noreferrer\">Reels, Instagram entend bien se faire une place dans le domaine des vid\u00e9os courtes<\/a> et s\u2019attaque au sp\u00e9cialiste du genre, l\u2019application chinoise TikTok.<\/p>\n<p>Encore en cours de d\u00e9ploiement chez certains utilisateurs, Reels permet de cr\u00e9er des vid\u00e9os d\u2019une quinzaine de secondes, compos\u00e9e de plusieurs clips. Le tout peut ensuite \u00eatre agr\u00e9ment\u00e9 d\u2019effets et de musiques avant d\u2019\u00eatre partag\u00e9 sur le fil d\u2019actualit\u00e9 de l\u2019abonn\u00e9, ou partag\u00e9 avec l\u2019ensemble de la communaut\u00e9 pour les comptes publics.<\/p>\n<p class=\"MsoNormal\">Ceux qui opteront pour ce choix auront peut-\u00eatre la chance de voir leur cr\u00e9ation s\u00e9lectionn\u00e9e pour appara\u00eetre au sein de l\u2019onglet Explorer, qui permet \u00e0 l\u2019ensemble des utilisateurs d\u2019Instagram de d\u00e9couvrir de nouveaux cr\u00e9ateurs de contenus. Voici tout ce qu\u2019il faut savoir pour bien utiliser Reels.<\/p>\n<h3 class=\"MsoNormal\" style=\"color:#333;font-family:arial,helvetica,sans-serif;font-size:23px;font-weight:700;\"><strong>1. Acc\u00e9dez \u00e0 Reels<\/strong><\/h3>\n<p class=\"MsoNormal\">Ouvrez l\u2019application sur votre smartphone et acc\u00e9dez \u00e0 l\u2019appareil photo Instagram. Faites d\u00e9filer le mode de prise de vue, en bas de l\u2019\u00e9cran, sur Reels.<\/p>\n<figure class=\"figure text-center\"><img decoding=\"async\" class=\"article-img img-responsive-l\" src=\"https:\/\/img.bfmtv.com\/c\/0\/708\/ffe\/bd3ebeef47f42a9ce6496373d3fbf.jpg\" alt=\"\"\/><figcaption class=\"figure-caption figcaption color-txt-0 title-xs hidden-xs\"\/><\/figure>\n<h3 class=\"MsoNormal\" style=\"color:#333;font-family:arial,helvetica,sans-serif;font-size:23px;font-weight:700;\"><strong>2. D\u00e9marrez l\u2019enregistrement<\/strong><br \/><\/h3>\n<p class=\"MsoNormal\">Les vid\u00e9os courtes Reels sont compos\u00e9es de plusieurs petits clips mis bout \u00e0 bout, avec un maximum de 15 secondes pour une vid\u00e9o compl\u00e8te. <\/p>\n<p class=\"MsoNormal\">Pour lancer l\u2019enregistrement d\u2019une vid\u00e9o Reels, maintenez votre doigt appuy\u00e9 sur le d\u00e9clencheur, commencez \u00e0 filmer votre sc\u00e8ne, et rel\u00e2chez le bouton pour couper.<\/p>\n<figure class=\"figure text-center\"><img decoding=\"async\" class=\"article-img img-responsive-l\" src=\"https:\/\/img.bfmtv.com\/c\/0\/708\/be6\/5dc5cacc0a4c28758a6a4708281d6.jpg\" alt=\"\"\/><figcaption class=\"figure-caption figcaption color-txt-0 title-xs hidden-xs\"\/><\/figure>\n<h3 class=\"MsoNormal\" style=\"color:#333;font-family:arial,helvetica,sans-serif;font-size:23px;font-weight:700;\"><strong>3. Alignez vos clips sur les pr\u00e9c\u00e9dents<\/strong><\/h3>\n<p class=\"MsoNormal\">Si votre vid\u00e9o doit avoir une certaine continuit\u00e9, il est possible d\u2019afficher un calque vous permettant de superposer la cam\u00e9ra sur la derni\u00e8re image du clip pr\u00e9c\u00e9dent. Pour cela, appuyez sur l\u2019ic\u00f4ne figurant deux carr\u00e9s superpos\u00e9s \u00e0 gauche de l\u2019interface, repositionnez la cam\u00e9ra de votre smartphone, et lancez \u00e0 nouveau l\u2019enregistrement de votre vid\u00e9o.<\/p>\n<figure class=\"figure text-center\"><img decoding=\"async\" class=\"article-img img-responsive-l\" src=\"https:\/\/img.bfmtv.com\/c\/0\/708\/a87\/393ec021921cf31f013554205cbd1.jpg\" alt=\"\"\/><figcaption class=\"figure-caption figcaption color-txt-0 title-xs hidden-xs\"\/><\/figure>\n<h3 class=\"MsoNormal\" style=\"color:#333;font-family:arial,helvetica,sans-serif;font-size:23px;font-weight:700;\"><strong>4. Ajoutez des effets<\/strong><br \/><\/h3>\n<p class=\"MsoNormal\">Pour obtenir un r\u00e9sultat optimal, Reels propose plusieurs outils pour agr\u00e9menter votre vid\u00e9o. <\/p>\n<p class=\"MsoNormal\">Avant de lancer l\u2019enregistrement d\u2019un clip, vous pourrez ajouter une musique, acc\u00e9l\u00e9rer la lecture d\u2019un clip, appliquer un filtre, ou encore param\u00e9trer un minuteur pour d\u00e9terminer \u00e0 l\u2019avance la dur\u00e9e du clip \u00e0 enregistrer.<\/p>\n<figure class=\"figure text-center\"><img decoding=\"async\" class=\"article-img img-responsive-l\" src=\"https:\/\/img.bfmtv.com\/c\/0\/708\/e4e\/ec916f8e24aa79af9250ecf864bb9.jpg\" alt=\"\"\/><figcaption class=\"figure-caption figcaption color-txt-0 title-xs hidden-xs\"\/><\/figure>\n<h3 class=\"MsoNormal\" style=\"color:#333;font-family:arial,helvetica,sans-serif;font-size:23px;font-weight:700;\"><strong>5. Partagez votre vid\u00e9o<\/strong><\/h3>\n<p class=\"MsoNormal\">Une fois tous les clips de votre vid\u00e9o tourn\u00e9s, appuyez sur la fl\u00e8che pour afficher l\u2019aper\u00e7u. \u00c0 l\u2019aide des outils int\u00e9gr\u00e9s en haut \u00e0 droite de l\u2019\u00e9cran, vous pourrez si vous le souhaitez choisir de sauvegarder votre cr\u00e9ation dans la pellicule de votre smartphone, ajouter un sticker, dessiner ou ajouter du texte sur la vid\u00e9o.<\/p>\n<figure class=\"figure text-center\"><img decoding=\"async\" class=\"article-img img-responsive-l\" src=\"https:\/\/img.bfmtv.com\/c\/0\/708\/0786\/644b209988544850aaebf053f1c1.jpg\" alt=\"\"\/><figcaption class=\"figure-caption figcaption color-txt-0 title-xs hidden-xs\"\/><\/figure>\n<p class=\"MsoNormal\">Lorsque votre personnalisation est termin\u00e9e, appuyez sur la fl\u00e8che pour passer \u00e0 l\u2019\u00e9tape suivante. Vous n\u2019aurez plus qu\u2019\u00e0 ajouter une l\u00e9gende et des hashtags puis \u00e0 partager votre cr\u00e9ation dans votre fil, ou en story.<\/p>\n<\/p><\/div>\n<p><script>\n         !function(f,b,e,v,n,t,s){if(f.fbq)return;n=f.fbq=function()\n         {n.callMethod? n.callMethod.apply(n,arguments):n.queue.push(arguments)}\n         ;if(!f._fbq)f._fbq=n;\n             n.push=n;n.loaded=!0;n.version='2.0';n.queue=[];t=b.createElement(e);t.async=!0;\n             t.src=v;s=b.getElementsByTagName(e)[0];s.parentNode.insertBefore(t,s)}(window,\n                 document,'script','https:\/\/connect.facebook.net\/en_US\/fbevents.js');\n         fbq('init', '1065890633454496');\n         fbq('track', 'PageView');\n     <\/script><br \/>\n<br \/>[ad_2]<br \/>\n<br \/><a href=\"https:\/\/www.01net.com\/astuces\/comment-bien-demarrer-avec-reels-les-videos-courtes-d-instagram-1938940.html\">Source link <\/a><\/p>\n","protected":false},"excerpt":{"rendered":"<p>[ad_1] En lan\u00e7ant Reels, Instagram entend bien se faire une place dans le domaine des vid\u00e9os courtes et s\u2019attaque au &hellip; <a href=\"http:\/\/www.affinite.fr\/index.php\/2020\/06\/26\/comment-bien-demarrer-avec-reels-les-videos-courtes-dinstagram\/\" class=\"more-link\">Plus <span class=\"screen-reader-text\">Comment bien d\u00e9marrer avec Reels, les vid\u00e9os courtes d\u2019Instagram ?<\/span> <span class=\"meta-nav\">&rarr;<\/span><\/a><\/p>\n","protected":false},"author":1,"featured_media":4484,"comment_status":"open","ping_status":"open","sticky":false,"template":"","format":"standard","meta":{"_sitemap_exclude":false,"_sitemap_priority":"","_sitemap_frequency":"","footnotes":""},"categories":[1],"tags":[],"class_list":["post-4483","post","type-post","status-publish","format-standard","has-post-thumbnail","hentry","category-tous"],"_links":{"self":[{"href":"http:\/\/www.affinite.fr\/index.php\/wp-json\/wp\/v2\/posts\/4483"}],"collection":[{"href":"http:\/\/www.affinite.fr\/index.php\/wp-json\/wp\/v2\/posts"}],"about":[{"href":"http:\/\/www.affinite.fr\/index.php\/wp-json\/wp\/v2\/types\/post"}],"author":[{"embeddable":true,"href":"http:\/\/www.affinite.fr\/index.php\/wp-json\/wp\/v2\/users\/1"}],"replies":[{"embeddable":true,"href":"http:\/\/www.affinite.fr\/index.php\/wp-json\/wp\/v2\/comments?post=4483"}],"version-history":[{"count":0,"href":"http:\/\/www.affinite.fr\/index.php\/wp-json\/wp\/v2\/posts\/4483\/revisions"}],"wp:featuredmedia":[{"embeddable":true,"href":"http:\/\/www.affinite.fr\/index.php\/wp-json\/wp\/v2\/media\/4484"}],"wp:attachment":[{"href":"http:\/\/www.affinite.fr\/index.php\/wp-json\/wp\/v2\/media?parent=4483"}],"wp:term":[{"taxonomy":"category","embeddable":true,"href":"http:\/\/www.affinite.fr\/index.php\/wp-json\/wp\/v2\/categories?post=4483"},{"taxonomy":"post_tag","embeddable":true,"href":"http:\/\/www.affinite.fr\/index.php\/wp-json\/wp\/v2\/tags?post=4483"}],"curies":[{"name":"wp","href":"https:\/\/api.w.org\/{rel}","templated":true}]}}