{"id":4479,"date":"2020-06-26T00:11:24","date_gmt":"2020-06-26T00:11:24","guid":{"rendered":"https:\/\/www.affinite.fr\/index.php\/2020\/06\/26\/la-commission-europeenne-publie-un-bilan-encourageant\/"},"modified":"2020-06-26T00:11:24","modified_gmt":"2020-06-26T00:11:24","slug":"la-commission-europeenne-publie-un-bilan-encourageant","status":"publish","type":"post","link":"http:\/\/www.affinite.fr\/index.php\/2020\/06\/26\/la-commission-europeenne-publie-un-bilan-encourageant\/","title":{"rendered":"la Commission europ\u00e9enne publie un bilan encourageant"},"content":{"rendered":"<p> [ad_1]<br \/>\n<br \/><img decoding=\"async\" src=\"https:\/\/img.bfmtv.com\/i\/0\/0\/c026a\/64c34efe05891d5cf53203d11a7.png\" \/><\/p>\n<div itemprop=\"articleBody\">\n<p>Pour les deux ans du <a href=\"https:\/\/www.01net.com\/actualites\/comment-le-rgpd-va-proteger-vos-donnees-personnelles-1454674.html\" target=\"_blank\" rel=\"noopener noreferrer\">RGPD<\/a>, la Commission europ\u00e9enne a dress\u00e9, ce mercredi 24 juin, un bilan positif de ce qu\u2019elle nomme une \u00ab\u00a0<em>l\u00e9gislation moderne et horizontale<\/em>\u00a0\u00bb. C\u2019est la premi\u00e8re fois que l\u2019ex\u00e9cutif europ\u00e9en se penche sur le r\u00e8glement devenu, selon elle, un \u00ab\u00a0<em>point de r\u00e9f\u00e9rence mondial<\/em>\u00a0\u00bb. En substance, le message \u00e9tait clair : \u00ab\u00a0<em>le RGPD fonctionne<\/em>\u00a0\u00bb. M\u00eame si les commissaires ont admis que la \u00ab\u00a0<em>liste des choses \u00e0 faire \u00e9tait encore longue<\/em>\u00a0\u00bb.\u00a0<\/p>\n<blockquote>\n<p>\u00ab\u00a0<em>Le RGPD illustre parfaitement comment l&rsquo;Union europ\u00e9enne (UE), en adoptant une approche fond\u00e9e sur les droits fondamentaux, donne \u00e0 ses citoyens les moyens d&rsquo;agir et offre aux entreprises des possibilit\u00e9s de tirer le meilleur parti de la r\u00e9volution num\u00e9rique<\/em>\u00a0\u00bb, a r\u00e9sum\u00e9 V\u011bra Jourov\u00e1, vice-pr\u00e9sidente de la Commission, charg\u00e9e des Valeurs et de la Transparence. \u00ab\u00a0<em>Mais nous devons tous continuer \u00e0 \u0153uvrer pour que le RGPD r\u00e9alise son plein potentiel.<\/em>\u00a0\u00bb\u00a0<\/p>\n<\/blockquote>\n<h3 style=\"color:#333; font-family:arial,helvetica,sans-serif; font-size:23px; font-weight:700\">Une majorit\u00e9 d&rsquo;Europ\u00e9ens au courant<\/h3>\n<p>Aujourd&rsquo;hui, 69\u00a0% de la population europ\u00e9enne \u00e2g\u00e9e de plus de 16\u00a0ans ont connaissance de l&rsquo;existence du RGPD tandis qu&rsquo;ils sont 71\u00a0% \u00e0 avoir entendu parler de l\u2019autorit\u00e9 de protection des donn\u00e9es (APD) charg\u00e9e de le faire respecter dans leur pays, selon l&rsquo;Agence des droits fondamentaux de l&rsquo;UE. Un chiffre montre que \u00ab\u00a0<em>les citoyens sont mieux arm\u00e9s et plus conscients de leurs droits<\/em>\u00a0\u00bb, analyse la Commission.\u00a0<\/p>\n<blockquote>\n<p>\u00ab\u00a0<em>Nous devons nous assurer que<\/em> [le RGPD] <em>est appliqu\u00e9 de mani\u00e8re harmonieuse, ou du moins avec la m\u00eame vigueur sur tout le territoire europ\u00e9en.\u00a0Il peut y avoir des diff\u00e9rences nuanc\u00e9es, mais il doit \u00eatre appliqu\u00e9 avec la m\u00eame vigueur<\/em>\u00a0\u00bb, a compl\u00e9t\u00e9 le commissaire \u00e0 la Justice, Didier Reynders. \u00ab\u00a0<em>Pour cela, les APD doivent \u00eatre suffisamment \u00e9quip\u00e9es &#8211; elles doivent avoir le nombre d\u2019employ\u00e9s et les budgets n\u00e9cessaires, et il y a une volont\u00e9 claire d\u2019aller dans cette direction.<\/em>\u00a0\u00bb<\/p>\n<\/blockquote>\n<h3 style=\"color:#333; font-family:arial,helvetica,sans-serif; font-size:23px; font-weight:700\">Des \u00e9carts consid\u00e9rables\u00a0<\/h3>\n<p>Sur le volet applicabilit\u00e9, les autorit\u00e9s nationales charg\u00e9es de la protection des donn\u00e9es (homologues\u00a0de la Cnil fran\u00e7aise) au sein de l\u2019UE ont vu leurs effectifs augmenter de 42\u00a0% et leur budget de 49\u00a0% entre 2016 et 2019. Si les signes de progression sont notables, \u00ab\u00a0<em>des \u00e9carts consid\u00e9rables persistent entre les \u00c9tats membres<\/em>\u00a0\u00bb, pointe le rapport.\u00a0<\/p>\n<p>Un constat qui se mesure aussi en chiffres. Comme le rapporte <em>TechCrunch<\/em>, le navigateur Brave a constat\u00e9 que les hausses budg\u00e9taires ont, certes, atteint des sommets au lancement du RGPD, mais deux ans plus tard, les gouvernements freinent les investissements. L\u2019\u00e9tude montre aussi que 50 % des APD en Europe re\u00e7oivent\u00a05\u00a0millions d\u2019euros ou moins de budget annuel.\u00a0\u00c0 titre de comparaison, en France, la Cnil a un budget annuel de 17,6 millions euros\u00a0&#8211; soit trois fois plus (Source : Cnil 2018).\u00a0<\/p>\n<h3 style=\"color:#333; font-family:arial,helvetica,sans-serif; font-size:23px; font-weight:700\">Un guichet unique peu performant<\/h3>\n<p>Autre disparit\u00e9 : la charge de travail. Dans certains \u00c9tats membres, comme l\u2019Irlande ou au Luxembourg, les APD traitent plus de plaintes en volume et leur degr\u00e9 de complexit\u00e9 est plus \u00e9lev\u00e9 puisque ces deux pays accueillent les si\u00e8ges sociaux de grandes multinationales, dont le RGPD est la cible. Google a install\u00e9 son si\u00e8ge europ\u00e9en \u00e0 Dublin en 2004. Facebook en 2008.<\/p>\n<p>Pour les soulager, le traitement des plaintes transfrontali\u00e8res devient crucial. Un guichet unique a \u00e9t\u00e9 mis en place pour simplifier le processus. L\u2019APD du pays, dans lequel est bas\u00e9e l\u2019entreprise mise en cause, regroupe toutes les plaintes venues de toute l\u2019UE. Entre le\u00a025\u00a0mai\u00a02018 et le\u00a031\u00a0d\u00e9cembre\u00a02019, 141\u00a0projets de d\u00e9cision ont \u00e9t\u00e9 soumis par l&rsquo;interm\u00e9diaire de ce guichet unique, dont\u00a079 ont abouti \u00e0 une d\u00e9cision d\u00e9finitive, se f\u00e9licite la Commission.\u00a0<\/p>\n<h3 style=\"color:#333; font-family:arial,helvetica,sans-serif; font-size:23px; font-weight:700\">\u00ab Une\u00a0ind\u00e9pendance totale\u00a0\u00bb<\/h3>\n<p>Mais au cours de ce processus, les \u00c9tats membres des plaignants restent actifs\u00a0-ce qui peut entra\u00eener des frictions et une multiplicit\u00e9 des recours juridiques. L\u2019APD irlandaise a ouvert plus de 20 enqu\u00eates encore en cours. Certaines\u00a0d\u00e9cisions transfrontali\u00e8res (notamment impliquant Facebook et Twitter) devaient \u00eatre rendues \u00ab\u00a0au d\u00e9but\u00a0\u00bb de l\u2019ann\u00e9e 2020. En juin, toujours rien.<\/p>\n<blockquote>\n<p>\u00ab\u00a0<em>La Commission n\u2019a pas d\u2019outils pour les pousser \u00e0 acc\u00e9l\u00e9rer, mais les cas <\/em>[&#8230;] <em>ont trait aux grandes technologies, sont toujours plus complexes\u00a0<\/em>\u00bb, a regrett\u00e9 la vice-pr\u00e9sidente Vera Jourov\u00e1, soulignant leur \u00ab\u00a0<em>ind\u00e9pendance totale\u00a0<\/em>\u00bb.\u00a0<\/p>\n<\/blockquote>\n<aside class=\"bg-color-0 padding-inside-all-s bloc border-s\">\n<h4 class=\"box-txt-normal\">\n<p><strong>\u00c0 d\u00e9couvrir aussi en vid\u00e9o<\/strong><\/p>\n<\/h4>\n<\/aside>\n<h3 style=\"color:#333; font-family:arial,helvetica,sans-serif; font-size:23px; font-weight:700\">Une sanction mod\u00e8le ?<\/h3>\n<p>En France, la Cnil a r\u00e9ussi \u00e0 <a href=\"http:\/\/www.01net.com\/actualites\/google-condamne-a-50-millions-d-euros-d-amende-par-la-cnil-1616887.html\" target=\"_blank\" rel=\"noopener noreferrer\">sanctionner Google \u00e0 hauteur de 50 millions d\u2019euros<\/a>. Apr\u00e8s un recours par Google aupr\u00e8s du Conseil d\u2019\u00c9tat, la plus haute juridiction du pays, <a href=\"https:\/\/www.01net.com\/actualites\/android-le-conseil-d-etat-confirme-l-amende-de-50-millions-d-euros-contre-google-1936172.html\" target=\"_blank\" rel=\"noopener noreferrer\">l\u2019amende a \u00e9t\u00e9 confirm\u00e9e<\/a>. Google est condamn\u00e9 \u00e0 payer et changer ses conditions de traitement des donn\u00e9es de ses utilisateurs Android. Un succ\u00e8s qui souligne les \u00e9checs des autres.\u00a0<\/p>\n<p>Certains y voient aussi le r\u00e9v\u00e9lateur de l\u2019ambigu\u00eft\u00e9 des relations entre l\u2019Irlande et les g\u00e9ants du Net qui y ont \u00e9lu domicile -l\u2019argument principal \u00e9tant le faible taux d\u2019imposition. M\u00eame si la critique \u00e0 propos des gendarmes de la protection des donn\u00e9es au sein de l\u2019UE va bien au-del\u00e0 du seul cas irlandais.\u00a0<\/p>\n<h3 style=\"color:#333; font-family:arial,helvetica,sans-serif; font-size:23px; font-weight:700\">Un poids sur la sc\u00e8ne internationale<\/h3>\n<p>Plus t\u00f4t cette ann\u00e9e, le navigateur Brave a d\u00e9pos\u00e9 une plainte aupr\u00e8s de la Commission contre les 27 \u00c9tats membres de l\u2019UE, les accusant de sous-financer leurs services nationaux de surveillance de la protection des donn\u00e9es.\u00a0Il y demande de lancer une proc\u00e9dure d\u2019infraction \u00e0 l\u2019encontre des gouvernements nationaux et de les saisir, le cas \u00e9ch\u00e9ant, devant la Cour de justice de l\u2019UE.\u00a0Malgr\u00e9 tout, la Commission pr\u00e9sente explicitement le RGPD comme un grand succ\u00e8s g\u00e9opolitique, se targuant d\u2019\u00eatre \u00ab\u00a0<em>la plus grande zone de libre circulation s\u00e9curis\u00e9e de donn\u00e9es au monde<\/em> \u00bb.\u00a0<\/p>\n<blockquote>\n<p>\u00ab\u00a0<em>En g\u00e9n\u00e9ral, le RGPD est devenu une v\u00e9ritable marque europ\u00e9enne<\/em>\u00a0\u00bb, a affirm\u00e9 la vice-pr\u00e9sidente. \u00ab\u00a0<em>Il place les personnes et leurs droits au centre. Il ne laisse pas tout au march\u00e9 comme aux \u00c9tats-Unis. Et il ne voit pas les donn\u00e9es comme un moyen de surveillance de l\u2019\u00c9tat, comme en Chine.<\/em>\u00a0\u00bb\u00a0<\/p>\n<\/blockquote>\n<h3 style=\"color:#333; font-family:arial,helvetica,sans-serif; font-size:23px; font-weight:700\">Salu\u00e9 pendant la crise du Covid-19<\/h3>\n<p>Mais les pistes d\u2019am\u00e9lioration sont encore nombreuses, notamment <a href=\"https:\/\/www.01net.com\/actualites\/rgpd-quel-bilan-sur-la-protection-des-donnees-deux-ans-apres-son-entree-en-vigueur-1918970.html\" target=\"_blank\" rel=\"noopener noreferrer\">dans la sensibilisation aux petites et moyennes entreprises <\/a>(PME) afin que le foss\u00e9 entre elles\u00a0ne grandissent pas.\u00a0Le RGPD peut se r\u00e9v\u00e9ler \u00eatre un casse-t\u00eate infernal\u00a0pour plus petites, qui ne sont g\u00e9n\u00e9ralement pas arm\u00e9es.<\/p>\n<p>Plus \u00e0 l\u2019aise sur l\u2019aspect positif du bilan, les commissaires en ont profit\u00e9 pour saluer \u00ab<em>\u00a0un certain degr\u00e9 de flexibilit\u00e9 dans le RGPD<\/em>\u00a0\u00bb qui a pu entrer en jeu pendant la pand\u00e9mie de Covid-19, en alimentant les discussions sur les applications de tra\u00e7age de contacts.\u00a0Avec plus ou moins de succ\u00e8s selon les pays &#8211; en France<a href=\"https:\/\/www.01net.com\/actualites\/en-trois-semaines-l-application-stopcovid-n-a-alerte-que-14-personnes-1937646.html\" target=\"_blank\" rel=\"noopener noreferrer\">, on tend\u00a0plus vers l&rsquo;\u00e9chec.<\/a>\u00a0<\/p>\n<p><strong>Source<\/strong> : <a href=\"https:\/\/techcrunch.com\/2020\/06\/24\/gdprs-two-year-review-flags-lack-of-vigorous-enforcement\/\" target=\"_blank\" rel=\"noopener noreferrer\">TechCrunch<\/a>\u00a0&amp; Commission europ\u00e9enne [<a href=\"https:\/\/ec.europa.eu\/info\/files\/gdpr-report-communication-swd_en\" target=\"_blank\" rel=\"noopener noreferrer\">PDF<\/a>]<\/p>\n<\/p><\/div>\n<p><script>\n         !function(f,b,e,v,n,t,s){if(f.fbq)return;n=f.fbq=function()\n         {n.callMethod? n.callMethod.apply(n,arguments):n.queue.push(arguments)}\n         ;if(!f._fbq)f._fbq=n;\n             n.push=n;n.loaded=!0;n.version='2.0';n.queue=[];t=b.createElement(e);t.async=!0;\n             t.src=v;s=b.getElementsByTagName(e)[0];s.parentNode.insertBefore(t,s)}(window,\n                 document,'script','https:\/\/connect.facebook.net\/en_US\/fbevents.js');\n         fbq('init', '1065890633454496');\n         fbq('track', 'PageView');\n     <\/script><br \/>\n<br \/>[ad_2]<br \/>\n<br \/><a href=\"https:\/\/www.01net.com\/actualites\/deux-ans-de-rgpd-la-commission-europeenne-publie-un-bilan-encourageant-1938947.html\">Source link <\/a><\/p>\n","protected":false},"excerpt":{"rendered":"<p>[ad_1] Pour les deux ans du RGPD, la Commission europ\u00e9enne a dress\u00e9, ce mercredi 24 juin, un bilan positif de &hellip; <a href=\"http:\/\/www.affinite.fr\/index.php\/2020\/06\/26\/la-commission-europeenne-publie-un-bilan-encourageant\/\" class=\"more-link\">Plus <span class=\"screen-reader-text\">la Commission europ\u00e9enne publie un bilan encourageant<\/span> <span class=\"meta-nav\">&rarr;<\/span><\/a><\/p>\n","protected":false},"author":1,"featured_media":4480,"comment_status":"open","ping_status":"open","sticky":false,"template":"","format":"standard","meta":{"_sitemap_exclude":false,"_sitemap_priority":"","_sitemap_frequency":"","footnotes":""},"categories":[1],"tags":[],"class_list":["post-4479","post","type-post","status-publish","format-standard","has-post-thumbnail","hentry","category-tous"],"_links":{"self":[{"href":"http:\/\/www.affinite.fr\/index.php\/wp-json\/wp\/v2\/posts\/4479"}],"collection":[{"href":"http:\/\/www.affinite.fr\/index.php\/wp-json\/wp\/v2\/posts"}],"about":[{"href":"http:\/\/www.affinite.fr\/index.php\/wp-json\/wp\/v2\/types\/post"}],"author":[{"embeddable":true,"href":"http:\/\/www.affinite.fr\/index.php\/wp-json\/wp\/v2\/users\/1"}],"replies":[{"embeddable":true,"href":"http:\/\/www.affinite.fr\/index.php\/wp-json\/wp\/v2\/comments?post=4479"}],"version-history":[{"count":0,"href":"http:\/\/www.affinite.fr\/index.php\/wp-json\/wp\/v2\/posts\/4479\/revisions"}],"wp:featuredmedia":[{"embeddable":true,"href":"http:\/\/www.affinite.fr\/index.php\/wp-json\/wp\/v2\/media\/4480"}],"wp:attachment":[{"href":"http:\/\/www.affinite.fr\/index.php\/wp-json\/wp\/v2\/media?parent=4479"}],"wp:term":[{"taxonomy":"category","embeddable":true,"href":"http:\/\/www.affinite.fr\/index.php\/wp-json\/wp\/v2\/categories?post=4479"},{"taxonomy":"post_tag","embeddable":true,"href":"http:\/\/www.affinite.fr\/index.php\/wp-json\/wp\/v2\/tags?post=4479"}],"curies":[{"name":"wp","href":"https:\/\/api.w.org\/{rel}","templated":true}]}}