{"id":4466,"date":"2020-06-25T17:02:05","date_gmt":"2020-06-25T17:02:05","guid":{"rendered":"https:\/\/www.affinite.fr\/index.php\/2020\/06\/25\/apple-pourrait-livrer-un-chargeur-de-20-w-avec-son-futur-iphone-12\/"},"modified":"2020-06-25T17:02:05","modified_gmt":"2020-06-25T17:02:05","slug":"apple-pourrait-livrer-un-chargeur-de-20-w-avec-son-futur-iphone-12","status":"publish","type":"post","link":"http:\/\/www.affinite.fr\/index.php\/2020\/06\/25\/apple-pourrait-livrer-un-chargeur-de-20-w-avec-son-futur-iphone-12\/","title":{"rendered":"Apple pourrait livrer un chargeur de 20 W avec son futur iPhone 12"},"content":{"rendered":"<p> [ad_1]<br \/>\n<br \/><img decoding=\"async\" src=\"https:\/\/img.bfmtv.com\/i\/0\/0\/f12\/3bcd6203e79e37f8dfa553d2d240d.jpg\" \/><\/p>\n<div itemprop=\"articleBody\">\n                Le futur iPhone 12 d&rsquo;Apple sera-t-il livr\u00e9 avec un chargeur de 20 W ? C&rsquo;est la rumeur actuelle qui part d&rsquo;un tweet de l&rsquo;\u00e9nigmatique Mr white, dont les informations sont en g\u00e9n\u00e9ral fiables. Les messages montrent tout d&rsquo;abord un chargeur USB Type-C transparent, puis un mod\u00e8le plus finalis\u00e9 portant la r\u00e9f\u00e9rence A2305 et deux puissances de sorties : 15 W (5 V \/ 3 A) ou 20 W (9 V \/ 2,22 A).<\/p>\n<p>Ce mod\u00e8le a \u00e9t\u00e9 certifi\u00e9 par l&rsquo;organisme norv\u00e9gien\u00a0Norges Elektriske Materiellkontroll (NEMKO), ce qui conforme son authenticit\u00e9. Mais nous ne savons pas pour le moment \u00e0 <a href=\"https:\/\/www.01net.com\/actualites\/iphone-12-et-iphone-12-pro-on-sait-peut-etre-presque-tout-des-futurs-smartphones-d-apple-1912405.html\" target=\"_blank\" rel=\"noopener noreferrer\">quel mod\u00e8le d&rsquo;iPhone 12<\/a> il est destin\u00e9, ni s&rsquo;il sera propos\u00e9 en standard ou en option.<\/p>\n<p>Actuellement, l&rsquo;iPhone 11 est livr\u00e9 avec un chargeur de 5 W pour le mod\u00e8le de base, mais b\u00e9n\u00e9ficie d&rsquo;un chargeur de 18 W sur les mod\u00e8les Pro et Pro Max, <a href=\"https:\/\/www.01net.com\/actualites\/iphone-11-pro-apple-fait-des-efforts-sur-la-recharge-rapide-mais-est-ce-suffisant-1774028.html\" target=\"_blank\" rel=\"noopener noreferrer\">pour une charge plus rapide<\/a>. Samsung va encore plus loin avec son\u00a0Galaxy Note 10+ en livrant dans la bo\u00eete un chargeur 25 W, mais en proposant aussi en option un <a href=\"https:\/\/www.01net.com\/actualites\/test-labo-le-chargeur-45w-du-galaxy-note-10-plus-est-il-aussi-rapide-que-samsung-l-affirme-1758210.html\" target=\"_blank\" rel=\"noopener noreferrer\">mod\u00e8le 45 W<\/a>. C&rsquo;est \u00e9galement le cas pour le Galaxy S20 Ultra, tandis que les S20 et S20+ se rechargent\u00a0\u00e0 25 W.<\/p>\n<aside class=\"bg-color-0 padding-inside-all-s bloc border-s\">\n<h4 class=\"box-txt-normal\">\n<p><strong>A d\u00e9couvrir aussi en vid\u00e9o :<\/strong><\/p>\n<\/h4>\n<\/aside>\n<p>Et si cela ne suffit pas, le constructeur chinois Oppo a confirm\u00e9 l&rsquo;arriv\u00e9e de la technologie\u00a0SuperVOOC 2.0, avec un <a href=\"https:\/\/www.01net.com\/actualites\/supervooc-2-0-le-nouveau-systeme-de-chargement-ultra-rapide-d-oppo-bat-un-record-1769261.html\" target=\"_blank\" rel=\"noopener noreferrer\">chargeur de 65 W<\/a> ! Cela laisse de la marge aux constructeurs de smartphones pour proposer des syst\u00e8mes de recharge toujours plus performants.<\/p>\n<p><strong>Source <\/strong>: <a href=\"https:\/\/twitter.com\/laobaiTD\/status\/1275709656342704139\" target=\"_blank\" rel=\"noopener noreferrer\">Twitter<\/a><\/p>\n<\/p><\/div>\n<p><script async src=\"http:\/\/platform.twitter.com\/widgets.js\" charset=\"utf-8\"><\/script><script>\n         !function(f,b,e,v,n,t,s){if(f.fbq)return;n=f.fbq=function()\n         {n.callMethod? n.callMethod.apply(n,arguments):n.queue.push(arguments)}\n         ;if(!f._fbq)f._fbq=n;\n             n.push=n;n.loaded=!0;n.version='2.0';n.queue=[];t=b.createElement(e);t.async=!0;\n             t.src=v;s=b.getElementsByTagName(e)[0];s.parentNode.insertBefore(t,s)}(window,\n                 document,'script','https:\/\/connect.facebook.net\/en_US\/fbevents.js');\n         fbq('init', '1065890633454496');\n         fbq('track', 'PageView');\n     <\/script><br \/>\n<br \/>[ad_2]<br \/>\n<br \/><a href=\"https:\/\/www.01net.com\/actualites\/apple-pourrait-livrer-un-chargeur-de-20-w-avec-son-futur-iphone-12-1938813.html\">Source link <\/a><\/p>\n","protected":false},"excerpt":{"rendered":"<p>[ad_1] Le futur iPhone 12 d&rsquo;Apple sera-t-il livr\u00e9 avec un chargeur de 20 W ? C&rsquo;est la rumeur actuelle qui &hellip; <a href=\"http:\/\/www.affinite.fr\/index.php\/2020\/06\/25\/apple-pourrait-livrer-un-chargeur-de-20-w-avec-son-futur-iphone-12\/\" class=\"more-link\">Plus <span class=\"screen-reader-text\">Apple pourrait livrer un chargeur de 20 W avec son futur iPhone 12<\/span> <span class=\"meta-nav\">&rarr;<\/span><\/a><\/p>\n","protected":false},"author":1,"featured_media":4467,"comment_status":"open","ping_status":"open","sticky":false,"template":"","format":"standard","meta":{"_sitemap_exclude":false,"_sitemap_priority":"","_sitemap_frequency":"","footnotes":""},"categories":[1],"tags":[],"class_list":["post-4466","post","type-post","status-publish","format-standard","has-post-thumbnail","hentry","category-tous"],"_links":{"self":[{"href":"http:\/\/www.affinite.fr\/index.php\/wp-json\/wp\/v2\/posts\/4466"}],"collection":[{"href":"http:\/\/www.affinite.fr\/index.php\/wp-json\/wp\/v2\/posts"}],"about":[{"href":"http:\/\/www.affinite.fr\/index.php\/wp-json\/wp\/v2\/types\/post"}],"author":[{"embeddable":true,"href":"http:\/\/www.affinite.fr\/index.php\/wp-json\/wp\/v2\/users\/1"}],"replies":[{"embeddable":true,"href":"http:\/\/www.affinite.fr\/index.php\/wp-json\/wp\/v2\/comments?post=4466"}],"version-history":[{"count":0,"href":"http:\/\/www.affinite.fr\/index.php\/wp-json\/wp\/v2\/posts\/4466\/revisions"}],"wp:featuredmedia":[{"embeddable":true,"href":"http:\/\/www.affinite.fr\/index.php\/wp-json\/wp\/v2\/media\/4467"}],"wp:attachment":[{"href":"http:\/\/www.affinite.fr\/index.php\/wp-json\/wp\/v2\/media?parent=4466"}],"wp:term":[{"taxonomy":"category","embeddable":true,"href":"http:\/\/www.affinite.fr\/index.php\/wp-json\/wp\/v2\/categories?post=4466"},{"taxonomy":"post_tag","embeddable":true,"href":"http:\/\/www.affinite.fr\/index.php\/wp-json\/wp\/v2\/tags?post=4466"}],"curies":[{"name":"wp","href":"https:\/\/api.w.org\/{rel}","templated":true}]}}