{"id":4462,"date":"2020-06-25T15:22:08","date_gmt":"2020-06-25T15:22:08","guid":{"rendered":"https:\/\/www.affinite.fr\/index.php\/2020\/06\/25\/m-a-c-et-my-little-box-lancent-un-casting-pour-trouver-5-ambassadrices\/"},"modified":"2020-06-25T15:22:08","modified_gmt":"2020-06-25T15:22:08","slug":"m-a-c-et-my-little-box-lancent-un-casting-pour-trouver-5-ambassadrices","status":"publish","type":"post","link":"http:\/\/www.affinite.fr\/index.php\/2020\/06\/25\/m-a-c-et-my-little-box-lancent-un-casting-pour-trouver-5-ambassadrices\/","title":{"rendered":"M.A.C et My Little Box lancent un casting pour trouver 5\u00a0ambassadrices"},"content":{"rendered":"<p> [ad_1]<br \/>\n<br \/><img decoding=\"async\" src=\"https:\/\/img-3.journaldesfemmes.fr\/0zgFlYpknhiOY6N4ddsQD3-lnD0=\/1280x\/smart\/f0f8b6b1063d4663bf7d5d38135ed94a\/ccmcms-jdf\/16603293.jpg\" \/><\/p>\n<p>\n                En d\u00e9cembre prochain, M.A.C et My Little Box sortiront leur premi\u00e8re box tripartite, ax\u00e9e sur le rapport des femmes au maquillage. Jusqu&rsquo;\u00e0 fin ao\u00fbt, les deux marques sont \u00e0 la recherche de 5\u00a0ambassadrices pour co-cr\u00e9er et repr\u00e9senter cette box in\u00e9dite, et ont ainsi lanc\u00e9 un casting g\u00e9ant. A toutes les amoureuses de maquillage, le casting est ouvert\u00a0!            <\/p>\n<div>\n<h2>Un casting beaut\u00e9 ouvert \u00e0 toutes<\/h2>\n<p>Depuis le d\u00e9but du mois de juin, le casting <strong>M.A.C X My Little Box <\/strong>est ainsi ouvert, dans le but de trouver <strong>5\u00a0ambassadrices<\/strong> pour la box de d\u00e9cembre. Le profil id\u00e9al\u00a0?\u00a0 Aucun, tant que vous avez votre propre rapport avec le <a href=\"https:\/\/www.journaldesfemmes.fr\/beaute\/maquillage\/2565412-conseils-idees-make-up\/\" title=\"Maquillage\">maquillage<\/a>, et \u00eates en paix avec celui-ci. Celles qui se maquillent tr\u00e8s peu ont donc autant de chance que les amoureuses des fards \u00e0 paupi\u00e8res ou rouge \u00e0 l\u00e8vres. Le but des deux marques \u00e9tant d&rsquo;<strong>axer la box sur la diversit\u00e9<\/strong>, et le r\u00e9el <strong>rapport des femmes au maquillage<\/strong>. S&rsquo;exprimer au travers du maquillage plut\u00f4t que de se \u00ab\u00a0planquer derri\u00e8re\u00a0\u00bb, tel\u00a0est l&rsquo;esprit de cette nouvelle box et campagne. Afin de trouver leurs perles rares, les marques ont donc lanc\u00e9 la <strong>plateforme-exp\u00e9rience \u00ab\u00a0Bold\u00a0\u00bb<\/strong>, sur laquelle il est possible d&rsquo;explorer cette vraie relation femmes &#8211; make up. A l&rsquo;issue du casting, les deux marques r\u00e9v\u00e9leront par ailleurs une grande enqu\u00eate infographique sur le sujet.<\/p>\n<h2>Une box in\u00e9dite qui encourage la diversit\u00e9<\/h2>\n<p>La fameuse box sera ainsi compos\u00e9e de <strong>deux accessoires <\/strong>et de<strong> trois produits de beaut\u00e9<\/strong> (dont 2\u00a0MAC et 1\u00a0My Little Beauty). Les 5\u00a0ambassadrices s\u00e9lectionn\u00e9es \u00e0 la fin du concours pourront, en plus de repr\u00e9senter la box, la co-cr\u00e9er avec MAC et My Little Box, afin de la rendre le plus diversifi\u00e9e possible, le but \u00e9tant de faire <strong>entendre les voix de toutes les femmes<\/strong> au sujet de leur rapport au maquillage. \u00a0<\/p>\n<aside id=\"NL_1806426954\" class=\"newsletter_subscription jNlBlock\"><noscript><br \/>\n            <\/noscript><\/p>\n<h3 class=\"newsletter_subscription-title\">Newsletter <\/h3>\n<p><a href=\"\/\/mailing.ccmbg.com\/archive\/last-85\" target=\"_blank\" class=\"a_hover\" rel=\"noopener noreferrer\">Voir un exemple<\/a><\/p>\n<\/aside>\n<p>Adepte du total make up, ou du maquillage discret, chaque femme repr\u00e9sente \u00e0 merveille l&rsquo;univers de la beaut\u00e9 \u00e0 sa fa\u00e7on, et chaque voix se doit d&rsquo;\u00eatre entendue pour une diversit\u00e9 accept\u00e9e. MAC et My Little Box mettent brillamment, au travers de cette box de d\u00e9cembre, chaque beaut\u00e9 au premier plan, et l&rsquo;on ne peut qu&rsquo;appr\u00e9cier cette initiative.<\/p>\n<\/p><\/div>\n<p>[ad_2]<br \/>\n<br \/><a href=\"https:\/\/www.journaldesfemmes.fr\/beaute\/maquillage\/2645463-mac-et-my-little-box-lancent-un-casting-pour-trouver-5-ambassadrices\/\">Source link <\/a><\/p>\n","protected":false},"excerpt":{"rendered":"<p>[ad_1] En d\u00e9cembre prochain, M.A.C et My Little Box sortiront leur premi\u00e8re box tripartite, ax\u00e9e sur le rapport des femmes &hellip; <a href=\"http:\/\/www.affinite.fr\/index.php\/2020\/06\/25\/m-a-c-et-my-little-box-lancent-un-casting-pour-trouver-5-ambassadrices\/\" class=\"more-link\">Plus <span class=\"screen-reader-text\">M.A.C et My Little Box lancent un casting pour trouver 5\u00a0ambassadrices<\/span> <span class=\"meta-nav\">&rarr;<\/span><\/a><\/p>\n","protected":false},"author":1,"featured_media":4463,"comment_status":"open","ping_status":"open","sticky":false,"template":"","format":"standard","meta":{"_sitemap_exclude":false,"_sitemap_priority":"","_sitemap_frequency":"","footnotes":""},"categories":[1],"tags":[],"class_list":["post-4462","post","type-post","status-publish","format-standard","has-post-thumbnail","hentry","category-tous"],"_links":{"self":[{"href":"http:\/\/www.affinite.fr\/index.php\/wp-json\/wp\/v2\/posts\/4462"}],"collection":[{"href":"http:\/\/www.affinite.fr\/index.php\/wp-json\/wp\/v2\/posts"}],"about":[{"href":"http:\/\/www.affinite.fr\/index.php\/wp-json\/wp\/v2\/types\/post"}],"author":[{"embeddable":true,"href":"http:\/\/www.affinite.fr\/index.php\/wp-json\/wp\/v2\/users\/1"}],"replies":[{"embeddable":true,"href":"http:\/\/www.affinite.fr\/index.php\/wp-json\/wp\/v2\/comments?post=4462"}],"version-history":[{"count":0,"href":"http:\/\/www.affinite.fr\/index.php\/wp-json\/wp\/v2\/posts\/4462\/revisions"}],"wp:featuredmedia":[{"embeddable":true,"href":"http:\/\/www.affinite.fr\/index.php\/wp-json\/wp\/v2\/media\/4463"}],"wp:attachment":[{"href":"http:\/\/www.affinite.fr\/index.php\/wp-json\/wp\/v2\/media?parent=4462"}],"wp:term":[{"taxonomy":"category","embeddable":true,"href":"http:\/\/www.affinite.fr\/index.php\/wp-json\/wp\/v2\/categories?post=4462"},{"taxonomy":"post_tag","embeddable":true,"href":"http:\/\/www.affinite.fr\/index.php\/wp-json\/wp\/v2\/tags?post=4462"}],"curies":[{"name":"wp","href":"https:\/\/api.w.org\/{rel}","templated":true}]}}