{"id":4456,"date":"2020-06-25T12:56:22","date_gmt":"2020-06-25T12:56:22","guid":{"rendered":"https:\/\/www.affinite.fr\/index.php\/2020\/06\/25\/on-a-teste-la-porsche-100-electrique\/"},"modified":"2020-06-25T12:56:22","modified_gmt":"2020-06-25T12:56:22","slug":"on-a-teste-la-porsche-100-electrique","status":"publish","type":"post","link":"http:\/\/www.affinite.fr\/index.php\/2020\/06\/25\/on-a-teste-la-porsche-100-electrique\/","title":{"rendered":"On a test\u00e9 la Porsche 100% \u00e9lectrique"},"content":{"rendered":"<p> [ad_1]<br \/>\n<br \/><img decoding=\"async\" src=\"https:\/\/img.bfmtv.com\/i\/0\/0\/653\/d498f1c5c605e9571889f7f25ca29.jpg\" \/><\/p>\n<div itemprop=\"articleBody\">\n<p>Dimitri Charitsis a test\u00e9 la nouvelle Porsche Taycan, le v\u00e9hicule 100% \u00e9lectrique de la marque. D\u00e9voil\u00e9 officiellement d\u00e9but septembre, le v\u00e9hicule sera commercialis\u00e9 en trois versions. Que vaut-elle\u00a0? R\u00e9ponse dans l\u2019\u00e9mission.<\/p>\n<p>Le v\u00e9lo \u00e9lectrique est devenu tr\u00e8s tendance. Mais un v\u00e9lo qui se recharge en r\u00e9trop\u00e9dalant, c\u2019est encore mieux. Nous recevons Christophe Baeza, pr\u00e9sident de ThirtyOne, qui nous pr\u00e9sente sa marque.<\/p>\n<p>L\u2019\u00e9co-conduite pourrait engendrer une baisse des accidents de 10 \u00e0 15%. L\u2019\u00e9co-conduite, qu\u2019est-ce que c\u2019est\u00a0? Notre experte en assurances, Caroline Nicaise, directrice RSE et Innovations chez Cr\u00e9dit Agricole Assurances, nous en apprend plus.<\/p>\n<\/p><\/div>\n<p><script>\n         !function(f,b,e,v,n,t,s){if(f.fbq)return;n=f.fbq=function()\n         {n.callMethod? n.callMethod.apply(n,arguments):n.queue.push(arguments)}\n         ;if(!f._fbq)f._fbq=n;\n             n.push=n;n.loaded=!0;n.version='2.0';n.queue=[];t=b.createElement(e);t.async=!0;\n             t.src=v;s=b.getElementsByTagName(e)[0];s.parentNode.insertBefore(t,s)}(window,\n                 document,'script','https:\/\/connect.facebook.net\/en_US\/fbevents.js');\n         fbq('init', '1065890633454496');\n         fbq('track', 'PageView');\n     <\/script><br \/>\n<br \/>[ad_2]<br \/>\n<br \/><a href=\"https:\/\/www.01net.com\/actualites\/01drive-08-on-a-teste-la-porsche-100percent-electrique-1938883.html\">Source link <\/a><\/p>\n","protected":false},"excerpt":{"rendered":"<p>[ad_1] Dimitri Charitsis a test\u00e9 la nouvelle Porsche Taycan, le v\u00e9hicule 100% \u00e9lectrique de la marque. D\u00e9voil\u00e9 officiellement d\u00e9but septembre, &hellip; <a href=\"http:\/\/www.affinite.fr\/index.php\/2020\/06\/25\/on-a-teste-la-porsche-100-electrique\/\" class=\"more-link\">Plus <span class=\"screen-reader-text\">On a test\u00e9 la Porsche 100% \u00e9lectrique<\/span> <span class=\"meta-nav\">&rarr;<\/span><\/a><\/p>\n","protected":false},"author":1,"featured_media":4457,"comment_status":"open","ping_status":"open","sticky":false,"template":"","format":"standard","meta":{"_sitemap_exclude":false,"_sitemap_priority":"","_sitemap_frequency":"","footnotes":""},"categories":[1],"tags":[],"class_list":["post-4456","post","type-post","status-publish","format-standard","has-post-thumbnail","hentry","category-tous"],"_links":{"self":[{"href":"http:\/\/www.affinite.fr\/index.php\/wp-json\/wp\/v2\/posts\/4456"}],"collection":[{"href":"http:\/\/www.affinite.fr\/index.php\/wp-json\/wp\/v2\/posts"}],"about":[{"href":"http:\/\/www.affinite.fr\/index.php\/wp-json\/wp\/v2\/types\/post"}],"author":[{"embeddable":true,"href":"http:\/\/www.affinite.fr\/index.php\/wp-json\/wp\/v2\/users\/1"}],"replies":[{"embeddable":true,"href":"http:\/\/www.affinite.fr\/index.php\/wp-json\/wp\/v2\/comments?post=4456"}],"version-history":[{"count":0,"href":"http:\/\/www.affinite.fr\/index.php\/wp-json\/wp\/v2\/posts\/4456\/revisions"}],"wp:featuredmedia":[{"embeddable":true,"href":"http:\/\/www.affinite.fr\/index.php\/wp-json\/wp\/v2\/media\/4457"}],"wp:attachment":[{"href":"http:\/\/www.affinite.fr\/index.php\/wp-json\/wp\/v2\/media?parent=4456"}],"wp:term":[{"taxonomy":"category","embeddable":true,"href":"http:\/\/www.affinite.fr\/index.php\/wp-json\/wp\/v2\/categories?post=4456"},{"taxonomy":"post_tag","embeddable":true,"href":"http:\/\/www.affinite.fr\/index.php\/wp-json\/wp\/v2\/tags?post=4456"}],"curies":[{"name":"wp","href":"https:\/\/api.w.org\/{rel}","templated":true}]}}