{"id":4452,"date":"2020-06-25T10:54:02","date_gmt":"2020-06-25T10:54:02","guid":{"rendered":"https:\/\/www.affinite.fr\/index.php\/2020\/06\/25\/ce-que-les-mac-arm-ne-pourront-plus-faire\/"},"modified":"2020-06-25T10:54:02","modified_gmt":"2020-06-25T10:54:02","slug":"ce-que-les-mac-arm-ne-pourront-plus-faire","status":"publish","type":"post","link":"http:\/\/www.affinite.fr\/index.php\/2020\/06\/25\/ce-que-les-mac-arm-ne-pourront-plus-faire\/","title":{"rendered":"ce que les Mac ARM ne pourront plus faire"},"content":{"rendered":"<p> [ad_1]<br \/>\n<br \/><img decoding=\"async\" src=\"https:\/\/img.bfmtv.com\/i\/0\/0\/ad4\/3a8f071e19832bbd90be482e9b671.jpg\" \/><\/p>\n<div itemprop=\"articleBody\">\n<p>La balle est dans le \u00ab camp \u00bb de Microsoft. Les prochains Mac sous ARM, dont les premiers mod\u00e8les sont attendus\u00a0pour la fin de l&rsquo;ann\u00e9e, pourraient bien ne pas profiter de l&rsquo;univers Windows, lanc\u00e9 \u00e0 partir du fameux Boot Camp. La raison ? Microsoft n&rsquo;offre de licences de Windows 10\u00a0ARM qu&rsquo;aux fabricants de PC et \u00e0 condition que l&rsquo;OS soit pr\u00e9install\u00e9\u00a0sur la machine.<\/p>\n<p>Il n&rsquo;y a donc aucune version de l&rsquo;OS disponible\u00a0\u00e0 l&rsquo;achat. Les utilisateurs des prochains Mac seront dans l&rsquo;impossibilit\u00e9 de profiter de l&rsquo;environnement Microsoft sur les ordinateurs \u00e0 la pomme. Ils ne pourront pas non plus utiliser une licence qu&rsquo;ils auraient \u00e9ventuellement acquise par le pass\u00e9, incompatibilit\u00e9 d&rsquo;architecture processeur oblige.<\/p>\n<h3 style=\"color:#333; font-family:arial,helvetica,sans-serif; font-size:23px; font-weight:700\">Microsoft va-t-il changer sa politique ?<\/h3>\n<p><em>\u00ab Microsoft ne fournit de licences Windows ARM qu&rsquo;aux OEM <\/em>[constructeurs de PC]<em>. Nous n&rsquo;avons pour le moment aucune autre information \u00e0 partager avec vous sur un quelconque changement de politique. \u00bb<\/em> C&rsquo;est ce qu&rsquo;a d\u00e9clar\u00e9 l&rsquo;un des porte-parole de Microsoft \u00e0 nos confr\u00e8res am\u00e9ricains de The Verge. Parmi les logiciels Microsoft propos\u00e9s sur Mac avec ARM, la suite Office sera du lot et il y a fort \u00e0 parier que Skype, Teams et consorts le soient \u00e9galement.<\/p>\n<p>Reste \u00e0 savoir si le nombre d&rsquo;utilisateurs de Windows sur Mac est \u00e0 ce point \u00e9lev\u00e9 que Microsoft doive effectivement s\u00e9rieusement r\u00e9fl\u00e9chir \u00e0 une mani\u00e8re de leur fournir des versions de son OS optimis\u00e9 pour les nouvelles plates-formes. Ou s&rsquo;en remettre aux logiciels de virtualisation comme VMWare ou Parallels qui, pour le moment, sont en pleine refonte pour \u00eatre compatibles avec le nouveau macOS car non pris en charge par l&rsquo;outil Rosetta 2 d&rsquo;Apple.<\/p>\n<h3 style=\"color:#333; font-family:arial,helvetica,sans-serif; font-size:23px; font-weight:700\">Un d\u00e9marrage tr\u00e8s diff\u00e9rent des Mac actuels ?<\/h3>\n<p>Le passage aux puces ARM Apple Silicon va \u00e9galement modifier en profondeur le principe de d\u00e9marrage des Mac. Une vid\u00e9o publi\u00e9e dans le cadre de la WWDC d\u00e9taille cela et montre par exemple que les habituelles combinaisons de touches au d\u00e9marrage seront supprim\u00e9es. Le mode \u00ab\u00a0Target\u00a0\u00bb n\u2019existera plus en tant que tel pour par exemple monter le stockage d\u2019un Mac sur un autre sous la forme d\u2019un disque externe.<\/p>\n<p>Une nouvelle interface proposera \u00e0 la place toutes les possibilit\u00e9s, il sera accessible en gardant le bouton de d\u00e9marrage appuy\u00e9 pendant quelques secondes. C\u2019est l\u00e0 qu\u2019on pourra lancer l\u2019alternative au mode Target qui se fera d\u00e9sormais sous la forme d\u2019un disque r\u00e9seau SMB. Outre les logiciels, on commence donc \u00e0 apercevoir \u00e0 quel point cette transition va changer les habitudes des utilisateurs de Mac.<\/p>\n<p style=\"color:#333; font-family:arial,helvetica,sans-serif; font-size:18px\"><strong>Source : <a href=\"https:\/\/www.theverge.com\/2020\/6\/24\/21302213\/apple-silicon-mac-arm-windows-support-boot-camp\" target=\"_blank\" rel=\"noopener noreferrer\">The Verge<\/a><\/strong><\/p>\n<\/p><\/div>\n<p><script>\n         !function(f,b,e,v,n,t,s){if(f.fbq)return;n=f.fbq=function()\n         {n.callMethod? n.callMethod.apply(n,arguments):n.queue.push(arguments)}\n         ;if(!f._fbq)f._fbq=n;\n             n.push=n;n.loaded=!0;n.version='2.0';n.queue=[];t=b.createElement(e);t.async=!0;\n             t.src=v;s=b.getElementsByTagName(e)[0];s.parentNode.insertBefore(t,s)}(window,\n                 document,'script','https:\/\/connect.facebook.net\/en_US\/fbevents.js');\n         fbq('init', '1065890633454496');\n         fbq('track', 'PageView');\n     <\/script><br \/>\n<br \/>[ad_2]<br \/>\n<br \/><a href=\"https:\/\/www.01net.com\/actualites\/windows-via-boot-camp-mode-target-ce-que-les-mac-arm-ne-pourront-plus-faire-1938843.html\">Source link <\/a><\/p>\n","protected":false},"excerpt":{"rendered":"<p>[ad_1] La balle est dans le \u00ab camp \u00bb de Microsoft. Les prochains Mac sous ARM, dont les premiers mod\u00e8les &hellip; <a href=\"http:\/\/www.affinite.fr\/index.php\/2020\/06\/25\/ce-que-les-mac-arm-ne-pourront-plus-faire\/\" class=\"more-link\">Plus <span class=\"screen-reader-text\">ce que les Mac ARM ne pourront plus faire<\/span> <span class=\"meta-nav\">&rarr;<\/span><\/a><\/p>\n","protected":false},"author":1,"featured_media":4453,"comment_status":"open","ping_status":"open","sticky":false,"template":"","format":"standard","meta":{"_sitemap_exclude":false,"_sitemap_priority":"","_sitemap_frequency":"","footnotes":""},"categories":[1],"tags":[],"class_list":["post-4452","post","type-post","status-publish","format-standard","has-post-thumbnail","hentry","category-tous"],"_links":{"self":[{"href":"http:\/\/www.affinite.fr\/index.php\/wp-json\/wp\/v2\/posts\/4452"}],"collection":[{"href":"http:\/\/www.affinite.fr\/index.php\/wp-json\/wp\/v2\/posts"}],"about":[{"href":"http:\/\/www.affinite.fr\/index.php\/wp-json\/wp\/v2\/types\/post"}],"author":[{"embeddable":true,"href":"http:\/\/www.affinite.fr\/index.php\/wp-json\/wp\/v2\/users\/1"}],"replies":[{"embeddable":true,"href":"http:\/\/www.affinite.fr\/index.php\/wp-json\/wp\/v2\/comments?post=4452"}],"version-history":[{"count":0,"href":"http:\/\/www.affinite.fr\/index.php\/wp-json\/wp\/v2\/posts\/4452\/revisions"}],"wp:featuredmedia":[{"embeddable":true,"href":"http:\/\/www.affinite.fr\/index.php\/wp-json\/wp\/v2\/media\/4453"}],"wp:attachment":[{"href":"http:\/\/www.affinite.fr\/index.php\/wp-json\/wp\/v2\/media?parent=4452"}],"wp:term":[{"taxonomy":"category","embeddable":true,"href":"http:\/\/www.affinite.fr\/index.php\/wp-json\/wp\/v2\/categories?post=4452"},{"taxonomy":"post_tag","embeddable":true,"href":"http:\/\/www.affinite.fr\/index.php\/wp-json\/wp\/v2\/tags?post=4452"}],"curies":[{"name":"wp","href":"https:\/\/api.w.org\/{rel}","templated":true}]}}