{"id":4434,"date":"2020-06-25T01:38:59","date_gmt":"2020-06-25T01:38:59","guid":{"rendered":"https:\/\/www.affinite.fr\/index.php\/2020\/06\/25\/pourquoi-les-ministres-de-la-sante-et-de-lenvironnement-souhaitent-repousser-la-5g\/"},"modified":"2020-06-25T01:38:59","modified_gmt":"2020-06-25T01:38:59","slug":"pourquoi-les-ministres-de-la-sante-et-de-lenvironnement-souhaitent-repousser-la-5g","status":"publish","type":"post","link":"http:\/\/www.affinite.fr\/index.php\/2020\/06\/25\/pourquoi-les-ministres-de-la-sante-et-de-lenvironnement-souhaitent-repousser-la-5g\/","title":{"rendered":"Pourquoi les ministres de la Sant\u00e9 et de l&rsquo;Environnement souhaitent repousser la 5G"},"content":{"rendered":"<p> [ad_1]<br \/>\n<br \/><img decoding=\"async\" src=\"https:\/\/img.bfmtv.com\/i\/0\/0\/cdf\/ab01470976da8dff8f5fa03277cca.jpeg\" \/><\/p>\n<div itemprop=\"articleBody\">\n<p>La ministre de l\u2019Environnement et le ministre de la Sant\u00e9 estiment qu\u2019il faut temporiser sur le sujet de <a href=\"https:\/\/www.01net.com\/actualites\/5g-pourquoi-ce-futur-standard-va-revolutionner-la-telephonie-mobile-1514955.html\" target=\"_blank\" rel=\"noopener noreferrer\">la 5G<\/a>. Elisabeth Borne a d\u00e9clar\u00e9 au <em>Journal du Dimanche <\/em>qu\u2019elle avait \u00e9crit avec Olivier V\u00e9ran au Premier ministre.<\/p>\n<blockquote>\n<p>Le duo consid\u00e8re qu\u2019il faudrait <em>\u00ab\u00a0attendre l\u2019\u00e9valuation de l\u2019Anses (Agence nationale de s\u00e9curit\u00e9 sanitaire, de l\u2019environnement et du travail) avant le d\u00e9ploiement de la 5G\u00a0\u00bb.<\/em><\/p>\n<\/blockquote>\n<p>L\u2019Anses doit rendre ses conclusions sur <a href=\"https:\/\/www.01net.com\/actualites\/on-saura-si-la-5g-est-dangereuse-pour-la-sante-apres-son-deploiement-1847840.html\" target=\"_blank\" rel=\"noopener noreferrer\">les effets biologiques et sanitaires de la 5G \u00e0 la fin du premier trimestre 2021<\/a>. Si la 5G est lanc\u00e9e cette ann\u00e9e, cela revient \u00e0 la d\u00e9ployer avant de savoir si elle fait peser un risque sur notre sant\u00e9. Une contradiction que ne manquent pas de souligner les opposants \u00e0 cette technologie.<\/p>\n<aside class=\"bg-color-0 padding-inside-all-s bloc border-s\">\n<h4 class=\"box-txt-normal\">\n<p><strong>A d\u00e9couvrir aussi en vid\u00e9o<\/strong><\/p>\n<\/h4>\n<\/aside>\n<h3 style=\"color:#333; font-family:arial,helvetica,sans-serif; font-size:23px; font-weight:700\">La 5G reste une priorit\u00e9 industrielle pour Bercy<\/h3>\n<p>Le probl\u00e8me, c\u2019est que les ench\u00e8res pour les fr\u00e9quences auront lieu en septembre. Et que les op\u00e9rateurs comptaient lancer commercialement la 5G dans la foul\u00e9e avant la fin de l\u2019ann\u00e9e. Ils y sont m\u00eame fortement incit\u00e9s par Bercy pour qui <em>\u00ab la 5G est une priorit\u00e9 industrielle \u00bb<\/em>. Le gouvernement d\u00e9livre donc des messages compl\u00e8tement contradictoires. Et il va falloir trancher.<\/p>\n<p>Le sujet a \u00e9galement \u00e9t\u00e9 soulev\u00e9 ce week-end par les citoyens de la convention pour le climat qui ont jug\u00e9 le passage de la 4G \u00e0 la 5G <em>\u00ab\u00a0sans r\u00e9elle utilit\u00e9\u00a0\u00bb.<\/em><\/p>\n<p><strong>Source\u00a0:<\/strong> <a href=\"https:\/\/www.lejdd.fr\/Politique\/elisabeth-borne-apres-la-convention-citoyenne-sur-le-climat-je-suis-favorable-a-un-referendum-3976229\" target=\"_blank\" rel=\"noopener noreferrer\"><em>Le Journal du dimanche<\/em><\/a><\/p>\n<\/p><\/div>\n<p><script>\n         !function(f,b,e,v,n,t,s){if(f.fbq)return;n=f.fbq=function()\n         {n.callMethod? n.callMethod.apply(n,arguments):n.queue.push(arguments)}\n         ;if(!f._fbq)f._fbq=n;\n             n.push=n;n.loaded=!0;n.version='2.0';n.queue=[];t=b.createElement(e);t.async=!0;\n             t.src=v;s=b.getElementsByTagName(e)[0];s.parentNode.insertBefore(t,s)}(window,\n                 document,'script','https:\/\/connect.facebook.net\/en_US\/fbevents.js');\n         fbq('init', '1065890633454496');\n         fbq('track', 'PageView');\n     <\/script><br \/>\n<br \/>[ad_2]<br \/>\n<br \/><a href=\"https:\/\/www.01net.com\/actualites\/pourquoi-les-ministres-de-la-sante-et-de-l-environnement-souhaitent-repousser-la-5g-1937222.html\">Source link <\/a><\/p>\n","protected":false},"excerpt":{"rendered":"<p>[ad_1] La ministre de l\u2019Environnement et le ministre de la Sant\u00e9 estiment qu\u2019il faut temporiser sur le sujet de la &hellip; <a href=\"http:\/\/www.affinite.fr\/index.php\/2020\/06\/25\/pourquoi-les-ministres-de-la-sante-et-de-lenvironnement-souhaitent-repousser-la-5g\/\" class=\"more-link\">Plus <span class=\"screen-reader-text\">Pourquoi les ministres de la Sant\u00e9 et de l&rsquo;Environnement souhaitent repousser la 5G<\/span> <span class=\"meta-nav\">&rarr;<\/span><\/a><\/p>\n","protected":false},"author":1,"featured_media":4435,"comment_status":"open","ping_status":"open","sticky":false,"template":"","format":"standard","meta":{"_sitemap_exclude":false,"_sitemap_priority":"","_sitemap_frequency":"","footnotes":""},"categories":[1],"tags":[],"class_list":["post-4434","post","type-post","status-publish","format-standard","has-post-thumbnail","hentry","category-tous"],"_links":{"self":[{"href":"http:\/\/www.affinite.fr\/index.php\/wp-json\/wp\/v2\/posts\/4434"}],"collection":[{"href":"http:\/\/www.affinite.fr\/index.php\/wp-json\/wp\/v2\/posts"}],"about":[{"href":"http:\/\/www.affinite.fr\/index.php\/wp-json\/wp\/v2\/types\/post"}],"author":[{"embeddable":true,"href":"http:\/\/www.affinite.fr\/index.php\/wp-json\/wp\/v2\/users\/1"}],"replies":[{"embeddable":true,"href":"http:\/\/www.affinite.fr\/index.php\/wp-json\/wp\/v2\/comments?post=4434"}],"version-history":[{"count":0,"href":"http:\/\/www.affinite.fr\/index.php\/wp-json\/wp\/v2\/posts\/4434\/revisions"}],"wp:featuredmedia":[{"embeddable":true,"href":"http:\/\/www.affinite.fr\/index.php\/wp-json\/wp\/v2\/media\/4435"}],"wp:attachment":[{"href":"http:\/\/www.affinite.fr\/index.php\/wp-json\/wp\/v2\/media?parent=4434"}],"wp:term":[{"taxonomy":"category","embeddable":true,"href":"http:\/\/www.affinite.fr\/index.php\/wp-json\/wp\/v2\/categories?post=4434"},{"taxonomy":"post_tag","embeddable":true,"href":"http:\/\/www.affinite.fr\/index.php\/wp-json\/wp\/v2\/tags?post=4434"}],"curies":[{"name":"wp","href":"https:\/\/api.w.org\/{rel}","templated":true}]}}