{"id":4422,"date":"2020-06-24T19:30:34","date_gmt":"2020-06-24T19:30:34","guid":{"rendered":"https:\/\/www.affinite.fr\/index.php\/2020\/06\/24\/economisez-500-euros-sur-ce-pc-portable-15-pouces-asus-tres-bien-equipe\/"},"modified":"2020-06-24T19:30:34","modified_gmt":"2020-06-24T19:30:34","slug":"economisez-500-euros-sur-ce-pc-portable-15-pouces-asus-tres-bien-equipe","status":"publish","type":"post","link":"http:\/\/www.affinite.fr\/index.php\/2020\/06\/24\/economisez-500-euros-sur-ce-pc-portable-15-pouces-asus-tres-bien-equipe\/","title":{"rendered":"\u00e9conomisez 500 euros sur ce PC portable 15 pouces Asus tr\u00e8s bien \u00e9quip\u00e9"},"content":{"rendered":"<p> [ad_1]<br \/>\n<br \/><img decoding=\"async\" src=\"https:\/\/img.bfmtv.com\/i\/0\/0\/e13\/4c850300c781f7d923fdfb6461b8c.jpg\" \/><\/p>\n<div itemprop=\"articleBody\">\n<p>Le PC portable 15 pouces Asus ZenBook UX534FT-A8194T est un mod\u00e8le l\u00e9ger (1,67 kg), mais aussi tr\u00e8s puissant. La Fnac le vend actuellement pour\u00a0<a href=\"https:\/\/www.awin1.com\/cread.php?awinmid=12665&amp;awinaffid=304019&amp;clickref=articleconso20&amp;p=https:\/\/www.fnac.com\/PC-Portable-Asus-UX534FT-A8194T-15-6-Intel-Core-i7-16-Go-RAM-512-Go-SSD-Bleu-royal\/a14620940\/w-4\" target=\"_blank\" rel=\"noopener noreferrer\">1319,99 euros au lieu de 1829,99 euros<\/a>.<\/p>\n<p>Il b\u00e9n\u00e9ficie d&rsquo;un processeur\u00a0Intel Core i7 10510U \u00e0 1,8 GHz, de 16 Go de RAM et d&rsquo;un SSD de 512 Go. L&rsquo;affichage est g\u00e9r\u00e9 par une carte graphique\u00a0Nvidia\u00a0GeForce GTX 1650 Max Q avec 4 Go de m\u00e9moire d\u00e9di\u00e9e. De quoi pouvoir jouer raisonnablement sur l&rsquo;\u00e9cran 15,6 pouces IPS Full HD. Enfin, le pav\u00e9 tactile peut se transformer en <a href=\"https:\/\/www.01net.com\/tests\/test-asus-zenbook-13-ux333f-un-bijou-d-ultraportable-sous-la-barre-des-1000-euros-6122.html\" target=\"_blank\" rel=\"noopener noreferrer\">petit \u00e9cran secondaire<\/a>.<\/p>\n<p><a href=\"https:\/\/www.awin1.com\/cread.php?awinmid=12665&amp;awinaffid=304019&amp;clickref=articleconso20&amp;p=https:\/\/www.fnac.com\/PC-Portable-Asus-UX534FT-A8194T-15-6-Intel-Core-i7-16-Go-RAM-512-Go-SSD-Bleu-royal\/a14620940\/w-4\" target=\"_blank\" rel=\"noopener noreferrer\">Retrouvez ici cette offre de la Fnac.<\/a><\/p>\n<aside class=\"bg-color-0 padding-inside-all-s bloc border-s\">\n<h4 class=\"box-txt-normal\">\n<p><strong>A d\u00e9couvrir aussi en vid\u00e9o :<\/strong><\/p>\n<\/h4>\n<\/aside>\n<p>Les promotions mentionn\u00e9es dans cet article peuvent \u00eatre \u00e9ph\u00e9m\u00e8res et ne plus \u00eatre valables apr\u00e8s la date de parution de l\u2019article.<\/p>\n<p><a href=\"https:\/\/www.01net.com\/bons-plans\/\">Retrouvez tous les bons plans high-tech s\u00e9lectionn\u00e9s par 01net.com sur notre page d\u00e9di\u00e9e.<\/a><\/p>\n<p><em>Cet article est une s\u00e9lection r\u00e9alis\u00e9e par l\u2019\u00e9quipe de 01net.com, en toute ind\u00e9pendance. Il est toutefois possible que ce contenu propose un lien d\u2019affiliation. Si vous cliquez sur ce lien, l\u2019e-commer\u00e7ant peut nous reverser une commission. Pour vous, rien ne change !<\/em><\/p><\/div>\n<p><script>\n         !function(f,b,e,v,n,t,s){if(f.fbq)return;n=f.fbq=function()\n         {n.callMethod? n.callMethod.apply(n,arguments):n.queue.push(arguments)}\n         ;if(!f._fbq)f._fbq=n;\n             n.push=n;n.loaded=!0;n.version='2.0';n.queue=[];t=b.createElement(e);t.async=!0;\n             t.src=v;s=b.getElementsByTagName(e)[0];s.parentNode.insertBefore(t,s)}(window,\n                 document,'script','https:\/\/connect.facebook.net\/en_US\/fbevents.js');\n         fbq('init', '1065890633454496');\n         fbq('track', 'PageView');\n     <\/script><br \/>\n<br \/>[ad_2]<br \/>\n<br \/><a href=\"https:\/\/www.01net.com\/actualites\/bon-plan-fnac-economisez-500-euros-sur-ce-pc-portable-15-pouces-asus-tres-bien-equipe-1937813.html\">Source link <\/a><\/p>\n","protected":false},"excerpt":{"rendered":"<p>[ad_1] Le PC portable 15 pouces Asus ZenBook UX534FT-A8194T est un mod\u00e8le l\u00e9ger (1,67 kg), mais aussi tr\u00e8s puissant. La &hellip; <a href=\"http:\/\/www.affinite.fr\/index.php\/2020\/06\/24\/economisez-500-euros-sur-ce-pc-portable-15-pouces-asus-tres-bien-equipe\/\" class=\"more-link\">Plus <span class=\"screen-reader-text\">\u00e9conomisez 500 euros sur ce PC portable 15 pouces Asus tr\u00e8s bien \u00e9quip\u00e9<\/span> <span class=\"meta-nav\">&rarr;<\/span><\/a><\/p>\n","protected":false},"author":1,"featured_media":4423,"comment_status":"open","ping_status":"open","sticky":false,"template":"","format":"standard","meta":{"_sitemap_exclude":false,"_sitemap_priority":"","_sitemap_frequency":"","footnotes":""},"categories":[1],"tags":[],"class_list":["post-4422","post","type-post","status-publish","format-standard","has-post-thumbnail","hentry","category-tous"],"_links":{"self":[{"href":"http:\/\/www.affinite.fr\/index.php\/wp-json\/wp\/v2\/posts\/4422"}],"collection":[{"href":"http:\/\/www.affinite.fr\/index.php\/wp-json\/wp\/v2\/posts"}],"about":[{"href":"http:\/\/www.affinite.fr\/index.php\/wp-json\/wp\/v2\/types\/post"}],"author":[{"embeddable":true,"href":"http:\/\/www.affinite.fr\/index.php\/wp-json\/wp\/v2\/users\/1"}],"replies":[{"embeddable":true,"href":"http:\/\/www.affinite.fr\/index.php\/wp-json\/wp\/v2\/comments?post=4422"}],"version-history":[{"count":0,"href":"http:\/\/www.affinite.fr\/index.php\/wp-json\/wp\/v2\/posts\/4422\/revisions"}],"wp:featuredmedia":[{"embeddable":true,"href":"http:\/\/www.affinite.fr\/index.php\/wp-json\/wp\/v2\/media\/4423"}],"wp:attachment":[{"href":"http:\/\/www.affinite.fr\/index.php\/wp-json\/wp\/v2\/media?parent=4422"}],"wp:term":[{"taxonomy":"category","embeddable":true,"href":"http:\/\/www.affinite.fr\/index.php\/wp-json\/wp\/v2\/categories?post=4422"},{"taxonomy":"post_tag","embeddable":true,"href":"http:\/\/www.affinite.fr\/index.php\/wp-json\/wp\/v2\/tags?post=4422"}],"curies":[{"name":"wp","href":"https:\/\/api.w.org\/{rel}","templated":true}]}}